{"id":24156,"date":"2019-09-30T19:45:07","date_gmt":"2019-09-30T23:45:07","guid":{"rendered":"http:\/\/blogdalucianaoliveira.com.br\/blog\/?p=24156"},"modified":"2019-09-30T19:45:07","modified_gmt":"2019-09-30T23:45:07","slug":"minha-entrevista-a-radio-france-internationale-rfi","status":"publish","type":"post","link":"http:\/\/blogdalucianaoliveira.com.br\/blog\/2019\/09\/30\/minha-entrevista-a-radio-france-internationale-rfi\/","title":{"rendered":"Minha entrevista \u00e0 Radio France Internationale, RFI"},"content":{"rendered":"<p><img data-recalc-dims=\"1\" loading=\"lazy\" decoding=\"async\" data-attachment-id=\"24157\" data-permalink=\"http:\/\/blogdalucianaoliveira.com.br\/blog\/2019\/09\/30\/minha-entrevista-a-radio-france-internationale-rfi\/3ce7fcb9-04d2-4c9e-938c-88415bb7588b\/\" data-orig-file=\"https:\/\/i0.wp.com\/blogdalucianaoliveira.com.br\/blog\/wp-content\/uploads\/2019\/09\/3CE7FCB9-04D2-4C9E-938C-88415BB7588B.jpeg?fit=750%2C728\" data-orig-size=\"750,728\" data-comments-opened=\"0\" data-image-meta=\"{&quot;aperture&quot;:&quot;0&quot;,&quot;credit&quot;:&quot;&quot;,&quot;camera&quot;:&quot;&quot;,&quot;caption&quot;:&quot;&quot;,&quot;created_timestamp&quot;:&quot;0&quot;,&quot;copyright&quot;:&quot;&quot;,&quot;focal_length&quot;:&quot;0&quot;,&quot;iso&quot;:&quot;0&quot;,&quot;shutter_speed&quot;:&quot;0&quot;,&quot;title&quot;:&quot;&quot;,&quot;orientation&quot;:&quot;1&quot;}\" data-image-title=\"3CE7FCB9-04D2-4C9E-938C-88415BB7588B\" data-image-description=\"\" data-image-caption=\"\" data-medium-file=\"https:\/\/i0.wp.com\/blogdalucianaoliveira.com.br\/blog\/wp-content\/uploads\/2019\/09\/3CE7FCB9-04D2-4C9E-938C-88415BB7588B.jpeg?fit=300%2C291\" data-large-file=\"https:\/\/i0.wp.com\/blogdalucianaoliveira.com.br\/blog\/wp-content\/uploads\/2019\/09\/3CE7FCB9-04D2-4C9E-938C-88415BB7588B.jpeg?fit=600%2C582\" class=\"alignnone size-full wp-image-24157\" src=\"https:\/\/i0.wp.com\/blogdalucianaoliveira.com.br\/blog\/wp-content\/uploads\/2019\/09\/3CE7FCB9-04D2-4C9E-938C-88415BB7588B.jpeg?resize=600%2C582\" alt=\"3CE7FCB9-04D2-4C9E-938C-88415BB7588B\" width=\"600\" height=\"582\" srcset=\"https:\/\/i0.wp.com\/blogdalucianaoliveira.com.br\/blog\/wp-content\/uploads\/2019\/09\/3CE7FCB9-04D2-4C9E-938C-88415BB7588B.jpeg?w=750 750w, https:\/\/i0.wp.com\/blogdalucianaoliveira.com.br\/blog\/wp-content\/uploads\/2019\/09\/3CE7FCB9-04D2-4C9E-938C-88415BB7588B.jpeg?resize=300%2C291 300w, https:\/\/i0.wp.com\/blogdalucianaoliveira.com.br\/blog\/wp-content\/uploads\/2019\/09\/3CE7FCB9-04D2-4C9E-938C-88415BB7588B.jpeg?resize=309%2C300 309w\" sizes=\"auto, (max-width: 600px) 100vw, 600px\" \/><\/p>\n<p>\ud83c\udfa7 Ser\u00a0jornalista no #Brasil sempre foi especialmente perigoso para aquelas e aqueles que escolhem investigar a corrup\u00e7\u00e3o e a pol\u00edtica. Mas, desde a tomada de fun\u00e7\u00e3o de Jair Bolsonaro para a presid\u00eancia do Brasil em Janeiro passado, a situa\u00e7\u00e3o tornou-se ainda mais complicada para esta profiss\u00e3o&#8230;<\/p>\n<p>Escute:<\/p>\n<p><a href=\"http:\/\/telechargement.rfi.fr\/rfi\/francais\/audio\/modules\/actu\/201909\/CHR_DROITS_HOMME_28_09_BRESIL_La_liberte_d_expression_menacee_sous_le_9_28_2019-0.mp3\">http:\/\/telechargement.rfi.fr\/rfi\/francais\/audio\/modules\/actu\/201909\/CHR_DROITS_HOMME_28_09_BRESIL_La_liberte_d_expression_menacee_sous_le_9_28_2019-0.mp3<\/a><\/p>\n","protected":false},"excerpt":{"rendered":"<p>\ud83c\udfa7 Ser\u00a0jornalista no #Brasil sempre foi especialmente perigoso para aquelas e aqueles que escolhem investigar a corrup\u00e7\u00e3o e a pol\u00edtica. Mas, desde a tomada de fun\u00e7\u00e3o de Jair Bolsonaro para a presid\u00eancia do Brasil em Janeiro passado, a situa\u00e7\u00e3o tornou-se ainda mais complicada para esta profiss\u00e3o&#8230; Escute: http:\/\/telechargement.rfi.fr\/rfi\/francais\/audio\/modules\/actu\/201909\/CHR_DROITS_HOMME_28_09_BRESIL_La_liberte_d_expression_menacee_sous_le_9_28_2019-0.mp3<\/p>\n","protected":false},"author":1,"featured_media":0,"comment_status":"closed","ping_status":"open","sticky":false,"template":"","format":"standard","meta":{"_exactmetrics_skip_tracking":false,"_exactmetrics_sitenote_active":false,"_exactmetrics_sitenote_note":"","_exactmetrics_sitenote_category":0,"jetpack_post_was_ever_published":false,"_jetpack_newsletter_access":"","_jetpack_dont_email_post_to_subs":false,"_jetpack_newsletter_tier_id":0,"_jetpack_memberships_contains_paywalled_content":false,"_jetpack_memberships_contains_paid_content":false,"footnotes":"","jetpack_publicize_message":"","jetpack_publicize_feature_enabled":true,"jetpack_social_post_already_shared":true,"jetpack_social_options":{"image_generator_settings":{"template":"highway","enabled":false},"version":2}},"categories":[1],"tags":[],"class_list":["post-24156","post","type-post","status-publish","format-standard","hentry","category-notas"],"jetpack_publicize_connections":[],"jetpack_sharing_enabled":true,"jetpack_featured_media_url":"","jetpack_shortlink":"https:\/\/wp.me\/p7wKYW-6hC","jetpack-related-posts":[],"_links":{"self":[{"href":"http:\/\/blogdalucianaoliveira.com.br\/blog\/wp-json\/wp\/v2\/posts\/24156","targetHints":{"allow":["GET"]}}],"collection":[{"href":"http:\/\/blogdalucianaoliveira.com.br\/blog\/wp-json\/wp\/v2\/posts"}],"about":[{"href":"http:\/\/blogdalucianaoliveira.com.br\/blog\/wp-json\/wp\/v2\/types\/post"}],"author":[{"embeddable":true,"href":"http:\/\/blogdalucianaoliveira.com.br\/blog\/wp-json\/wp\/v2\/users\/1"}],"replies":[{"embeddable":true,"href":"http:\/\/blogdalucianaoliveira.com.br\/blog\/wp-json\/wp\/v2\/comments?post=24156"}],"version-history":[{"count":1,"href":"http:\/\/blogdalucianaoliveira.com.br\/blog\/wp-json\/wp\/v2\/posts\/24156\/revisions"}],"predecessor-version":[{"id":24158,"href":"http:\/\/blogdalucianaoliveira.com.br\/blog\/wp-json\/wp\/v2\/posts\/24156\/revisions\/24158"}],"wp:attachment":[{"href":"http:\/\/blogdalucianaoliveira.com.br\/blog\/wp-json\/wp\/v2\/media?parent=24156"}],"wp:term":[{"taxonomy":"category","embeddable":true,"href":"http:\/\/blogdalucianaoliveira.com.br\/blog\/wp-json\/wp\/v2\/categories?post=24156"},{"taxonomy":"post_tag","embeddable":true,"href":"http:\/\/blogdalucianaoliveira.com.br\/blog\/wp-json\/wp\/v2\/tags?post=24156"}],"curies":[{"name":"wp","href":"https:\/\/api.w.org\/{rel}","templated":true}]}}