{"id":24160,"date":"2019-10-01T08:07:50","date_gmt":"2019-10-01T12:07:50","guid":{"rendered":"http:\/\/blogdalucianaoliveira.com.br\/blog\/?p=24160"},"modified":"2019-10-01T08:07:50","modified_gmt":"2019-10-01T12:07:50","slug":"lula-livre","status":"publish","type":"post","link":"http:\/\/blogdalucianaoliveira.com.br\/blog\/2019\/10\/01\/lula-livre\/","title":{"rendered":"Lula livre?"},"content":{"rendered":"<p><img data-recalc-dims=\"1\" loading=\"lazy\" decoding=\"async\" data-attachment-id=\"24161\" data-permalink=\"http:\/\/blogdalucianaoliveira.com.br\/blog\/2019\/10\/01\/lula-livre\/e087d268-2c98-4f00-abbb-d9fcfd3c0f37\/\" data-orig-file=\"https:\/\/i0.wp.com\/blogdalucianaoliveira.com.br\/blog\/wp-content\/uploads\/2019\/10\/E087D268-2C98-4F00-ABBB-D9FCFD3C0F37.jpeg?fit=750%2C456\" data-orig-size=\"750,456\" data-comments-opened=\"0\" data-image-meta=\"{&quot;aperture&quot;:&quot;0&quot;,&quot;credit&quot;:&quot;&quot;,&quot;camera&quot;:&quot;&quot;,&quot;caption&quot;:&quot;&quot;,&quot;created_timestamp&quot;:&quot;0&quot;,&quot;copyright&quot;:&quot;&quot;,&quot;focal_length&quot;:&quot;0&quot;,&quot;iso&quot;:&quot;0&quot;,&quot;shutter_speed&quot;:&quot;0&quot;,&quot;title&quot;:&quot;&quot;,&quot;orientation&quot;:&quot;0&quot;}\" data-image-title=\"E087D268-2C98-4F00-ABBB-D9FCFD3C0F37\" data-image-description=\"\" data-image-caption=\"\" data-medium-file=\"https:\/\/i0.wp.com\/blogdalucianaoliveira.com.br\/blog\/wp-content\/uploads\/2019\/10\/E087D268-2C98-4F00-ABBB-D9FCFD3C0F37.jpeg?fit=300%2C182\" data-large-file=\"https:\/\/i0.wp.com\/blogdalucianaoliveira.com.br\/blog\/wp-content\/uploads\/2019\/10\/E087D268-2C98-4F00-ABBB-D9FCFD3C0F37.jpeg?fit=600%2C365\" src=\"https:\/\/i0.wp.com\/blogdalucianaoliveira.com.br\/blog\/wp-content\/uploads\/2019\/10\/E087D268-2C98-4F00-ABBB-D9FCFD3C0F37.jpeg?resize=600%2C365\" alt=\"E087D268-2C98-4F00-ABBB-D9FCFD3C0F37\" width=\"600\" height=\"365\" class=\"alignnone size-full wp-image-24161\" srcset=\"https:\/\/i0.wp.com\/blogdalucianaoliveira.com.br\/blog\/wp-content\/uploads\/2019\/10\/E087D268-2C98-4F00-ABBB-D9FCFD3C0F37.jpeg?w=750 750w, https:\/\/i0.wp.com\/blogdalucianaoliveira.com.br\/blog\/wp-content\/uploads\/2019\/10\/E087D268-2C98-4F00-ABBB-D9FCFD3C0F37.jpeg?resize=300%2C182 300w, https:\/\/i0.wp.com\/blogdalucianaoliveira.com.br\/blog\/wp-content\/uploads\/2019\/10\/E087D268-2C98-4F00-ABBB-D9FCFD3C0F37.jpeg?resize=493%2C300 493w\" sizes=\"auto, (max-width: 600px) 100vw, 600px\" \/><\/p>\n<p>Reconhe\u00e7a-se a grandeza de se recusar a ser solto.<\/p>\n<p>Na Folha<br \/>\nJuca Kfouri<\/p>\n<p>Se eu fosse filho de Lula, irm\u00e3o dele, seu neto, bisneto, pai, m\u00e3e, mulher ou namorada, eu gostaria de v\u00ea-lo livre nas condi\u00e7\u00f5es que lhe oferecem. Se fosse amigo de Lula, tamb\u00e9m. Tanto quanto se lulista fosse. A namorada, diga-se, discorda.<\/p>\n<p>Como n\u00e3o sou nenhuma das alternativas anteriores, e n\u00e3o sei o que \u00e9 melhor para ele, deixo aqui apenas o testemunho de quem gosta de Lula. H\u00e1, na imprensa, quem chame de sala VIP o cub\u00edculo em que ele est\u00e1 preso h\u00e1 quase um ano e meio. Estive l\u00e1 e posso garantir: enlouqueceria em tr\u00eas meses no espa\u00e7o claustrof\u00f3bico em que se encontra.<\/p>\n<p>Esses comunicadores veem raz\u00f5es menores em sua recusa de sair do c\u00e1rcere, como se porque logo mais ter\u00e1 de voltar em nova condena\u00e7\u00e3o.<\/p>\n<p>Lula estaria apenas jogando para a torcida, segundo dizem crer. Incapazes de reconhecer a grandeza do gesto de algu\u00e9m que, por indigna\u00e7\u00e3o, por se considerar injusti\u00e7ado, diz que n\u00e3o \u00e9 pombo-correio para usar tornozeleira eletr\u00f4nica e se recusa a ser solto a n\u00e3o ser inocentado.<\/p>\n<p>Neste pa\u00eds de Silv\u00e9rios e Paloccis, a cafajestagem tem espa\u00e7o na m\u00eddia para gente t\u00e3o pequena, incapaz de aceitar o tamanho do advers\u00e1rio. A hist\u00f3ria ser\u00e1 correta com tais formadores de opini\u00e3o. Basta olhar para tr\u00e1s e ver como est\u00e1 nela o advogado Sobral Pinto, que, apesar de ser cat\u00f3lico fervoroso a ponto de ir \u00e0 missa diariamente, defendeu o l\u00edder comunista Lu\u00eds Carlos Prestes.<\/p>\n<p>E nem se trata de exigir generosidade de quem quer que seja, apenas car\u00e1ter. Car\u00e1ter para n\u00e3o ser covarde ao xingar algu\u00e9m que est\u00e1 preso, li\u00e7\u00e3o ensinada pelo jornalista Jo\u00e3o Saldanha quando o bicheiro Castor de Andrade foi para a pris\u00e3o, tempos depois de ter invadido seu programa na televis\u00e3o e amea\u00e7ado mat\u00e1-lo. Provocado por colega da mesa de debates para criticar Castor, Saldanha respondeu que n\u00e3o falaria de quem n\u00e3o poderia se defender.<\/p>\n<p>Vivemos tempos t\u00e3o sombrios que h\u00e1 quem ofenda a colossal Fernanda Montenegro ou quem cogite n\u00e3o assinar o Pr\u00eamio Cam\u00f5es para Chico Buarque de Hollanda \u2014embora ele deva preferir o diploma s\u00f3 com a assinatura do presidente portugu\u00eas.<\/p>\n<p>Esses t\u00eam a mesma forma\u00e7\u00e3o dos que se dirigem a Lula como \u201co presidi\u00e1rio\u201d, como provavelmente fariam em rela\u00e7\u00e3o a Nelson Mandela se fossem jornalistas na \u00c1frica do Sul em busca das benesses dos que o encarceraram. N\u00e3o, n\u00e3o h\u00e1 compara\u00e7\u00e3o entre Mandela e Lula, s\u00f3 o registro de comportamentos abjetos, t\u00edpicos da falta de espinha dorsal.<\/p>\n<p>Nada impede que amanh\u00e3 Lula resolva ceder aos apelos dos seus, e nem por isso daqui ser\u00e1 retirada uma linha sequer. Porque n\u00e3o se deve exigir hero\u00edsmo com pesco\u00e7o alheio, e ningu\u00e9m melhor que ele para saber o que fazer com o seu.<\/p>\n<p>A pretens\u00e3o destas linhas se limita a refor\u00e7ar o direito \u00e0 d\u00favida sobre a justi\u00e7a da senten\u00e7a, dada a rea\u00e7\u00e3o do sentenciado e, mais, reconhecer a raridade do gesto, algo jamais visto no Brasil, qui\u00e7\u00e1 no mundo.<\/p>\n<p>Discordo, mas aceito tranquilamente as opini\u00f5es dos que o tem como culpado e querem v\u00ea-lo morrer na pris\u00e3o \u2014e na pris\u00e3o comum.<\/p>\n<p>Entendo os que, intoxicados pela parcialidade, elevaram ju\u00edzes e procuradores a santos, mesmo que n\u00e3o passem do que as conversas publicadas pelo Intercept Brasil revelam.<\/p>\n<p>Repilo a falta de car\u00e1ter, a linguagem chula e a desonestidade dos que sabem como a carapu\u00e7a lhes cabe.<\/p>\n<p>E termino como Sobral Pinto, pedindo a eles a Lei de Prote\u00e7\u00e3o aos Animais. Com todo o respeito.<\/p>\n<p>Juca Kfouri<br \/>\nJornalista, colunista da Folha e autor de &#8216;Confesso que Perdi&#8217;; \u00e9 formado em ci\u00eancias sociais pela USP<\/p>\n","protected":false},"excerpt":{"rendered":"<p>Reconhe\u00e7a-se a grandeza de se recusar a ser solto. Na Folha Juca Kfouri Se eu fosse filho de Lula, irm\u00e3o dele, seu neto, bisneto, pai, m\u00e3e, mulher ou namorada, eu gostaria de v\u00ea-lo livre nas condi\u00e7\u00f5es que lhe oferecem. Se fosse amigo de Lula, tamb\u00e9m. Tanto quanto se lulista fosse. A namorada, diga-se, discorda. Como&#8230;<a class=\"more-link\" href=\"http:\/\/blogdalucianaoliveira.com.br\/blog\/2019\/10\/01\/lula-livre\/\">Continue a leitura <span class=\"meta-nav\">&raquo;<\/span><\/a><\/p>\n","protected":false},"author":1,"featured_media":0,"comment_status":"closed","ping_status":"open","sticky":false,"template":"","format":"standard","meta":{"_exactmetrics_skip_tracking":false,"_exactmetrics_sitenote_active":false,"_exactmetrics_sitenote_note":"","_exactmetrics_sitenote_category":0,"jetpack_post_was_ever_published":false,"_jetpack_newsletter_access":"","_jetpack_dont_email_post_to_subs":false,"_jetpack_newsletter_tier_id":0,"_jetpack_memberships_contains_paywalled_content":false,"_jetpack_memberships_contains_paid_content":false,"footnotes":"","jetpack_publicize_message":"","jetpack_publicize_feature_enabled":true,"jetpack_social_post_already_shared":true,"jetpack_social_options":{"image_generator_settings":{"template":"highway","enabled":false},"version":2}},"categories":[1],"tags":[],"class_list":["post-24160","post","type-post","status-publish","format-standard","hentry","category-notas"],"jetpack_publicize_connections":[],"jetpack_sharing_enabled":true,"jetpack_featured_media_url":"","jetpack_shortlink":"https:\/\/wp.me\/p7wKYW-6hG","jetpack-related-posts":[],"_links":{"self":[{"href":"http:\/\/blogdalucianaoliveira.com.br\/blog\/wp-json\/wp\/v2\/posts\/24160","targetHints":{"allow":["GET"]}}],"collection":[{"href":"http:\/\/blogdalucianaoliveira.com.br\/blog\/wp-json\/wp\/v2\/posts"}],"about":[{"href":"http:\/\/blogdalucianaoliveira.com.br\/blog\/wp-json\/wp\/v2\/types\/post"}],"author":[{"embeddable":true,"href":"http:\/\/blogdalucianaoliveira.com.br\/blog\/wp-json\/wp\/v2\/users\/1"}],"replies":[{"embeddable":true,"href":"http:\/\/blogdalucianaoliveira.com.br\/blog\/wp-json\/wp\/v2\/comments?post=24160"}],"version-history":[{"count":1,"href":"http:\/\/blogdalucianaoliveira.com.br\/blog\/wp-json\/wp\/v2\/posts\/24160\/revisions"}],"predecessor-version":[{"id":24162,"href":"http:\/\/blogdalucianaoliveira.com.br\/blog\/wp-json\/wp\/v2\/posts\/24160\/revisions\/24162"}],"wp:attachment":[{"href":"http:\/\/blogdalucianaoliveira.com.br\/blog\/wp-json\/wp\/v2\/media?parent=24160"}],"wp:term":[{"taxonomy":"category","embeddable":true,"href":"http:\/\/blogdalucianaoliveira.com.br\/blog\/wp-json\/wp\/v2\/categories?post=24160"},{"taxonomy":"post_tag","embeddable":true,"href":"http:\/\/blogdalucianaoliveira.com.br\/blog\/wp-json\/wp\/v2\/tags?post=24160"}],"curies":[{"name":"wp","href":"https:\/\/api.w.org\/{rel}","templated":true}]}}