{"id":24163,"date":"2019-10-01T08:16:42","date_gmt":"2019-10-01T12:16:42","guid":{"rendered":"http:\/\/blogdalucianaoliveira.com.br\/blog\/?p=24163"},"modified":"2019-10-01T08:16:42","modified_gmt":"2019-10-01T12:16:42","slug":"advogada-critica-ministra-rosa-weber-apos-cliente-morrer-a-espera-de-julgamento","status":"publish","type":"post","link":"http:\/\/blogdalucianaoliveira.com.br\/blog\/2019\/10\/01\/advogada-critica-ministra-rosa-weber-apos-cliente-morrer-a-espera-de-julgamento\/","title":{"rendered":"Advogada critica ministra Rosa Weber ap\u00f3s cliente morrer \u00e0 espera de julgamento"},"content":{"rendered":"<p><img data-recalc-dims=\"1\" loading=\"lazy\" decoding=\"async\" data-attachment-id=\"24164\" data-permalink=\"http:\/\/blogdalucianaoliveira.com.br\/blog\/2019\/10\/01\/advogada-critica-ministra-rosa-weber-apos-cliente-morrer-a-espera-de-julgamento\/1a43575c-c74a-404d-903c-7781555c857d\/\" data-orig-file=\"https:\/\/i0.wp.com\/blogdalucianaoliveira.com.br\/blog\/wp-content\/uploads\/2019\/10\/1A43575C-C74A-404D-903C-7781555C857D.jpeg?fit=825%2C464\" data-orig-size=\"825,464\" data-comments-opened=\"0\" data-image-meta=\"{&quot;aperture&quot;:&quot;0&quot;,&quot;credit&quot;:&quot;&quot;,&quot;camera&quot;:&quot;&quot;,&quot;caption&quot;:&quot;&quot;,&quot;created_timestamp&quot;:&quot;0&quot;,&quot;copyright&quot;:&quot;&quot;,&quot;focal_length&quot;:&quot;0&quot;,&quot;iso&quot;:&quot;0&quot;,&quot;shutter_speed&quot;:&quot;0&quot;,&quot;title&quot;:&quot;&quot;,&quot;orientation&quot;:&quot;0&quot;}\" data-image-title=\"1A43575C-C74A-404D-903C-7781555C857D\" data-image-description=\"\" data-image-caption=\"\" data-medium-file=\"https:\/\/i0.wp.com\/blogdalucianaoliveira.com.br\/blog\/wp-content\/uploads\/2019\/10\/1A43575C-C74A-404D-903C-7781555C857D.jpeg?fit=300%2C169\" data-large-file=\"https:\/\/i0.wp.com\/blogdalucianaoliveira.com.br\/blog\/wp-content\/uploads\/2019\/10\/1A43575C-C74A-404D-903C-7781555C857D.jpeg?fit=600%2C337\" src=\"https:\/\/i0.wp.com\/blogdalucianaoliveira.com.br\/blog\/wp-content\/uploads\/2019\/10\/1A43575C-C74A-404D-903C-7781555C857D.jpeg?resize=600%2C337\" alt=\"1A43575C-C74A-404D-903C-7781555C857D\" width=\"600\" height=\"337\" class=\"alignnone size-full wp-image-24164\" srcset=\"https:\/\/i0.wp.com\/blogdalucianaoliveira.com.br\/blog\/wp-content\/uploads\/2019\/10\/1A43575C-C74A-404D-903C-7781555C857D.jpeg?w=825 825w, https:\/\/i0.wp.com\/blogdalucianaoliveira.com.br\/blog\/wp-content\/uploads\/2019\/10\/1A43575C-C74A-404D-903C-7781555C857D.jpeg?resize=300%2C169 300w, https:\/\/i0.wp.com\/blogdalucianaoliveira.com.br\/blog\/wp-content\/uploads\/2019\/10\/1A43575C-C74A-404D-903C-7781555C857D.jpeg?resize=768%2C432 768w, https:\/\/i0.wp.com\/blogdalucianaoliveira.com.br\/blog\/wp-content\/uploads\/2019\/10\/1A43575C-C74A-404D-903C-7781555C857D.jpeg?resize=533%2C300 533w\" sizes=\"auto, (max-width: 600px) 100vw, 600px\" \/><\/p>\n<p>\u201cas pompas f\u00fanebres foram singelas, sem as lagostas e os vinhos finos que os nossos impostos suportam&#8221;.<!--more--><\/p>\n<p>Na Gazeta do Povo<\/p>\n<p>Uma advogada do Rio Grande do Sul mandou uma carta \u00e0 ministra do Supremo Tribunal Federal (STF), Rosa Weber. No texto, ela informa que seu cliente \u2013 um homem de 80 anos, que aguardava julgamento da Corte h\u00e1 11 anos \u2013 morreu no \u00faltimo dia 16, em Pelotas.<\/p>\n<p>\u201cParab\u00e9ns, ministra, pela demora!\u201d, escreveu L\u00edlian Velleda Soares. Segundo o Estad\u00e3o, Celmar Lopes Falc\u00e3o era parte de um processo na 2\u00aa Vara Federal de Rio Grande (RS) que tinha como objetivo o reajuste de 28,86% no benef\u00edcio dele, que teria sido concedido administrativamente pelo Poder Judici\u00e1rio, em 1999.<\/p>\n<p>No documento, a advogada afirma, ainda, que Rosa Weber \u201cencarna o desprezo pelo outro\u201d e que \u201cinformamos tamb\u00e9m que as pombas f\u00fanebres foram singelas, sem as lagostas e os vinhos finos que os nossos impostos suportam\u201d.<\/p>\n<p><img data-recalc-dims=\"1\" loading=\"lazy\" decoding=\"async\" data-attachment-id=\"24165\" data-permalink=\"http:\/\/blogdalucianaoliveira.com.br\/blog\/2019\/10\/01\/advogada-critica-ministra-rosa-weber-apos-cliente-morrer-a-espera-de-julgamento\/49dfbe94-6312-4ff5-bbf4-38b27ccd2226\/\" data-orig-file=\"https:\/\/i0.wp.com\/blogdalucianaoliveira.com.br\/blog\/wp-content\/uploads\/2019\/10\/49DFBE94-6312-4FF5-BBF4-38B27CCD2226.jpeg?fit=750%2C704\" data-orig-size=\"750,704\" data-comments-opened=\"0\" data-image-meta=\"{&quot;aperture&quot;:&quot;0&quot;,&quot;credit&quot;:&quot;&quot;,&quot;camera&quot;:&quot;&quot;,&quot;caption&quot;:&quot;&quot;,&quot;created_timestamp&quot;:&quot;0&quot;,&quot;copyright&quot;:&quot;&quot;,&quot;focal_length&quot;:&quot;0&quot;,&quot;iso&quot;:&quot;0&quot;,&quot;shutter_speed&quot;:&quot;0&quot;,&quot;title&quot;:&quot;&quot;,&quot;orientation&quot;:&quot;0&quot;}\" data-image-title=\"49DFBE94-6312-4FF5-BBF4-38B27CCD2226\" data-image-description=\"\" data-image-caption=\"\" data-medium-file=\"https:\/\/i0.wp.com\/blogdalucianaoliveira.com.br\/blog\/wp-content\/uploads\/2019\/10\/49DFBE94-6312-4FF5-BBF4-38B27CCD2226.jpeg?fit=300%2C282\" data-large-file=\"https:\/\/i0.wp.com\/blogdalucianaoliveira.com.br\/blog\/wp-content\/uploads\/2019\/10\/49DFBE94-6312-4FF5-BBF4-38B27CCD2226.jpeg?fit=600%2C563\" src=\"https:\/\/i0.wp.com\/blogdalucianaoliveira.com.br\/blog\/wp-content\/uploads\/2019\/10\/49DFBE94-6312-4FF5-BBF4-38B27CCD2226.jpeg?resize=600%2C563\" alt=\"49DFBE94-6312-4FF5-BBF4-38B27CCD2226\" width=\"600\" height=\"563\" class=\"alignnone size-full wp-image-24165\" srcset=\"https:\/\/i0.wp.com\/blogdalucianaoliveira.com.br\/blog\/wp-content\/uploads\/2019\/10\/49DFBE94-6312-4FF5-BBF4-38B27CCD2226.jpeg?w=750 750w, https:\/\/i0.wp.com\/blogdalucianaoliveira.com.br\/blog\/wp-content\/uploads\/2019\/10\/49DFBE94-6312-4FF5-BBF4-38B27CCD2226.jpeg?resize=300%2C282 300w, https:\/\/i0.wp.com\/blogdalucianaoliveira.com.br\/blog\/wp-content\/uploads\/2019\/10\/49DFBE94-6312-4FF5-BBF4-38B27CCD2226.jpeg?resize=320%2C300 320w\" sizes=\"auto, (max-width: 600px) 100vw, 600px\" \/><\/p>\n","protected":false},"excerpt":{"rendered":"<p>\u201cas pompas f\u00fanebres foram singelas, sem as lagostas e os vinhos finos que os nossos impostos suportam&#8221;.<\/p>\n","protected":false},"author":1,"featured_media":0,"comment_status":"closed","ping_status":"open","sticky":false,"template":"","format":"standard","meta":{"_exactmetrics_skip_tracking":false,"_exactmetrics_sitenote_active":false,"_exactmetrics_sitenote_note":"","_exactmetrics_sitenote_category":0,"jetpack_post_was_ever_published":false,"_jetpack_newsletter_access":"","_jetpack_dont_email_post_to_subs":false,"_jetpack_newsletter_tier_id":0,"_jetpack_memberships_contains_paywalled_content":false,"_jetpack_memberships_contains_paid_content":false,"footnotes":"","jetpack_publicize_message":"","jetpack_publicize_feature_enabled":true,"jetpack_social_post_already_shared":true,"jetpack_social_options":{"image_generator_settings":{"template":"highway","enabled":false},"version":2}},"categories":[1],"tags":[],"class_list":["post-24163","post","type-post","status-publish","format-standard","hentry","category-notas"],"jetpack_publicize_connections":[],"jetpack_sharing_enabled":true,"jetpack_featured_media_url":"","jetpack_shortlink":"https:\/\/wp.me\/p7wKYW-6hJ","jetpack-related-posts":[],"_links":{"self":[{"href":"http:\/\/blogdalucianaoliveira.com.br\/blog\/wp-json\/wp\/v2\/posts\/24163","targetHints":{"allow":["GET"]}}],"collection":[{"href":"http:\/\/blogdalucianaoliveira.com.br\/blog\/wp-json\/wp\/v2\/posts"}],"about":[{"href":"http:\/\/blogdalucianaoliveira.com.br\/blog\/wp-json\/wp\/v2\/types\/post"}],"author":[{"embeddable":true,"href":"http:\/\/blogdalucianaoliveira.com.br\/blog\/wp-json\/wp\/v2\/users\/1"}],"replies":[{"embeddable":true,"href":"http:\/\/blogdalucianaoliveira.com.br\/blog\/wp-json\/wp\/v2\/comments?post=24163"}],"version-history":[{"count":1,"href":"http:\/\/blogdalucianaoliveira.com.br\/blog\/wp-json\/wp\/v2\/posts\/24163\/revisions"}],"predecessor-version":[{"id":24166,"href":"http:\/\/blogdalucianaoliveira.com.br\/blog\/wp-json\/wp\/v2\/posts\/24163\/revisions\/24166"}],"wp:attachment":[{"href":"http:\/\/blogdalucianaoliveira.com.br\/blog\/wp-json\/wp\/v2\/media?parent=24163"}],"wp:term":[{"taxonomy":"category","embeddable":true,"href":"http:\/\/blogdalucianaoliveira.com.br\/blog\/wp-json\/wp\/v2\/categories?post=24163"},{"taxonomy":"post_tag","embeddable":true,"href":"http:\/\/blogdalucianaoliveira.com.br\/blog\/wp-json\/wp\/v2\/tags?post=24163"}],"curies":[{"name":"wp","href":"https:\/\/api.w.org\/{rel}","templated":true}]}}