{"id":24167,"date":"2019-10-01T10:14:34","date_gmt":"2019-10-01T14:14:34","guid":{"rendered":"http:\/\/blogdalucianaoliveira.com.br\/blog\/?p=24167"},"modified":"2019-10-01T10:14:34","modified_gmt":"2019-10-01T14:14:34","slug":"deputado-do-psl-quer-obrigar-teste-de-drogas-em-professores","status":"publish","type":"post","link":"http:\/\/blogdalucianaoliveira.com.br\/blog\/2019\/10\/01\/deputado-do-psl-quer-obrigar-teste-de-drogas-em-professores\/","title":{"rendered":"Deputado do PSL quer obrigar teste de drogas em professores"},"content":{"rendered":"<p><img data-recalc-dims=\"1\" loading=\"lazy\" decoding=\"async\" data-attachment-id=\"24168\" data-permalink=\"http:\/\/blogdalucianaoliveira.com.br\/blog\/2019\/10\/01\/deputado-do-psl-quer-obrigar-teste-de-drogas-em-professores\/f8cfd2e5-bafb-4093-bd3d-c7206e5c288f\/\" data-orig-file=\"https:\/\/i0.wp.com\/blogdalucianaoliveira.com.br\/blog\/wp-content\/uploads\/2019\/10\/F8CFD2E5-BAFB-4093-BD3D-C7206E5C288F.png?fit=768%2C427\" data-orig-size=\"768,427\" data-comments-opened=\"0\" data-image-meta=\"{&quot;aperture&quot;:&quot;0&quot;,&quot;credit&quot;:&quot;&quot;,&quot;camera&quot;:&quot;&quot;,&quot;caption&quot;:&quot;&quot;,&quot;created_timestamp&quot;:&quot;0&quot;,&quot;copyright&quot;:&quot;&quot;,&quot;focal_length&quot;:&quot;0&quot;,&quot;iso&quot;:&quot;0&quot;,&quot;shutter_speed&quot;:&quot;0&quot;,&quot;title&quot;:&quot;&quot;,&quot;orientation&quot;:&quot;0&quot;}\" data-image-title=\"F8CFD2E5-BAFB-4093-BD3D-C7206E5C288F\" data-image-description=\"\" data-image-caption=\"\" data-medium-file=\"https:\/\/i0.wp.com\/blogdalucianaoliveira.com.br\/blog\/wp-content\/uploads\/2019\/10\/F8CFD2E5-BAFB-4093-BD3D-C7206E5C288F.png?fit=300%2C167\" data-large-file=\"https:\/\/i0.wp.com\/blogdalucianaoliveira.com.br\/blog\/wp-content\/uploads\/2019\/10\/F8CFD2E5-BAFB-4093-BD3D-C7206E5C288F.png?fit=600%2C334\" src=\"https:\/\/i0.wp.com\/blogdalucianaoliveira.com.br\/blog\/wp-content\/uploads\/2019\/10\/F8CFD2E5-BAFB-4093-BD3D-C7206E5C288F.png?resize=600%2C334\" alt=\"F8CFD2E5-BAFB-4093-BD3D-C7206E5C288F\" width=\"600\" height=\"334\" class=\"alignnone size-full wp-image-24168\" srcset=\"https:\/\/i0.wp.com\/blogdalucianaoliveira.com.br\/blog\/wp-content\/uploads\/2019\/10\/F8CFD2E5-BAFB-4093-BD3D-C7206E5C288F.png?w=768 768w, https:\/\/i0.wp.com\/blogdalucianaoliveira.com.br\/blog\/wp-content\/uploads\/2019\/10\/F8CFD2E5-BAFB-4093-BD3D-C7206E5C288F.png?resize=300%2C167 300w, https:\/\/i0.wp.com\/blogdalucianaoliveira.com.br\/blog\/wp-content\/uploads\/2019\/10\/F8CFD2E5-BAFB-4093-BD3D-C7206E5C288F.png?resize=540%2C300 540w\" sizes=\"auto, (max-width: 600px) 100vw, 600px\" \/><\/p>\n<p>Um deputado estadual do PSL quer obrigar todo professor do estado do Rio a testar uso de drogas a cada 90 dias. <!--more--><\/p>\n<p>No Blog Da Cidadania <\/p>\n<p>Alexandre Knoploch protocolou o projeto de lei na \u00faltima quarta-feira. O texto prev\u00ea docentes da rede p\u00fablica e privada dever\u00e3o passar por exame toxicol\u00f3gico \u201cespec\u00edfico para subst\u00e2ncias psicoativas il\u00edcitas que causem depend\u00eancia ou, comprovadamente, comprometam a capacidade intelectual e de racioc\u00ednio\u201d.<\/p>\n<p>Para passar a valer, o projeto ainda precisa passar pelas comiss\u00f5es da Alerj, ser aprovado pelos deputados e depois sancionado pelo governador. Opositores ainda consideram o texto inconstitucional.<\/p>\n<p>O projeto de lei ainda define que a Secretaria de Estado de Educa\u00e7\u00e3o dever\u00e1 concentrar o resultado dos exames, os tornando p\u00fablicos para consulta em seu s\u00edtio eletr\u00f4nico oficial. Al\u00e9m disso, \u201cos docentes cujo os exames apontarem o uso de entorpecentes e subst\u00e2ncias psicoativas ficar\u00e3o impedidos de lecionar at\u00e9 a realiza\u00e7\u00e3o de pr\u00f3ximo exame que ateste a aus\u00eancia destas mesmas subst\u00e2ncias\u201d.<\/p>\n<p>Os professores afastados na rede p\u00fablica teriam os sal\u00e1rios descontados. \u201cO docente da rede p\u00fablica de ensino que possuir quatro exames toxicol\u00f3gicos que apontem o uso de subst\u00e2ncias psicoativas il\u00edcitas ser\u00e1 exonerado\u201d, prev\u00ea o projeto de lei.<\/p>\n<p>\u2014 Essa lei traz uma l\u00f3gica moralista que tenta associar o profissional da educa\u00e7\u00e3o ao drogado, o que \u00e9 um verdadeiro absurdo. A gente v\u00ea isso como uma tentativa de desmoraliza\u00e7\u00e3o p\u00fablica dos profissionais da educa\u00e7\u00e3o. E o Sepe vai reagir a isso \u2014 afirmou Gustavo Miranda, coordenador-geral do Sindicado Estadual dos Profissionais da Educa\u00e7\u00e3o (Sepe) do Rio.<\/p>\n<p>J\u00e1 o deputado Fl\u00e1vio Serafini (Psol) apontou que a norma \u00e9 inconstitucional. Ainda segundo ele, a norma \u201cn\u00e3o tem qualquer sentido\u201d e \u201ctem o \u00fanico objetivo de criar pol\u00eamica para promover seu autor\u201d.<\/p>\n<p>\u2014 Por que professores e n\u00e3o deputados ou ju\u00edzes? \u00c9 inconstitucional, arbitr\u00e1rio e n\u00e3o acredito nem que v\u00e1 entrar em pauta. \u00c9 parte da agenda do partido que persegue professor \u2014 defende Serafini, que \u00e9 presidente da Comiss\u00e3o de Educa\u00e7\u00e3o da Alerj: \u2014 \u00c9 inconstitucional porque \u00e9 invasivo, prev\u00ea a obrigatoriedade das pessoas serem submetidas \u00e0 exames que podem n\u00e3o desejar realizar, imputando uma obriga\u00e7\u00e3o desvinculada de seu exerc\u00edcio profissional. O estado n\u00e3o consegue sequer remunerar os professores com um sal\u00e1rio decente e vai gastar milh\u00f5es com exames toxicol\u00f3gicos? Al\u00e9m de ferir a constitui\u00e7\u00e3o fere o regime de recupera\u00e7\u00e3o fiscal.<\/p>\n<p>Segundo Knoploch, ainda \u00e9 necess\u00e1rio di\u00e1logo para que a lei seja aperfei\u00e7oada pois \u201ctudo pode ser aperfei\u00e7oado na vida\u201d.<\/p>\n<p>\u2014 Aguardarei as sugest\u00f5es \u2014 diz o deputado, que defende o projeto: \u2014 O magist\u00e9rio \u00e9 important\u00edssimo para a sociedade e principalmente para as crian\u00e7as. Quem exerce precisa estar 100% \u00edntegro para passar seus conhecimentos que servir\u00e3o para toda a vida de nossas crian\u00e7as.<\/p>\n<p>O autor da proposta afirmou que n\u00e3o incluiu outras categorias profissionais porque foi procurado por fam\u00edlias reclamando de professores sob efeito de drogas ou fazendo apologia em sala de aula. Ele n\u00e3o especificou nenhum caso.<\/p>\n<p>\u2014 S\u00f3 quero proteger os alunos e as crian\u00e7as de possiveis usu\u00e1rios que estejam passando mal exemplo e disseminando o uso de entorpecentes. Mas meus colegas podem criar emendas para incluir outras categorias \u2014 afirmou o deputado.<\/p>\n<p>A reportagem procurou a Secretaria estadual de Educa\u00e7\u00e3o para se posicionar sobre a ideia, mas a pasta n\u00e3o respondeu aos questionamentos.<\/p>\n<p>Extra<\/p>\n","protected":false},"excerpt":{"rendered":"<p>Um deputado estadual do PSL quer obrigar todo professor do estado do Rio a testar uso de drogas a cada 90 dias.<\/p>\n","protected":false},"author":1,"featured_media":0,"comment_status":"closed","ping_status":"open","sticky":false,"template":"","format":"standard","meta":{"_exactmetrics_skip_tracking":false,"_exactmetrics_sitenote_active":false,"_exactmetrics_sitenote_note":"","_exactmetrics_sitenote_category":0,"jetpack_post_was_ever_published":false,"_jetpack_newsletter_access":"","_jetpack_dont_email_post_to_subs":false,"_jetpack_newsletter_tier_id":0,"_jetpack_memberships_contains_paywalled_content":false,"_jetpack_memberships_contains_paid_content":false,"footnotes":"","jetpack_publicize_message":"","jetpack_publicize_feature_enabled":true,"jetpack_social_post_already_shared":true,"jetpack_social_options":{"image_generator_settings":{"template":"highway","enabled":false},"version":2}},"categories":[1],"tags":[],"class_list":["post-24167","post","type-post","status-publish","format-standard","hentry","category-notas"],"jetpack_publicize_connections":[],"jetpack_sharing_enabled":true,"jetpack_featured_media_url":"","jetpack_shortlink":"https:\/\/wp.me\/p7wKYW-6hN","jetpack-related-posts":[],"_links":{"self":[{"href":"http:\/\/blogdalucianaoliveira.com.br\/blog\/wp-json\/wp\/v2\/posts\/24167","targetHints":{"allow":["GET"]}}],"collection":[{"href":"http:\/\/blogdalucianaoliveira.com.br\/blog\/wp-json\/wp\/v2\/posts"}],"about":[{"href":"http:\/\/blogdalucianaoliveira.com.br\/blog\/wp-json\/wp\/v2\/types\/post"}],"author":[{"embeddable":true,"href":"http:\/\/blogdalucianaoliveira.com.br\/blog\/wp-json\/wp\/v2\/users\/1"}],"replies":[{"embeddable":true,"href":"http:\/\/blogdalucianaoliveira.com.br\/blog\/wp-json\/wp\/v2\/comments?post=24167"}],"version-history":[{"count":1,"href":"http:\/\/blogdalucianaoliveira.com.br\/blog\/wp-json\/wp\/v2\/posts\/24167\/revisions"}],"predecessor-version":[{"id":24169,"href":"http:\/\/blogdalucianaoliveira.com.br\/blog\/wp-json\/wp\/v2\/posts\/24167\/revisions\/24169"}],"wp:attachment":[{"href":"http:\/\/blogdalucianaoliveira.com.br\/blog\/wp-json\/wp\/v2\/media?parent=24167"}],"wp:term":[{"taxonomy":"category","embeddable":true,"href":"http:\/\/blogdalucianaoliveira.com.br\/blog\/wp-json\/wp\/v2\/categories?post=24167"},{"taxonomy":"post_tag","embeddable":true,"href":"http:\/\/blogdalucianaoliveira.com.br\/blog\/wp-json\/wp\/v2\/tags?post=24167"}],"curies":[{"name":"wp","href":"https:\/\/api.w.org\/{rel}","templated":true}]}}