{"id":24170,"date":"2019-10-01T17:09:25","date_gmt":"2019-10-01T21:09:25","guid":{"rendered":"http:\/\/blogdalucianaoliveira.com.br\/blog\/?p=24170"},"modified":"2019-10-01T17:09:25","modified_gmt":"2019-10-01T21:09:25","slug":"surto-de-desmatamento-na-amazonia-se-explica-pela-chegada-do-governo-bolsonaro-diz-cientista-do-inpa","status":"publish","type":"post","link":"http:\/\/blogdalucianaoliveira.com.br\/blog\/2019\/10\/01\/surto-de-desmatamento-na-amazonia-se-explica-pela-chegada-do-governo-bolsonaro-diz-cientista-do-inpa\/","title":{"rendered":"\u201cSurto de desmatamento na Amaz\u00f4nia se explica pela chegada do governo Bolsonaro\u201d, diz cientista do INPA"},"content":{"rendered":"<p><img data-recalc-dims=\"1\" loading=\"lazy\" decoding=\"async\" data-attachment-id=\"24171\" data-permalink=\"http:\/\/blogdalucianaoliveira.com.br\/blog\/2019\/10\/01\/surto-de-desmatamento-na-amazonia-se-explica-pela-chegada-do-governo-bolsonaro-diz-cientista-do-inpa\/f3079428-dc83-4e00-8dd4-16c3e2c387cf\/\" data-orig-file=\"https:\/\/i0.wp.com\/blogdalucianaoliveira.com.br\/blog\/wp-content\/uploads\/2019\/10\/F3079428-DC83-4E00-8DD4-16C3E2C387CF.jpeg?fit=344%2C257\" data-orig-size=\"344,257\" data-comments-opened=\"0\" data-image-meta=\"{&quot;aperture&quot;:&quot;0&quot;,&quot;credit&quot;:&quot;&quot;,&quot;camera&quot;:&quot;&quot;,&quot;caption&quot;:&quot;&quot;,&quot;created_timestamp&quot;:&quot;0&quot;,&quot;copyright&quot;:&quot;&quot;,&quot;focal_length&quot;:&quot;0&quot;,&quot;iso&quot;:&quot;0&quot;,&quot;shutter_speed&quot;:&quot;0&quot;,&quot;title&quot;:&quot;&quot;,&quot;orientation&quot;:&quot;0&quot;}\" data-image-title=\"F3079428-DC83-4E00-8DD4-16C3E2C387CF\" data-image-description=\"\" data-image-caption=\"\" data-medium-file=\"https:\/\/i0.wp.com\/blogdalucianaoliveira.com.br\/blog\/wp-content\/uploads\/2019\/10\/F3079428-DC83-4E00-8DD4-16C3E2C387CF.jpeg?fit=300%2C224\" data-large-file=\"https:\/\/i0.wp.com\/blogdalucianaoliveira.com.br\/blog\/wp-content\/uploads\/2019\/10\/F3079428-DC83-4E00-8DD4-16C3E2C387CF.jpeg?fit=344%2C257\" src=\"https:\/\/i0.wp.com\/blogdalucianaoliveira.com.br\/blog\/wp-content\/uploads\/2019\/10\/F3079428-DC83-4E00-8DD4-16C3E2C387CF.jpeg?resize=344%2C257\" alt=\"F3079428-DC83-4E00-8DD4-16C3E2C387CF\" width=\"344\" height=\"257\" class=\"alignnone size-full wp-image-24171\" srcset=\"https:\/\/i0.wp.com\/blogdalucianaoliveira.com.br\/blog\/wp-content\/uploads\/2019\/10\/F3079428-DC83-4E00-8DD4-16C3E2C387CF.jpeg?w=344 344w, https:\/\/i0.wp.com\/blogdalucianaoliveira.com.br\/blog\/wp-content\/uploads\/2019\/10\/F3079428-DC83-4E00-8DD4-16C3E2C387CF.jpeg?resize=300%2C224 300w\" sizes=\"auto, (max-width: 344px) 100vw, 344px\" \/><\/p>\n<p>Na Radio France Internationale &#8211; O aumento expressivo das queimadas na regi\u00e3o amaz\u00f4nica este ano \u00e9 consequ\u00eancia de um discurso e de pol\u00edticas implementados pelo presidente Jair Bolsonaro desde sua chegada ao poder. Esta \u00e9 a opini\u00e3o do bi\u00f3logo americano Philip Martin Fearnside, pesquisador do INPA (Instituto Nacional de Pesquisas da Amaz\u00f4nia), um dos mais importantes especialistas mundiais sobre os efeitos do desmatamento na maior floresta tropical do planeta.<!--more--><\/p>\n<p>Por \u00c9lcio Ramalho, enviado especial a Manaus,<\/p>\n<p>\u201cDesde janeiro ele tem um discurso constante contra o meio ambiente, dizendo que n\u00e3o h\u00e1 problemas de desmatamento na Amaz\u00f4nia, que \u00e9 conversa para boi dormir. Foram muitos exemplos de que se pode violar as leis ambientais sem problemas. At\u00e9 dois ministros, do Meio Ambiente e da Agricultura, foram visitar uma planta\u00e7\u00e3o de \u00e1rea de soja em uma terra ind\u00edgena e posaram para fotos. Isso manda uma mensagem muito clara de que se pode fazer o que quiser\u201d, diz o especialista.<\/p>\n<p>\u201cEst\u00e1 sendo desmantelada toda a estrutura institucional para a parte ambiental e isso se reflete no desmatamento\u201d, diz, em refer\u00eancia \u00e0 pol\u00edtica de cortes de verbas como os que afetaram o IBAMA.<\/p>\n<p>\u201cAs queimadas s\u00e3o propositais em \u00e1reas desmatadas este ano e tamb\u00e9m em pastagens e capoeiras em \u00e1reas antigas, s\u00f3 para manter a produ\u00e7\u00e3o\u201d, constata.   <\/p>\n<p>A \u00e1rea de desmatamento na Amaz\u00f4nia legal tem crescido de maneira exponencial. Em junho houve aumento de 88% maior, julho 178% e agosto 222%, sempre em compara\u00e7\u00e3o com o mesmo per\u00edodo do ano anterior. Esse aumento \u00e9 resultado da a\u00e7\u00e3o humana e n\u00e3o de fen\u00f4menos clim\u00e1ticos, segundo os cientistas.   <\/p>\n<p>\u201cSempre h\u00e1 fogo na \u00e9poca seca, mas o que \u00e9 diferente \u00e9 que este ano n\u00e3o \u00e9 o ano de seca extrema. No passado j\u00e1 houve at\u00e9 mais fogo que agora. As grandes secas de 1997, 1998, 2003 e 2005 deixaram muitas queimadas devido \u00e0 seca extrema. Agora \u00e9 diferente\u201d, insiste.<\/p>\n<p>No m\u00eas de setembro, o n\u00famero de focos de inc\u00eandio na Amaz\u00f4nia deu novo salto. Foram 2.913 focos, acima da m\u00e9dia de 2. 682 para o mesmo per\u00edodo, segundo dados divulgados pelo Instituto Nacional de Pesquisas Espaciais (INPE). O Amazonas foi o que o \u00fanico dos nove estados a n\u00e3o ter diminu\u00eddo os focos, enquanto nos outros observa-se uma tend\u00eancia de redu\u00e7\u00e3o.<\/p>\n<p>Philip, de 72 anos, trabalha h\u00e1 mais de 45 anos sobre a regi\u00e3o Amaz\u00f4nica e seus problemas ambientais. Em 2006, ano em que recebeu do Minist\u00e9rio do Meio Ambiente o 1\u00b0 Pr\u00eamio Chico Mendes na \u00e1rea de Ci\u00eancia e Tecnologia, seu nome foi o segundo mais citado em pesquisas acad\u00eamicas sobre aquecimento global, de acordo com o Instituto de Informa\u00e7\u00f5es Cient\u00edficas (Thomson-ISI).<\/p>\n<p>O bi\u00f3logo americano alerta para a\u00e7\u00f5es do governo Bolsonaro que v\u00e3o ter impactos catastr\u00f3ficos para a Amaz\u00f4nia, como a disposi\u00e7\u00e3o de reabrir a estrada BR 319, que ligaria Manaus \u00e0 Rond\u00f4nia, no chamado \u201cArco de Desmatamento\u201d, para o sul e leste da Amaz\u00f4nia, onde se concentra o destrui\u00e7\u00e3o florestal.    <\/p>\n<p>\u201cUma rodovia atrai os destruidores da floresta. \u00c9 um processo que sai do controle do governo e que dura d\u00e9cadas, provocando o aumento do desmatamento. Esse \u00e9 um dos grandes problemas e mudaria completamente a geografia do desmatamento\u201d, aponta.<\/p>\n<p>Impactos nacionais e globais<\/p>\n<p>As consequ\u00eancias do desmatamento s\u00e3o grav\u00edssimas, sobretudo na regi\u00e3o amaz\u00f4nica, mas com consequ\u00eancias para todo o Brasil, j\u00e1 que muitos lugares, como S\u00e3o Paulo, dependem da Floresta Amaz\u00f4nica para a \u00e1gua da chuva, que \u00e9 a base de todo o sistema de abastecimento, gera\u00e7\u00e3o de energia el\u00e9trica e agricultura. A crise h\u00eddrica que atingiu o estado de S\u00e3o Paulo em 2017 \u00e9 citada como exemplo do impacto das queimadas.<\/p>\n<p>\u201cDurante a \u00e9poca chuvosa, 70% da \u00e1gua das chuvas de S\u00e3o Paulo v\u00eam da Amaz\u00f4nia. O desmatamento impede a \u00e1gua de chegar l\u00e1, vai para o Oceano Atl\u00e2ntico\u201d, alerta.<\/p>\n<p>O impacto do desmatamento tamb\u00e9m tem repercuss\u00f5es mundiais, j\u00e1 que somados a outros fen\u00f4menos, como os inc\u00eandios florestais na Europa, Calif\u00f3rnia, Austr\u00e1lia e o degelo do \u00c1rtico, contribui para o aquecimento global. \u201cA Amaz\u00f4nia tem um papel central devido a quantidade de carbono que pode ser liberado, seja propositalmente ou espontaneamente. Recentemente descobrimos que carbono est\u00e1 sendo liberado do solo mesmo com a floresta intacta. Isso por causa do aquecimento global\u201d, explica.<\/p>\n<p>\u201cTemos um enorme estoque de carbono dentro e embaixo da floresta. Isso sendo liberado em um curto espa\u00e7o de tempo, vira gases que provocam o efeito estufa e \u00e9 uma quest\u00e3o chave, porque pode empurrar o sistema global aos chamados pontos de inflex\u00e3o, quando a situa\u00e7\u00e3o escapa do controle humano e n\u00e3o h\u00e1 nada mais para reverter esse processo de aquecimento global\u201d.  <\/p>\n<p>Philip Fearnside lembra que a floresta tropical tem duas grandes fun\u00e7\u00f5es, de grande dep\u00f3sito de carbono e de reciclagem da \u00e1gua do Oceano Atl\u00e2ntico, e \u00e9 fundamental para o equil\u00edbrio de um sistema que pode ter impactos grav\u00edssimos ambiental, social e econ\u00f4mico.  <\/p>\n<p>\u201cBrasil \u00e9 um dos pa\u00edses que mais v\u00e3o sofrer com os impactos previstos pelo aquecimento global\u201d, lembra. Ele cita como exemplos de repercuss\u00f5es graves a grande diminui\u00e7\u00e3o de chuvas no nordeste brasileiro, que poder\u00e1 levar milh\u00f5es de pessoas dependentes da agricultura a migrar para centros urbanos, que tamb\u00e9m v\u00e3o enfrentar problemas de recursos h\u00eddricos.<\/p>\n<p>A postura do presidente Jair Bolsonaro e dos ministros do Meio Ambiente, Ricardo Salles, e das Rela\u00e7\u00f5es Exteriores, Ernesto Ara\u00fajo, de negar a exist\u00eancia de aquecimento global pela a\u00e7\u00e3o humana \u00e9 apontado como \u201cgrav\u00edssima\u201d pelo bi\u00f3logo americano. \u201cSe o Brasil n\u00e3o agir para se juntar com o mundo para lutar contra o aquecimento, ser\u00e1 algo muito grave\u201d, conclui.<\/p>\n","protected":false},"excerpt":{"rendered":"<p>Na Radio France Internationale &#8211; O aumento expressivo das queimadas na regi\u00e3o amaz\u00f4nica este ano \u00e9 consequ\u00eancia de um discurso e de pol\u00edticas implementados pelo presidente Jair Bolsonaro desde sua chegada ao poder. Esta \u00e9 a opini\u00e3o do bi\u00f3logo americano Philip Martin Fearnside, pesquisador do INPA (Instituto Nacional de Pesquisas da Amaz\u00f4nia), um dos mais&#8230;<a class=\"more-link\" href=\"http:\/\/blogdalucianaoliveira.com.br\/blog\/2019\/10\/01\/surto-de-desmatamento-na-amazonia-se-explica-pela-chegada-do-governo-bolsonaro-diz-cientista-do-inpa\/\">Continue a leitura <span class=\"meta-nav\">&raquo;<\/span><\/a><\/p>\n","protected":false},"author":1,"featured_media":0,"comment_status":"closed","ping_status":"open","sticky":false,"template":"","format":"standard","meta":{"_exactmetrics_skip_tracking":false,"_exactmetrics_sitenote_active":false,"_exactmetrics_sitenote_note":"","_exactmetrics_sitenote_category":0,"jetpack_post_was_ever_published":false,"_jetpack_newsletter_access":"","_jetpack_dont_email_post_to_subs":false,"_jetpack_newsletter_tier_id":0,"_jetpack_memberships_contains_paywalled_content":false,"_jetpack_memberships_contains_paid_content":false,"footnotes":"","jetpack_publicize_message":"","jetpack_publicize_feature_enabled":true,"jetpack_social_post_already_shared":true,"jetpack_social_options":{"image_generator_settings":{"template":"highway","enabled":false},"version":2}},"categories":[1],"tags":[],"class_list":["post-24170","post","type-post","status-publish","format-standard","hentry","category-notas"],"jetpack_publicize_connections":[],"jetpack_sharing_enabled":true,"jetpack_featured_media_url":"","jetpack_shortlink":"https:\/\/wp.me\/p7wKYW-6hQ","jetpack-related-posts":[],"_links":{"self":[{"href":"http:\/\/blogdalucianaoliveira.com.br\/blog\/wp-json\/wp\/v2\/posts\/24170","targetHints":{"allow":["GET"]}}],"collection":[{"href":"http:\/\/blogdalucianaoliveira.com.br\/blog\/wp-json\/wp\/v2\/posts"}],"about":[{"href":"http:\/\/blogdalucianaoliveira.com.br\/blog\/wp-json\/wp\/v2\/types\/post"}],"author":[{"embeddable":true,"href":"http:\/\/blogdalucianaoliveira.com.br\/blog\/wp-json\/wp\/v2\/users\/1"}],"replies":[{"embeddable":true,"href":"http:\/\/blogdalucianaoliveira.com.br\/blog\/wp-json\/wp\/v2\/comments?post=24170"}],"version-history":[{"count":1,"href":"http:\/\/blogdalucianaoliveira.com.br\/blog\/wp-json\/wp\/v2\/posts\/24170\/revisions"}],"predecessor-version":[{"id":24172,"href":"http:\/\/blogdalucianaoliveira.com.br\/blog\/wp-json\/wp\/v2\/posts\/24170\/revisions\/24172"}],"wp:attachment":[{"href":"http:\/\/blogdalucianaoliveira.com.br\/blog\/wp-json\/wp\/v2\/media?parent=24170"}],"wp:term":[{"taxonomy":"category","embeddable":true,"href":"http:\/\/blogdalucianaoliveira.com.br\/blog\/wp-json\/wp\/v2\/categories?post=24170"},{"taxonomy":"post_tag","embeddable":true,"href":"http:\/\/blogdalucianaoliveira.com.br\/blog\/wp-json\/wp\/v2\/tags?post=24170"}],"curies":[{"name":"wp","href":"https:\/\/api.w.org\/{rel}","templated":true}]}}