{"id":24438,"date":"2019-10-18T08:38:11","date_gmt":"2019-10-18T12:38:11","guid":{"rendered":"http:\/\/blogdalucianaoliveira.com.br\/blog\/?p=24438"},"modified":"2019-10-18T08:38:11","modified_gmt":"2019-10-18T12:38:11","slug":"lula-esta-preso-babacas","status":"publish","type":"post","link":"http:\/\/blogdalucianaoliveira.com.br\/blog\/2019\/10\/18\/lula-esta-preso-babacas\/","title":{"rendered":"Lula est\u00e1 preso, babacas?"},"content":{"rendered":"<p><img data-recalc-dims=\"1\" loading=\"lazy\" decoding=\"async\" class=\"size-large wp-image-306191\" src=\"https:\/\/i0.wp.com\/www.diariodocentrodomundo.com.br\/wp-content\/uploads\/2019\/02\/lula-1-600x400.jpg?resize=600%2C400&#038;ssl=1\" sizes=\"auto, (max-width: 600px) 100vw, 600px\" srcset=\"https:\/\/www.diariodocentrodomundo.com.br\/wp-content\/uploads\/2019\/02\/lula-1-600x400.jpg 600w, https:\/\/www.diariodocentrodomundo.com.br\/wp-content\/uploads\/2019\/02\/lula-1-300x200.jpg 300w, https:\/\/www.diariodocentrodomundo.com.br\/wp-content\/uploads\/2019\/02\/lula-1-768x512.jpg 768w, https:\/\/www.diariodocentrodomundo.com.br\/wp-content\/uploads\/2019\/02\/lula-1-630x420.jpg 630w, https:\/\/www.diariodocentrodomundo.com.br\/wp-content\/uploads\/2019\/02\/lula-1-640x427.jpg 640w, https:\/\/www.diariodocentrodomundo.com.br\/wp-content\/uploads\/2019\/02\/lula-1-681x454.jpg 681w, https:\/\/www.diariodocentrodomundo.com.br\/wp-content\/uploads\/2019\/02\/lula-1.jpg 900w\" alt=\"\" width=\"600\" height=\"400\" \/><\/p>\n<p>Lula est\u00e1 preso, \u201cn\u00e3o \u00e9, babacas\u201d?<!--more--><\/p>\n<p>No Tijola\u00e7o<\/p>\n<p>por Fernando Brito<\/p>\n<p>&nbsp;<\/p>\n<p>E faz tempo, um ano e meio, fechado numa saleta da Pol\u00edcia Federal do Paran\u00e1.<\/p>\n<div class=\"code-block code-block-1\">Acusado de tudo e mais um pouco, numa enxurrada de processos onde n\u00e3o h\u00e1 provas, mas h\u00e1 um monolitismo de convic\u00e7\u00f5es judici\u00e1rias que s\u00f3 agora amea\u00e7a se quebrar.E no entanto, a Veja adverte: ele \u00e9 o grande \u201cperigo\u201d de que a esquerda possa vencer a elei\u00e7\u00e3o distante de 2022.<\/p>\n<p>Como h\u00e1 duas d\u00e9cadas, em 2002, de que seja ele a esperan\u00e7a para enfrentar os dias de medo que o pa\u00eds em crise, faz tempo, vive, sem consertar-se.<\/p>\n<p>Claro, a\u00a0pesquisa da Veja\u00a0p\u00f5e Bolsonaro e Moro \u00e0 sua frente: h\u00e1 cinco anos sendo pintado nas telas de TV e capa de revistas como o dem\u00f4nio em pessoa, estranho seria o contr\u00e1rio.<\/p>\n<p>Mas nada consegue disfar\u00e7ar que o ex-presidente tem o suficiente \u2013 mais que o suficiente, at\u00e9, para inverter a pequena vantagem que dizem ostentar contra ele.<\/p>\n<p>Podem at\u00e9 dizer que vencem, se o advers\u00e1rio estiver amarrado e os ju\u00edzes forem seus. Nem disso t\u00eam certeza, de t\u00e3o ruins que s\u00e3o.<\/p>\n<p>Se tivessem esta folga, n\u00e3o seria a liberdade de Lula, mesmo provis\u00f3ria, o grande terror que os apavora, ao ponto de generais crepusculares porem-se \u00e0 deprimente tarefa de \u201ctuitar\u201d sobre a \u201cconvuls\u00e3o social\u201d que um homem \u00e0s v\u00e9speras de completar 74 anos causaria, pelo simples fato de ser solto.<\/p>\n<p>Logo ele, o perigoso esquerdista que n\u00e3o diz que vai fuzilar, prender, que n\u00e3o apela \u00e0s armas, que n\u00e3o quer fazer do filho de embaixador e n\u00e3o coloca a prole pendurada na pol\u00edtica.<\/p>\n<p>Logo ele, que governou num per\u00edodo em que, para todos eles, a prosperidade imperou e se deu aos pobres sem tirar dos ricos.<\/p>\n<p>E isto os desespera porque, tendo tudo nas m\u00e3os, n\u00e3o conseguem sen\u00e3o crise, priva\u00e7\u00f5es e \u00f3dios.<\/p>\n<p>Manietado em Curitiba, o ex-presidente \u00e9 a nega\u00e7\u00e3o do que fazem,<\/p>\n<p>No pa\u00eds das divis\u00f5es, \u00e9 o \u201cradical\u201d Lula quem quer unir.<\/p>\n<p>No pa\u00eds da grosseria, \u00e9 quem chamam de analfabeto que prega o conv\u00edvio civilizado.<\/p>\n<p>Que quer que as pessoas riam, comam, morem, comprem, trabalhem, produzam e ganhem.<\/p>\n<p>O populista que n\u00e3o sorteia um caminh\u00e3o de pr\u00eamios, o antimilitar que reequipou as For\u00e7as Armadas, o \u201cpara\u00edba\u201d que \u00e9 acolhido e aplaudido nos sal\u00f5es do mundo.<\/p>\n<p>D\u00e1-lhes medo, numa palavra, porque, com todos os defeitos e limita\u00e7\u00f5es que possa ter tido, fez do Brasil o que ele n\u00e3o pode ser: um pa\u00eds respeitado.<\/p>\n<p>Querem que ele n\u00e3o possa ir buscar o Brasil profundo e o traga para a sala da casa, em lugar de deix\u00e1-lo virar selvagem na periferia, sem sonho e sem futuro.<\/p>\n<p>Ele est\u00e1 em cada canto deste pa\u00eds que n\u00e3o pode aceitar ser do tamanho da mediocridade que suas elites o fazem viver.<\/p>\n<p>Mesmo encerrado num c\u00e1rcere, Lula n\u00e3o est\u00e1 preso, babacas.<\/p>\n<div id=\"execphp-21\" class=\"td_block_template_1 widget widget_execphp\"><\/div>\n<div id=\"execphp-17\" class=\"td_block_template_1 widget widget_execphp\"><\/div>\n<div id=\"execphp-4\" class=\"td_block_template_1 widget widget_execphp\"><\/div>\n<\/div>\n","protected":false},"excerpt":{"rendered":"<p>Lula est\u00e1 preso, \u201cn\u00e3o \u00e9, babacas\u201d?<\/p>\n","protected":false},"author":1,"featured_media":0,"comment_status":"closed","ping_status":"open","sticky":false,"template":"","format":"standard","meta":{"_exactmetrics_skip_tracking":false,"_exactmetrics_sitenote_active":false,"_exactmetrics_sitenote_note":"","_exactmetrics_sitenote_category":0,"jetpack_post_was_ever_published":false,"_jetpack_newsletter_access":"","_jetpack_dont_email_post_to_subs":false,"_jetpack_newsletter_tier_id":0,"_jetpack_memberships_contains_paywalled_content":false,"_jetpack_memberships_contains_paid_content":false,"footnotes":"","jetpack_publicize_message":"","jetpack_publicize_feature_enabled":true,"jetpack_social_post_already_shared":true,"jetpack_social_options":{"image_generator_settings":{"template":"highway","enabled":false},"version":2}},"categories":[1],"tags":[],"class_list":["post-24438","post","type-post","status-publish","format-standard","hentry","category-notas"],"jetpack_publicize_connections":[],"jetpack_sharing_enabled":true,"jetpack_featured_media_url":"","jetpack_shortlink":"https:\/\/wp.me\/p7wKYW-6ma","jetpack-related-posts":[],"_links":{"self":[{"href":"http:\/\/blogdalucianaoliveira.com.br\/blog\/wp-json\/wp\/v2\/posts\/24438","targetHints":{"allow":["GET"]}}],"collection":[{"href":"http:\/\/blogdalucianaoliveira.com.br\/blog\/wp-json\/wp\/v2\/posts"}],"about":[{"href":"http:\/\/blogdalucianaoliveira.com.br\/blog\/wp-json\/wp\/v2\/types\/post"}],"author":[{"embeddable":true,"href":"http:\/\/blogdalucianaoliveira.com.br\/blog\/wp-json\/wp\/v2\/users\/1"}],"replies":[{"embeddable":true,"href":"http:\/\/blogdalucianaoliveira.com.br\/blog\/wp-json\/wp\/v2\/comments?post=24438"}],"version-history":[{"count":1,"href":"http:\/\/blogdalucianaoliveira.com.br\/blog\/wp-json\/wp\/v2\/posts\/24438\/revisions"}],"predecessor-version":[{"id":24439,"href":"http:\/\/blogdalucianaoliveira.com.br\/blog\/wp-json\/wp\/v2\/posts\/24438\/revisions\/24439"}],"wp:attachment":[{"href":"http:\/\/blogdalucianaoliveira.com.br\/blog\/wp-json\/wp\/v2\/media?parent=24438"}],"wp:term":[{"taxonomy":"category","embeddable":true,"href":"http:\/\/blogdalucianaoliveira.com.br\/blog\/wp-json\/wp\/v2\/categories?post=24438"},{"taxonomy":"post_tag","embeddable":true,"href":"http:\/\/blogdalucianaoliveira.com.br\/blog\/wp-json\/wp\/v2\/tags?post=24438"}],"curies":[{"name":"wp","href":"https:\/\/api.w.org\/{rel}","templated":true}]}}