{"id":24442,"date":"2019-10-18T09:10:01","date_gmt":"2019-10-18T13:10:01","guid":{"rendered":"http:\/\/blogdalucianaoliveira.com.br\/blog\/?p=24442"},"modified":"2019-10-18T09:10:01","modified_gmt":"2019-10-18T13:10:01","slug":"golpe-tirou-6-milhoes-de-brasileiros-da-classe-media","status":"publish","type":"post","link":"http:\/\/blogdalucianaoliveira.com.br\/blog\/2019\/10\/18\/golpe-tirou-6-milhoes-de-brasileiros-da-classe-media\/","title":{"rendered":"Golpe tirou 6 milh\u00f5es de brasileiros da classe m\u00e9dia"},"content":{"rendered":"<picture><img data-recalc-dims=\"1\" decoding=\"async\" title=\" (Foto: Esq.: Reuters \/ Dir.: ABR)\" src=\"https:\/\/i0.wp.com\/publisher-publish.s3.eu-central-1.amazonaws.com\/pb-brasil247\/swp\/jtjeq9\/media\/2019101814100_a0f99404-a66a-42e4-9aff-ce780041271b.jpeg?w=600&#038;ssl=1\" alt=\"\" \/><\/picture>\n<p><b>247<\/b>\u00a0&#8211; A nova classe m\u00e9dia perdeu quase 6 milh\u00f5es de pessoas, ao passar do pico de 56,8% da popula\u00e7\u00e3o brasileira para 53,9% entre 2014 e 2018. A estat\u00edstica reflete os malef\u00edcios do golpe de 2016 que imp\u00f4s uma agenda baseada no corte de investimentos e direitos. A estat\u00edstica faz parte de um c\u00e1lculo preliminar do economista Marcelo Neri, da Funda\u00e7\u00e3o Getulio Vargas (FGV), e tem como base as informa\u00e7\u00f5es do Instituto Brasileiro de Geografia e Estat\u00edstica (IBGE) na Pesquisa Nacional por Amostra de Domic\u00edlios Cont\u00ednua (Pnad C).<!--more--><\/p>\n<p>A classe m\u00e9dia se consolidou cada vez mais no governo Lula, principalmente, por causa do aumento do sal\u00e1rio m\u00ednimo. Em 2020, pela primeira vez em 17 anos o sal\u00e1rio m\u00ednimo ser\u00e1 reajustado sem aumento real, somente pela infla\u00e7\u00e3o. Outro detalhe \u00e9 que, em 2014, na gest\u00e3o e Dilma Rousseff, o desemprego chegou a cair a 4,9% em 2014, o menor patamar da hist\u00f3ria. Atualmente, o Pa\u00eds amarga uam taxa de desemprego de quase 12% &#8211; s\u00e3o 12 milh\u00f5es de desempregados.<\/p>\n<p>O fato \u00e9 que, a agenda p\u00f3s-golpe, veio com for\u00e7a em 2016 e pasosu a colocar em pr\u00e1tica o congelamento de investimentos p\u00fablicos e o corte de direitos, tendo a apostado de que a iniciativa privada seria a alternativa para tirar o Brasil da crise. N\u00e3o por acaso a desigualdade vem aumentando.<\/p>\n<p>De acordo com dados divulgados pelo IBGE, na quarta-feira (16), as pessoas que vivem na pobreza, com renda mensal m\u00e9dia de R$ 233, representam 12,2% da popula\u00e7\u00e3o do pa\u00eds. S\u00e3o 25,3 milh\u00f5es de brasileiros. Em 2014, eles eram 9,8% da popula\u00e7\u00e3o, o menor \u00edndice da s\u00e9rie.<\/p>\n","protected":false},"excerpt":{"rendered":"<p>247\u00a0&#8211; A nova classe m\u00e9dia perdeu quase 6 milh\u00f5es de pessoas, ao passar do pico de 56,8% da popula\u00e7\u00e3o brasileira para 53,9% entre 2014 e 2018. A estat\u00edstica reflete os malef\u00edcios do golpe de 2016 que imp\u00f4s uma agenda baseada no corte de investimentos e direitos. A estat\u00edstica faz parte de um c\u00e1lculo preliminar do&#8230;<a class=\"more-link\" href=\"http:\/\/blogdalucianaoliveira.com.br\/blog\/2019\/10\/18\/golpe-tirou-6-milhoes-de-brasileiros-da-classe-media\/\">Continue a leitura <span class=\"meta-nav\">&raquo;<\/span><\/a><\/p>\n","protected":false},"author":1,"featured_media":0,"comment_status":"closed","ping_status":"open","sticky":false,"template":"","format":"standard","meta":{"_exactmetrics_skip_tracking":false,"_exactmetrics_sitenote_active":false,"_exactmetrics_sitenote_note":"","_exactmetrics_sitenote_category":0,"jetpack_post_was_ever_published":false,"_jetpack_newsletter_access":"","_jetpack_dont_email_post_to_subs":false,"_jetpack_newsletter_tier_id":0,"_jetpack_memberships_contains_paywalled_content":false,"_jetpack_memberships_contains_paid_content":false,"footnotes":"","jetpack_publicize_message":"","jetpack_publicize_feature_enabled":true,"jetpack_social_post_already_shared":true,"jetpack_social_options":{"image_generator_settings":{"template":"highway","enabled":false},"version":2}},"categories":[1],"tags":[],"class_list":["post-24442","post","type-post","status-publish","format-standard","hentry","category-notas"],"jetpack_publicize_connections":[],"jetpack_sharing_enabled":true,"jetpack_featured_media_url":"","jetpack_shortlink":"https:\/\/wp.me\/p7wKYW-6me","jetpack-related-posts":[],"_links":{"self":[{"href":"http:\/\/blogdalucianaoliveira.com.br\/blog\/wp-json\/wp\/v2\/posts\/24442","targetHints":{"allow":["GET"]}}],"collection":[{"href":"http:\/\/blogdalucianaoliveira.com.br\/blog\/wp-json\/wp\/v2\/posts"}],"about":[{"href":"http:\/\/blogdalucianaoliveira.com.br\/blog\/wp-json\/wp\/v2\/types\/post"}],"author":[{"embeddable":true,"href":"http:\/\/blogdalucianaoliveira.com.br\/blog\/wp-json\/wp\/v2\/users\/1"}],"replies":[{"embeddable":true,"href":"http:\/\/blogdalucianaoliveira.com.br\/blog\/wp-json\/wp\/v2\/comments?post=24442"}],"version-history":[{"count":1,"href":"http:\/\/blogdalucianaoliveira.com.br\/blog\/wp-json\/wp\/v2\/posts\/24442\/revisions"}],"predecessor-version":[{"id":24443,"href":"http:\/\/blogdalucianaoliveira.com.br\/blog\/wp-json\/wp\/v2\/posts\/24442\/revisions\/24443"}],"wp:attachment":[{"href":"http:\/\/blogdalucianaoliveira.com.br\/blog\/wp-json\/wp\/v2\/media?parent=24442"}],"wp:term":[{"taxonomy":"category","embeddable":true,"href":"http:\/\/blogdalucianaoliveira.com.br\/blog\/wp-json\/wp\/v2\/categories?post=24442"},{"taxonomy":"post_tag","embeddable":true,"href":"http:\/\/blogdalucianaoliveira.com.br\/blog\/wp-json\/wp\/v2\/tags?post=24442"}],"curies":[{"name":"wp","href":"https:\/\/api.w.org\/{rel}","templated":true}]}}