{"id":24446,"date":"2019-10-19T07:58:48","date_gmt":"2019-10-19T11:58:48","guid":{"rendered":"http:\/\/blogdalucianaoliveira.com.br\/blog\/?p=24446"},"modified":"2019-10-19T07:58:48","modified_gmt":"2019-10-19T11:58:48","slug":"justica-deixa-prescrever-processo-contra-edir-macedo-ja-pronto-para-julgamento","status":"publish","type":"post","link":"http:\/\/blogdalucianaoliveira.com.br\/blog\/2019\/10\/19\/justica-deixa-prescrever-processo-contra-edir-macedo-ja-pronto-para-julgamento\/","title":{"rendered":"Justi\u00e7a deixa prescrever processo contra Edir Macedo j\u00e1 pronto para julgamento"},"content":{"rendered":"<p><img data-recalc-dims=\"1\" decoding=\"async\" class=\"img-responsive\" src=\"https:\/\/i0.wp.com\/f.i.uol.com.br\/fotografia\/2019\/10\/18\/15714415515daa4b8fdf70d_1571441551_3x2_md.jpg?w=600&#038;ssl=1\" sizes=\"(min-width: 1024px) 68vw, 100vw\" srcset=\" https:\/\/f.i.uol.com.br\/fotografia\/2019\/10\/18\/15714415515daa4b8fdf70d_1571441551_3x2_th.jpg 100w,                                    https:\/\/f.i.uol.com.br\/fotografia\/2019\/10\/18\/15714415515daa4b8fdf70d_1571441551_3x2_sm.jpg 480w,                   https:\/\/f.i.uol.com.br\/fotografia\/2019\/10\/18\/15714415515daa4b8fdf70d_1571441551_3x2_md.jpg 768w,                   https:\/\/f.i.uol.com.br\/fotografia\/2019\/10\/18\/15714415515daa4b8fdf70d_1571441551_3x2_lg.jpg 1024w,                   https:\/\/f.i.uol.com.br\/fotografia\/2019\/10\/18\/15714415515daa4b8fdf70d_1571441551_3x2_xl.jpg 1200w,                   https:\/\/f.i.uol.com.br\/fotografia\/2019\/10\/18\/15714415515daa4b8fdf70d_1571441551_3x2_rt.jpg 2400w \" alt=\"O bispo Edir Macedo realiza culto na pra\u00e7a Jardim do M\u00e9ier, no Rio de Janeiro.\" \/><\/p>\n<header class=\"c-content-head\" data-share-text=\"\">\n<div class=\"c-content-head__wrap\">\n<h2 class=\"c-content-head__subtitle\">Processo criminal completou oito anos em setembro, e bispos da Universal n\u00e3o poder\u00e3o mais ser punidos<\/h2>\n<\/div>\n<\/header>\n<p><!--more--><\/p>\n<div class=\"c-tools-share c-tools-share--bordered-md toolbar rs_skip\">\n<div class=\"c-news__wrap\">\n<div class=\"c-signature\"><strong class=\"c-signature__author\">Fl\u00e1vio Ferreira<\/strong><\/div>\n<\/div>\n<div class=\"c-news__content\">\n<div class=\"c-signature c-signature--left\" data-force-change-font-size=\"\"><strong class=\"c-signature__location\">FSP<\/strong><\/div>\n<div class=\"c-news__body\" data-share-text=\"\" data-news-content-text=\"\" data-disable-copy=\"\" data-continue-reading=\"\" data-continue-reading-hide-others=\".js-continue-reading-hidden\">\n<p>A lentid\u00e3o\u00a0da Justi\u00e7a resultou na\u00a0prescri\u00e7\u00e3o do processo criminal contra o l\u00edder da Igreja Universal do Reino de Deus,\u00a0<a href=\"https:\/\/www1.folha.uol.com.br\/ilustrada\/2019\/09\/se-crivella-censura-beijo-gay-o-tio-edir-macedo-ja-fez-falas-pro-lgbt.shtml\">Edir Macedo<\/a>, 74, e o Bispo Jo\u00e3o Batista, 75, ambos acusados de lavagem de dinheiro e outros delitos.<\/p>\n<p>Segundo o Minist\u00e9rio P\u00fablico Federal, a\u00a0a\u00e7\u00e3o penal completou oito anos sem julgamento em setembro, e assim se esgotou o prazo legal para aplicar eventuais penas a Edir Macedo e ao Bispo Jo\u00e3o Batista, que \u00e9\u00a0vereador pelo Republicanos\u00a0em\u00a0S\u00e3o Bernardo do Campo, na Grande S\u00e3o Paulo.<\/p>\n<p>Edir\u00a0Macedo\u00a0<a href=\"https:\/\/www1.folha.uol.com.br\/poder\/2011\/09\/973878-procuradoria-denuncia-edir-macedo-e-mais-3-por-lavagem-de-dinheiro.shtml\">foi inicialmente\u00a0denunciado<\/a>\u00a0sob a acusa\u00e7\u00e3o de quatro\u00a0crimes:\u00a0lavagem de dinheiro (atingido pela prescri\u00e7\u00e3o\u00a0no m\u00eas passado),\u00a0evas\u00e3o de divisas,\u00a0associa\u00e7\u00e3o criminosa e falsidade\u00a0ideol\u00f3gica. Todos esses delitos agora est\u00e3o\u00a0prescritos.<\/p>\n<div class=\"c-advertising c-advertising--300x250 u-hidden-xs\"><\/div>\n<div class=\"player_dynad_tv\">Em nota, a\u00a0<a href=\"https:\/\/www1.folha.uol.com.br\/poder\/2019\/05\/ilha-isolada-universal-busca-aproximacao-com-outras-igrejas-evangelicas.shtml\">Igreja Universal do Reino de Deus<\/a>\u00a0afirmou que\u00a0as acusa\u00e7\u00f5es na a\u00e7\u00e3o\u00a0penal\u00a0&#8220;s\u00e3o completamente equivocadas, al\u00e9m de quase id\u00eanticas a outras que deram origem a processos e inqu\u00e9ritos j\u00e1 julgados e arquivados&#8221;.<\/div>\n<div class=\"rs_skip\"><\/div>\n<div class=\"rs_skip\">\n<div class=\"rs_skip\">\n<p>O processo, na 2\u00aa Vara Criminal Federal em S\u00e3o Paulo, j\u00e1 havia superado no ano passado a etapa de alega\u00e7\u00f5es finais das partes\u00a0e, desde ent\u00e3o, estava pronto para receber senten\u00e7a. Mas at\u00e9 hoje aguarda uma decis\u00e3o.<\/p>\n<\/div>\n<p>O crime de lavagem de dinheiro tem pena m\u00e1xima de 10 anos de pris\u00e3o e prazo prescricional de 16 anos. Por\u00e9m\u00a0os dois r\u00e9us s\u00e3o beneficiados pela regra do C\u00f3digo Penal que reduz pela metade a contagem da prescri\u00e7\u00e3o para os acusados com mais de 70\u00a0anos de idade \u2014de\u00a08\u00a0anos, ent\u00e3o, no caso deles.<\/p>\n<p>J\u00e1 os crimes de evas\u00e3o de divisas e associa\u00e7\u00e3o criminosa\u00a0tiveram as prescri\u00e7\u00f5es\u00a0decretadas no ano passado pela vara federal, que tem como titular a ju\u00edza Silvia Maria Rocha. O de\u00a0falsidade ideol\u00f3gica teve a prescri\u00e7\u00e3o reconhecida logo no in\u00edcio do processo.<\/p>\n<p>De acordo com o procurador da Rep\u00fablica S\u00edlvio Lu\u00eds de Oliveira, respons\u00e1vel pelo processo, quando\u00a0 ocorrer o\u00a0julgamento\u00a0e\u00a0se houver condena\u00e7\u00f5es, a execu\u00e7\u00e3o das penas somente poder\u00e1\u00a0ser determinada\u00a0 em rela\u00e7\u00e3o aos outros dois r\u00e9us na causa, o ex-bispo Paulo Roberto Gomes da Concei\u00e7\u00e3o e a executiva Alba Maria Silva da Costa, em raz\u00e3o das prescri\u00e7\u00f5es.<\/p>\n<p>Quanto ao suposto crime de lavagem de dinheiro, em suas\u00a0alega\u00e7\u00f5es finais no ano passado o procurador pediu a absolvi\u00e7\u00e3o de Macedo\u00a0e do Bispo Jo\u00e3o Batista.<\/p>\n<p>A mudan\u00e7a na orienta\u00e7\u00e3o da Procuradoria ocorreu porque,\u00a0<a href=\"https:\/\/www1.folha.uol.com.br\/poder\/2011\/09\/980109-justica-aceita-denuncia-de-lavagem-de-dinheiro-contra-edir-macedo.shtml\">ao analisar a den\u00fancia, em 2011, o juiz Marcelo Costenaro\u00a0Cavali, que substitu\u00eda Rocha,\u00a0discordou da acusa\u00e7\u00e3o do procurador<\/a>\u00a0de que a origem da lavagem de capitais tinha sido um\u00a0estelionato contra fi\u00e9is da igreja.<\/p>\n<p>O juiz entendeu que a lavagem de dinheiro tinha sido precedida por evas\u00e3o de capitais\u00a0e determinou que o processo seguisse sob essa linha de acusa\u00e7\u00e3o.<\/p>\n<p>Por\u00e9m, nas alega\u00e7\u00f5es finais, o procurador disse que n\u00e3o havia provas suficientes para demonstrar\u00a0a lavagem de capitais\u00a0antecedida\u00a0por\u00a0evas\u00e3o de divisas\u00a0\u2014e ent\u00e3o pediu as absolvi\u00e7\u00f5es.<\/p>\n<p>O requerimento do procurador, todavia, n\u00e3o obrigou\u00a0a\u00a0ju\u00edza\u00a0a seguir a orienta\u00e7\u00e3o do Minist\u00e9rio P\u00fablico, e a magistrada\u00a0poderia condenar ou absolver Macedo e Bispo Jo\u00e3o Batista de acordo com seu entendimento sobre os aspectos t\u00e9cnicos da\u00a0causa.<\/p>\n<h3 class=\"c-news__subtitle\">CAMINHO DO PROCESSO<\/h3>\n<p>O processo come\u00e7ou em setembro de 2011, ap\u00f3s a den\u00fancia criminal da Procuradoria relatar que dirigentes da Universal adotaram estrat\u00e9gias para usar o dinheiro doado por fi\u00e9is em opera\u00e7\u00f5es financeiras fraudulentas e, assim,\u00a0<a href=\"https:\/\/www1.folha.uol.com.br\/fsp\/brasil\/fc1207200520.htm\">comprar emissoras de TV e r\u00e1dio<\/a>\u00a0e bens.<\/p>\n<p>De acordo com o\u00a0procurador, o esquema utilizou empresas offshore sediadas em para\u00edsos fiscais e\u00a0<a href=\"https:\/\/www1.folha.uol.com.br\/poder\/2009\/10\/642951-igreja-universal-fez-remessa-clandestina-diz-relatorio.shtml\">contas banc\u00e1rias no exterior.<\/a>\u00a0A acusa\u00e7\u00e3o apresentou um hist\u00f3rico das opera\u00e7\u00f5es financeiras atribu\u00eddas a dirigentes da Universal desde o come\u00e7o de d\u00e9cada de 1990.<\/p>\n<div>\n<p>As transfer\u00eancias de dinheiro vivo tamb\u00e9m ocorreram entre porta-malas de carros, nos estacionamentos de templos da Universal\u00a0ou entre cofres alugados em uma mesma institui\u00e7\u00e3o financeira, de acordo com os depoentes.<\/p>\n<div id=\"_dynad_c_I5550010343_15714859040801054959522\"><iframe loading=\"lazy\" id=\"IF5550010343_15714859040801054959522\" src=\"https:\/\/s.dynad.net\/stack\/928W5r5IndTfocT3VdUV-AB8UVlc0JbnGWyFZsei5gU.html\" name=\"I5550010343_15714859040801054959522\" width=\"100%\" height=\"0\" frameborder=\"0\" marginwidth=\"0\" marginheight=\"0\" scrolling=\"No\" align=\"top\"><\/iframe><\/div>\n<p>Os doleiros a servi\u00e7o dos r\u00e9us tamb\u00e9m encaminharam valores para contas controladas por pessoas ligadas \u00e0 Universal em cinco bancos nos Estados Unidos, segundo a acusa\u00e7\u00e3o.<\/p>\n<p>O dinheiro voltou ao Brasil por meio de empr\u00e9stimos realizados pelas offshores em favor de pessoas ligadas \u00e0 Universal, que atuavam como laranjas, e os recursos foram usados para comprar participa\u00e7\u00f5es em emissoras de r\u00e1dio e TV e bens, de acordo com a den\u00fancia.<\/p>\n<p>Segundo o Minist\u00e9rio P\u00fablico, dados oficiais fornecidos pela Receita Federal mostram que a Universal arrecadou mais de R$ 5 bilh\u00f5es de\u00a02003 a\u00a02006.<\/p>\n<p>Em junho de 2005, quando era deputado federal e presidente da Universal, o Bispo Jo\u00e3o Batista\u00a0foi abordado pela pol\u00edcia no aeroporto de Bras\u00edlia<a href=\"https:\/\/www1.folha.uol.com.br\/fsp\/brasil\/fc1207200516.htm\">\u00a0com malas de dinheiro que abrigavam cerca de R$ 10 milh\u00f5es em esp\u00e9cie.<\/a><\/p>\n<p>Os valores foram apreendidos e no dia seguinte o Bispo Jo\u00e3o Batista, que era filiado ao PFL, atual DEM, foi expulso do partido. Ele e a\u00a0<a href=\"https:\/\/www1.folha.uol.com.br\/fsp\/brasil\/fc1207200521.htm\">Universal alegaram \u00e0 \u00e9poca que o dinheiro era proveniente de doa\u00e7\u00f5es de fi\u00e9is<\/a>.<\/p>\n<h3 class=\"c-news__subtitle\">OUTRO LADO<\/h3>\n<p>A ju\u00edza Silvia\u00a0Maria Rocha afirmou, por e-mail,\u00a0que o processo relativo\u00a0aos bispos da Universal &#8220;teve problemas graves desde o in\u00edcio quando outro juiz de primeira inst\u00e2ncia, a quem n\u00e3o me cabe declinar o nome, rejeitou significativa e parte importante da den\u00fancia, onde estavam descritas grande parte das condutas delituosas imputadas a esse r\u00e9u&#8221;.<\/p>\n<p>A magistrada referiu-se ao juiz\u00a0Marcelo\u00a0Costenaro\u00a0Cavali, que a substitu\u00eda em setembro de 2011 e analisou a den\u00fancia do caso.<\/p>\n<p>Segundo a ju\u00edza, &#8220;embora tenha recorrido o Minist\u00e9rio P\u00fablico Federal dessa decis\u00e3o, n\u00e3o obteve sucesso em seu intento. Com isso, a parte das acusa\u00e7\u00f5es que sobrou, principalmente contra Edir Macedo, restou substancialmente desidratada, desfigurada. Por uma s\u00e9rie de raz\u00f5es jur\u00eddicas que n\u00e3o me cabe, e que estou impedida de discutir no momento, a acusa\u00e7\u00e3o perdeu o &#8216;grosso&#8217; da import\u00e2ncia&#8221;.<\/p>\n<p>&#8220;Tanto, que o pr\u00f3prio Minist\u00e9rio P\u00fablico Federal esqueceu de mencionar que em suas alega\u00e7\u00f5es finais pediu a absolvi\u00e7\u00e3o de Edir Macedo pelo crime de lavagem de dinheiro. Assim sendo, prescri\u00e7\u00e3o, ou absolvi\u00e7\u00e3o pura e simples, qual a diferen\u00e7a para o combativo \u00f3rg\u00e3o ministerial?&#8221;, afirmou a ju\u00edza.<\/p>\n<p>A magistrada\u00a0disse\u00a0que o processo ficou paralisado at\u00e9 junho de 2018 aguardando o julgamento de um recurso da Procuradoria no Tribunal Regional Federal da 3\u00aa Regi\u00e3o\u00a0contra a decis\u00e3o de\u00a0Cavali de 2011.<\/p>\n<p>Segundo Rocha, o tribunal confirmou a decis\u00e3o de Cavali e \u201co processo retomou o seu regular andamento praticamente prescrito\u201d.<\/p>\n<p>Procurado pela\u00a0<strong>Folha<\/strong>\u00a0para se manifestar sobre\u00a0as afirma\u00e7\u00f5es da magistrada, o juiz\u00a0Cavali\u00a0disse que &#8220;a\u00a0decis\u00e3o que recebeu parcialmente a den\u00fancia \u2014\u00e0 qual n\u00e3o tenho mais acesso, pois o processo \u00e9 sigiloso\u2014\u00a0foi por mim proferida em 2011 e mantida integralmente pelo TRF3, pelo STJ e pelo STF.&#8221;<\/p>\n<p>&#8220;N\u00e3o atuei mais no referido processo desde 2011, de modo que me \u00e9 imposs\u00edvel comentar as raz\u00f5es da demora processual que levaram \u00e0 prescri\u00e7\u00e3o&#8221;, acrescentou Cavali.<\/p>\n<p>Em nota, a Igreja Universal do Reino de Deus afirmou que\u00a0as acusa\u00e7\u00f5es na a\u00e7\u00e3o\u00a0penal\u00a0&#8220;s\u00e3o completamente equivocadas, al\u00e9m de quase id\u00eanticas a outras que deram origem a processos e inqu\u00e9ritos j\u00e1 julgados e arquivados&#8221;.<\/p>\n<p>&#8220;Embora perseguido e investigado durante muito tempo por autoridades judici\u00e1rias, de forma reiterada, a pr\u00f3pria Justi\u00e7a tem reconhecido a inoc\u00eancia do Bispo Edir Macedo. A Igreja Universal do Reino de Deus tem convic\u00e7\u00e3o de que esse processo ter\u00e1 igual destino&#8221;, afirma a nota.<\/p>\n<p>O Bispo Jo\u00e3o Batista, em nota, negou a pr\u00e1tica dos crimes indicados na acusa\u00e7\u00e3o.<\/p>\n<p>&#8220;Eu fui inserido na den\u00fancia em quest\u00e3o sem que houvesse prova de minha participa\u00e7\u00e3o em qualquer il\u00edcito penal, t\u00e3o somente em raz\u00e3o de posi\u00e7\u00e3o de destaque por mim ocupada na Igreja Universal do Reino de Deus \u00e0 \u00e9poca dos fatos&#8221;, disse o vereador.<\/p>\n<p>&#8220;N\u00e3o obstante tenha se aperfei\u00e7oado a prescri\u00e7\u00e3o da pretens\u00e3o punitiva estatal, cumpre recordar que, ao final do processo, o pr\u00f3prio Minist\u00e9rio P\u00fablico Federal, respons\u00e1vel pelo oferecimento da den\u00fancia em quest\u00e3o, pugnou por minha absolvi\u00e7\u00e3o \u2013permitindo que se conclua que, de fato, se estava diante de acusa\u00e7\u00e3o infundada&#8221;, completou.<\/p>\n<p>Procurada pela reportagem, a defesa do ex-bispo Paulo Roberto Gomes da Concei\u00e7\u00e3o e da executiva Alba Maria Silva da Costa n\u00e3o se manifestou.<\/p>\n<hr \/>\n<p><strong>COMO OCORREU A PRESCRI\u00c7\u00c3O\u00a0NO CASO DOS BISPOS DA IGREJA UNIVERSAL<\/strong><\/p>\n<p>Veja quais s\u00e3o as quatro etapas para calcular o prazo prescricional do processo<\/p>\n<p><b>1\u00aa Etapa &#8211; Verifica\u00e7\u00e3o da pena m\u00e1xima do crime &#8211;\u00a0<\/b>De acordo com as regras do C\u00f3digo Penal, na primeira inst\u00e2ncia da Justi\u00e7a a prescri\u00e7\u00e3o \u00e9 calculada com par\u00e2metro na pena m\u00e1xima do crime.\u00a0No caso dos bispos da Universal, a acusa\u00e7\u00e3o mais grave foi a de pr\u00e1tica de lavagem de dinheiro, cuja pena m\u00e1xima \u00e9 de 10 anos de pris\u00e3o<\/p>\n<p><b>2\u00aa Etapa &#8211; Enquadramento na tabela do artigo 109 do C\u00f3digo Penal &#8211;\u00a0<\/b>A segunda etapa do c\u00e1lculo \u00e9 feita enquadrando a pena m\u00e1xima do crime em uma tabela que est\u00e1 no artigo 109 do C\u00f3digo Penal. Esse quadro legal estabelece que o prazo prescricional \u00e9 de 16 anos nas hip\u00f3teses em que o m\u00e1ximo da pena \u00e9 superior a oito anos e n\u00e3o excede a 12 anos.\u00a0Deste modo, a regra geral \u00e9 a de que nos crimes de lavagem de dinheiro a prescri\u00e7\u00e3o ocorre em 16 anos<\/p>\n<p><b>3\u00aa Etapa &#8211; Verifica\u00e7\u00e3o da idade dos r\u00e9us &#8211;\u00a0<\/b>Segundo o C\u00f3digo Penal, o prazo de prescri\u00e7\u00e3o para os maiores de 70 anos \u00e9 reduzido pela metade.\u00a0Como Edir Macedo tem 74 anos e Bispo Jo\u00e3o Batista, 75, o prazo prescricional para eles em rela\u00e7\u00e3o \u00e0 acusa\u00e7\u00e3o de pr\u00e1tica de lavagem de dinheiro cai pela metade, e fica em 8 anos<\/p>\n<p><b>4\u00aa Etapa &#8211; Apura\u00e7\u00e3o da data inicial da contagem da prescri\u00e7\u00e3o<\/b>\u00a0&#8211; O marco inicial do prazo prescricional foi em 16 de setembro de 2011, quando a 2\u00aa Vara Criminal Federal em SP\u00a0aceitou a den\u00fancia apresentada pelo Minist\u00e9rio P\u00fablico Federal e deu in\u00edcio \u00e0 a\u00e7\u00e3o penal do caso.\u00a0Assim, a prescri\u00e7\u00e3o em rela\u00e7\u00e3o ao suposto delito de lavagem de dinheiro de Edir Macedo e do Bispo Jo\u00e3o Batista ocorreu em setembro de 2019, oito anos ap\u00f3s o come\u00e7o do processo, que ainda n\u00e3o tem senten\u00e7a de primeira inst\u00e2ncia<\/p>\n<div class=\"rs_skip\"><\/div>\n<\/div>\n<\/div>\n<\/div>\n<\/div>\n<\/div>\n","protected":false},"excerpt":{"rendered":"<p>Processo criminal completou oito anos em setembro, e bispos da Universal n\u00e3o poder\u00e3o mais ser punidos<\/p>\n","protected":false},"author":1,"featured_media":0,"comment_status":"closed","ping_status":"open","sticky":false,"template":"","format":"standard","meta":{"_exactmetrics_skip_tracking":false,"_exactmetrics_sitenote_active":false,"_exactmetrics_sitenote_note":"","_exactmetrics_sitenote_category":0,"jetpack_post_was_ever_published":false,"_jetpack_newsletter_access":"","_jetpack_dont_email_post_to_subs":false,"_jetpack_newsletter_tier_id":0,"_jetpack_memberships_contains_paywalled_content":false,"_jetpack_memberships_contains_paid_content":false,"footnotes":"","jetpack_publicize_message":"","jetpack_publicize_feature_enabled":true,"jetpack_social_post_already_shared":true,"jetpack_social_options":{"image_generator_settings":{"template":"highway","enabled":false},"version":2}},"categories":[1],"tags":[],"class_list":["post-24446","post","type-post","status-publish","format-standard","hentry","category-notas"],"jetpack_publicize_connections":[],"jetpack_sharing_enabled":true,"jetpack_featured_media_url":"","jetpack_shortlink":"https:\/\/wp.me\/p7wKYW-6mi","jetpack-related-posts":[],"_links":{"self":[{"href":"http:\/\/blogdalucianaoliveira.com.br\/blog\/wp-json\/wp\/v2\/posts\/24446","targetHints":{"allow":["GET"]}}],"collection":[{"href":"http:\/\/blogdalucianaoliveira.com.br\/blog\/wp-json\/wp\/v2\/posts"}],"about":[{"href":"http:\/\/blogdalucianaoliveira.com.br\/blog\/wp-json\/wp\/v2\/types\/post"}],"author":[{"embeddable":true,"href":"http:\/\/blogdalucianaoliveira.com.br\/blog\/wp-json\/wp\/v2\/users\/1"}],"replies":[{"embeddable":true,"href":"http:\/\/blogdalucianaoliveira.com.br\/blog\/wp-json\/wp\/v2\/comments?post=24446"}],"version-history":[{"count":1,"href":"http:\/\/blogdalucianaoliveira.com.br\/blog\/wp-json\/wp\/v2\/posts\/24446\/revisions"}],"predecessor-version":[{"id":24447,"href":"http:\/\/blogdalucianaoliveira.com.br\/blog\/wp-json\/wp\/v2\/posts\/24446\/revisions\/24447"}],"wp:attachment":[{"href":"http:\/\/blogdalucianaoliveira.com.br\/blog\/wp-json\/wp\/v2\/media?parent=24446"}],"wp:term":[{"taxonomy":"category","embeddable":true,"href":"http:\/\/blogdalucianaoliveira.com.br\/blog\/wp-json\/wp\/v2\/categories?post=24446"},{"taxonomy":"post_tag","embeddable":true,"href":"http:\/\/blogdalucianaoliveira.com.br\/blog\/wp-json\/wp\/v2\/tags?post=24446"}],"curies":[{"name":"wp","href":"https:\/\/api.w.org\/{rel}","templated":true}]}}