{"id":24448,"date":"2019-10-19T08:08:23","date_gmt":"2019-10-19T12:08:23","guid":{"rendered":"http:\/\/blogdalucianaoliveira.com.br\/blog\/?p=24448"},"modified":"2019-10-19T08:16:29","modified_gmt":"2019-10-19T12:16:29","slug":"russo-deferiu-uma-busca-que-nao-foi-pedida-por-ninguem","status":"publish","type":"post","link":"http:\/\/blogdalucianaoliveira.com.br\/blog\/2019\/10\/19\/russo-deferiu-uma-busca-que-nao-foi-pedida-por-ninguem\/","title":{"rendered":"THE INTERCEPT: \u2018RUSSO DEFERIU UMA BUSCA QUE N\u00c3O FOI PEDIDA POR NINGU\u00c9M\u2019"},"content":{"rendered":"<div class=\"Post-image-block Post-image-block--none\">\n<div class=\"Post-feature-title-wrapper Post-feature-title-wrapper--reduced-font-sizes\">\n<div class=\"Post-feature-title-block\">\n<h2 class=\"Post-feature-subtitle\"><img data-recalc-dims=\"1\" decoding=\"async\" src=\"https:\/\/i0.wp.com\/theintercept.imgix.net\/wp-uploads\/sites\/1\/2019\/10\/pt-22-moro-mobile-1571324921.jpg?w=600&#038;ssl=1\" alt=\"Resultado de imagem para \u2018RUSSO DEFERIU UMA BUSCA QUE N\u00c3O FOI PEDIDA POR NINGU\u00c9M\u2019\" \/><\/h2>\n<h2 class=\"Post-feature-subtitle\"><a class=\"Post-title-link\" href=\"https:\/\/theintercept.com\/2019\/10\/19\/sergio-moro-policia-federal-lava-jato\/\">Sergio Moro tamb\u00e9m direcionava a\u00e7\u00f5es da Pol\u00edcia Federal na Lava Jato \u2013 delegados, sabendo que era errado, esconderam orienta\u00e7\u00e3o do juiz<\/a><\/h2>\n<\/div>\n<\/div>\n<\/div>\n<p><!--more--><\/p>\n<div class=\"Post-header-grid\">\n<div class=\"SeriesExcerpt-index\"><span class=\"\">Parte 22<\/span><\/div>\n<p class=\"Excerpt\">Conversas entre procuradores e delegados da PF mostram como Sergio Moro dava orienta\u00e7\u00f5es e participava de reuni\u00f5es para definir detalhes de opera\u00e7\u00f5es.<\/p>\n<div>\n<p>O ex-juiz Sergio Moro n\u00e3o somente conspirou com os procuradores e comandou a for\u00e7a-tarefa da Lava Jato,\u00a0<a href=\"https:\/\/theintercept.com\/series\/mensagens-lava-jato\/\">conforme revelado pelo\u00a0<b>Intercept<\/b><\/a>, mas tamb\u00e9m, desde o come\u00e7o da opera\u00e7\u00e3o, capitaneou opera\u00e7\u00f5es da Pol\u00edcia Federal. Chats de grupos da Lava Jato no Telegram indicam que o atual ministro da Justi\u00e7a de Jair Bolsonaro inclusive ordenou busca e apreens\u00e3o na casa de suspeitos sem provoca\u00e7\u00e3o do Minist\u00e9rio P\u00fablico (o que \u00e9 irregular).<\/p>\n<p>\u201cRusso deferiu uma busca que n\u00e3o foi pedida por ningu\u00e9m\u2026hahahah. Kkkkk\u201d, escreveu Luciano Flores, delegado da PF alocado na Lava Jato, em fevereiro de 2016, no grupo Amigo Secreto \u2014 se referindo a Moro pelo apelido usado pelos procuradores e delegados. \u201cComo assim?!\u201d, respondeu Renata Rodrigues, outra delegada da PF trabalhando na Lava Jato. O delegado Flores, em resposta, avisou ao grupo: \u201cNormal\u2026 deixa quieto\u2026Vou ajeitar\u2026kkkk\u201d.<\/p>\n<\/div>\n<div class=\"Newsletter-shortcode Newsletter-shortcode-layout-full\">\n<div>\n<p>Desde o in\u00edcio da Vaza Jato, foram documentados in\u00fameros casos do ent\u00e3o juiz conspirando em segredo e de forma ilegal com os procuradores na constru\u00e7\u00e3o dos casos que ele depois dizia julgar de maneira imparcial. Durante os anos em que Moro esteve \u00e0 frente da Lava Jato, ele chegou inclusive a\u00a0<a href=\"https:\/\/theintercept.com\/2019\/06\/09\/chat-moro-deltan-telegram-lava-jato\/\">influir na agenda de opera\u00e7\u00f5es<\/a>, conforme mostram as reportagens do Intercept e seus parceiros, realizadas a partir das mensagens secretas trocadas por meio do aplicativo Telegram e\u00a0<a href=\"https:\/\/theintercept.com\/2019\/06\/09\/editorial-chats-telegram-lava-jato-moro\/\">entregues ao Intercept por uma fonte an\u00f4nima<\/a>. Os di\u00e1logos a seguir, que ocorreram dias antes da\u00a0<a data-tooltip=\"Decis\u00e3o de um juiz que ordena a pol\u00edcia a levar um investigado ou r\u00e9u para depor num interrogat\u00f3rio. Proibida pelo STF em 2018.\">Condu\u00e7\u00e3o Coercitiva<\/a>\u00a0para\u00a0<a href=\"http:\/\/g1.globo.com\/pr\/parana\/noticia\/2016\/03\/policia-deflagrada-nova-fase-da-lava-jato-na-casa-do-ex-presidente-lula.html\" target=\"_blank\">depoimento de Luiz In\u00e1cio Lula da Silva<\/a>\u00a0e da tentativa fracassada da ex-presidente Dilma Rousseff de\u00a0<a href=\"https:\/\/www1.folha.uol.com.br\/poder\/2016\/03\/1750766-dilma-nomeia-lula-como-novo-ministro-da-casa-civil.shtml\" target=\"_blank\">transform\u00e1-lo em ministro-chefe da Casa Civil<\/a>, demonstram que Moro n\u00e3o conspirou somente com os procuradores, mas tamb\u00e9m com a Pol\u00edcia Federal:<\/p>\n<\/div>\n<section class=\"section section--with-background\">\n<div><\/div>\n<div class=\"img-wrap align-center width-fixed\">\n<h6><strong><a data-tooltip=\"Optamos por manter os textos originais das mensagens, sem qualquer tipo de corre\u00e7\u00e3o ou altera\u00e7\u00e3o.\">27 de fevereiro de 2016 \u2013 Grupo Amigo Secreto<\/a><\/strong><\/h6>\n<p><strong><a data-tooltip=\"Agente da Pol\u00edcia Federal no Paran\u00e1, identificado nos chats como Prado APF.\">Rodrigo Prado<\/a>\u00a0\u2013 15:48:19 \u2013<\/strong>\u00a0Senhores:\u00a0<a data-tooltip=\"Nome suprimido pois n\u00e3o se trata de pessoa de interesse p\u00fablico.\">SUPRIMIDO<\/a>\u00a0utiliza seu email particular para receber email que seriam direcionados ao\u00a0<a data-tooltip=\"Luiz In\u00e1cio Lula da Silva\">LILS<\/a>. Seria interessante a quebra. Podemos obter informacoes boas<\/p>\n<\/div>\n<div>\n<h6><strong>Prado \u2013 15:49:00 \u2013<\/strong>\u00a0Gmail<\/h6>\n<h6><strong><a data-tooltip=\"Procurador, membro da for\u00e7a-tarefa da Lava Jato no Paran\u00e1.\">Athayde Ribeiro Costa<\/a>\u00a0\u2013 15:52:32 \u2013<\/strong>\u00a0Otimo<\/h6>\n<h6><strong>Costa \u2013 15:52:39 \u2013<\/strong>\u00a0Tem o endereco ja?<\/h6>\n<h6><strong>Prado \u2013 15:59:00 \u2013<\/strong>\u00a0Sim<\/h6>\n<h6><strong>Prado \u2013 15:59:47 \u2013<\/strong>\u00a0Ja passo<\/h6>\n<h6><strong>Prado \u2013 16:03:15 \u2013<\/strong><a data-tooltip=\"Cont\u00e9m informa\u00e7\u00e3o pessoal.\">SUPRIMIDO<\/a><\/h6>\n<h6><strong><a data-tooltip=\"Delegado da Pol\u00edcia Federal.\">M\u00e1rcio Anselmo<\/a>\u00a0\u2013 16:03:34 \u2013<\/strong>\u00a0Kct<\/h6>\n<h6><strong>Anselmo \u2013 16:03:42 \u2013<\/strong>\u00a0Esse e-mail deve ser destruidor<\/h6>\n<h6><strong><a data-tooltip=\"Delegado da Pol\u00edcia Federal Luciano Flores de Lima.\">Luciano Flores<\/a>\u00a0\u2013 16:06:16 \u2013<\/strong>\u00a0Com essas informa\u00e7\u00f5es sobre o envolvimento de\u00a0<a data-tooltip=\"Nome suprimido pois n\u00e3o se trata de pessoa de interesse p\u00fablico.\">SUPRIMIDO<\/a>, n\u00e3o seria o caso de pedir apreens\u00e3o do smartphone dele???<\/h6>\n<h6><strong>Prado \u2013 16:07:16 \u2013<\/strong>\u00a0Exato. Acho que esse telefone \u00e9 muito importante.<\/h6>\n<h6><strong>Prado \u2013 16:07:35 \u2013<\/strong>\u00a0So que se apreendermos, perdemos o grampo<\/h6>\n<h6><strong>Prado \u2013 16:07:47 \u2013<\/strong>\u00a0O LILS fala muito nesse telefone<\/h6>\n<h6><strong>Prado \u2013 16:07:50 \u2013<\/strong>\u00a0O tempo todo<\/h6>\n<h6><strong>Prado \u2013 16:07:58 \u2013<\/strong>\u00a0\u00c9 o fone seguro dele<\/h6>\n<h6><strong>Prado \u2013 16:08:16 \u2013<\/strong>\u00a0Fala com\u00a0<a data-tooltip=\"Pessoa Exposta Politicamente, termo usado com frequ\u00eancia por investigadores.\">PEPs<\/a>\u00a0somente nesse<\/h6>\n<h6><strong>Flores \u2013 16:10:16 \u2013<\/strong>\u00a0Talvez seja mais um motivo para apreendermos\u2026 se at\u00e9 l\u00e1 ainda n\u00e3o tenha ca\u00eddo alguma prerrogativa de foro que justifique a subida dos autos\u2026 a\u00ed diminuir\u00edamos as chances disso acontecer<\/h6>\n<h6><strong>Costa \u2013 16:56:44 \u2013<\/strong>\u00a0N\u00e3o caiu nada sobre as palestras ainda?<\/h6>\n<h6><strong>Flores \u2013 17:47:27 \u2013<\/strong>\u00a0Prezados, temos 8 condu\u00e7\u00f5es coertivas. Quem tiver quesitos para serem perguntados favor me enviar para eu repassar \u00e0s equipes que far\u00e3o as oitivas ainda na manh\u00e3 do dia D.<\/h6>\n<h6><strong>Flores \u2013 17:48:24 \u2013<\/strong>\u00a0Procs, favor informar se v\u00e3o participar de alguma oitiva dos conduzidos<\/h6>\n<h6><strong>Flores \u2013 17:48:48 \u2013<\/strong>\u00a0At\u00e9 o momento\u2026<\/h6>\n<h6><strong><a data-tooltip=\"Procurador, membro da for\u00e7a-tarefa da Lava Jato no Paran\u00e1.\">Roberson Pozzobon<\/a>\u00a0\u2013 18:08:51 \u2013<\/strong>\u00a0Beleza, Luciano<\/h6>\n<h6><strong><a data-tooltip=\"Procurador Orlando Martello Junior, membro da for\u00e7a-tarefa da Lava Jato no Paran\u00e1.\">Orlando Martello<\/a>\u00a0\u2013 18:09:52 \u2013<\/strong>\u00a0Luciano, Por enquanto est\u00e1 mantida a data?<\/h6>\n<h6><strong>Costa \u2013 18:10:44 \u2013<\/strong>\u00a0Ok. Vamos formular e enviamos<\/h6>\n<h6><strong>Flores \u2013 18:12:08 \u2013<\/strong>\u00a0Sim. Mantida a data de sexta-feira, n\u00e9?<\/h6>\n<h6><strong>Flores \u2013 18:18:04 \u2013<\/strong>\u00a0Russo deferiu uma busca que n\u00e3o foi pedida por ningu\u00e9m\u2026hahahah<\/h6>\n<h6><strong><a data-tooltip=\"Delegada da Pol\u00edcia Federal Renata da Silva Rodrigues.\">Renata Rodrigues<\/a>\u00a0\u2013 18:18:20 \u2013<\/strong>\u00a0Kkkkk<\/h6>\n<h6><strong>Rodrigues \u2013 18:18:20 \u2013<\/strong>\u00a0Como assim?!<\/h6>\n<h6><strong>Flores \u2013 18:18:37 \u2013<\/strong>\u00a0Normal\u2026 deixa quieto\u2026<\/h6>\n<h6><strong>Flores \u2013 18:19:40 \u2013<\/strong>\u00a0Vou ajeitar\u2026kkkk<\/h6>\n<\/div>\n<div class=\"img-wrap align-center width-fixed\"><\/div>\n<\/section>\n<div>\n<p>A aprova\u00e7\u00e3o de Moro para a\u00a0<a href=\"https:\/\/www1.folha.uol.com.br\/poder\/2016\/03\/1746437-conducao-coercitiva-de-lula-foi-decidida-para-evitar-tumulto-diz-moro.shtml\" target=\"_blank\">busca e apreens\u00e3o e para a condu\u00e7\u00e3o<\/a>\u00a0do ex-presidente n\u00e3o \u00e9 irregular \u2014 opera\u00e7\u00f5es desse tipo demandam necessariamente de aprova\u00e7\u00e3o judicial. O que os di\u00e1logos revelam pela primeira vez \u00e9 que o ex-juiz ajudou tamb\u00e9m no planejamento da opera\u00e7\u00e3o, tendo inclusive direcionado quais materiais deveriam ser apreendidos \u2014 uma viola\u00e7\u00e3o do sistema acusat\u00f3rio:<\/p>\n<\/div>\n<section class=\"section section--with-background\">\n<div><\/div>\n<div class=\"img-wrap align-center width-fixed\">\n<h6><strong>4 de mar\u00e7o de 2016 \u2013 Grupo Amigo Secreto<\/strong><\/h6>\n<h6>\n<strong>M\u00e1rcio Anselmo \u2013 10:50:34 \u2013<\/strong>Vai pedir pra apreender as caixas do sindicato???<\/h6>\n<\/div>\n<div>\n<h6><strong>Roberson Pozzobon \u2013 10:53:23 \u2013<\/strong>\u00a0Moro pediu parcim\u00f4nia nessa apreens\u00e3o. Acho que vale a pena ver exatamente o que vamos apreender<\/h6>\n<h6><strong>Anselmo \u2013 10:53:45 \u2013<\/strong>\u00a0O pessoal l\u00e1 pediu pra retificar o mandado<\/h6>\n<h6><strong>Anselmo \u2013 10:53:58 \u2013<\/strong>\u00a0N\u00e3o sei o que fazer<\/h6>\n<h6><strong>Anselmo \u2013 10:54:05 \u2013<\/strong>\u00a0Vivo ainda continua um impasse<\/h6>\n<h6><strong><a data-tooltip=\"Delegado e coordenador da Lava Jato na Pol\u00edcia Federal no Paran\u00e1.\">Igor Romario de Paula<\/a>\u00a0\u2013 10:54:38 \u2013<\/strong>\u00a0Vai ser dif\u00edcil checar isso no local<\/h6>\n<h6><strong>Anselmo \u2013 10:55:58 \u2013<\/strong>\u00a0Aguardo decis\u00e3o de vcs<\/h6>\n<h6><strong><a data-tooltip=\"Procurador e coordenador da for\u00e7a-tarefa da Lava Jato no Paran\u00e1.\">Deltan Dallagnol<\/a>\u00a0\u2013 10:56:20 \u2013<\/strong>\u00a0concordo, tudo<\/h6>\n<h6><strong>Anselmo \u2013 10:56:21 \u2013<\/strong>\u00a0Tem coisa muito valiosa<\/h6>\n<h6><strong>Pozzobon \u2013 10:56:29 \u2013<\/strong>\u00a0Igor, pode ligar para o Moro para explicar?<\/h6>\n<h6><strong>Anselmo \u2013 10:56:33 \u2013<\/strong><a data-tooltip=\"Delegado da Pol\u00edcia Federal Maur\u00edcio Moscardi.\">Moscardi<\/a>\u00a0disse que tem coisa que vale mais de 100 mil<\/h6>\n<h6><strong>Pozzobon \u2013 10:56:41 \u2013<\/strong>\u00a0Ou Marcio<\/h6>\n<h6><strong>Anselmo \u2013 10:56:41 \u2013<\/strong>\u00a0Moro t\u00e1 em audi\u00eancia<\/h6>\n<h6><strong>Pozzobon \u2013 10:57:24 \u2013<\/strong>\u00a0Acho que vale a pena pedir para a equipe esperar um pouco para termos o aval do juiz<\/h6>\n<h6><strong>Dallagnol \u2013 10:57:52 \u2013<\/strong>\u00a0boa<\/h6>\n<h6><strong>Renata Rodrigues \u2013 10:58:16 \u2013<\/strong>\u00a0M\u00e1rcio t\u00e1 pedindo extens\u00e3o do mandado pra possibilitar apreens\u00e3o<\/h6>\n<h6><strong>Anselmo \u2013 10:59:01 \u2013<\/strong>\u00a0Pedi<\/h6>\n<h6><strong>Dallagnol \u2013 10:59:06 \u2013<\/strong>\u00a0Boa<\/h6>\n<\/div>\n<div class=\"img-wrap align-center width-fixed\"><\/div>\n<\/section>\n<\/div>\n<\/div>\n<div>\n<h3 class=\"chapter chapter--without-number\"><span class=\"chapter-title\">\u2018O RUSSO TINHA DITO PRA N\u00c3O TER PRESSA\u2019<\/span><\/h3>\n<div>\n<p><u class=\"no-underline\">CHATS MAIS ANTIGOS MOSTRAM<\/u>\u00a0que as orienta\u00e7\u00f5es de Moro nas opera\u00e7\u00f5es j\u00e1 ocorriam em 2015, como nesse caso, uma semana antes da\u00a0<a href=\"http:\/\/g1.globo.com\/pr\/parana\/noticia\/2015\/06\/na-14-fase-da-lava-jato-pf-cumpre-59-mandados-em-quatro-estados.html\">14\u00aa fase da Lava Jato<\/a>:<\/p>\n<\/div>\n<section class=\"section section--with-background\">\n<div><\/div>\n<div class=\"img-wrap align-center width-fixed\">\n<h6><strong>12 de junho de 2015 \u2013 Grupo FT MPF Curitiba 2<\/strong><\/h6>\n<h6><strong>Orlando Martello \u2013 18:57:12 \u2013<\/strong>\u00a0Pessoal, o russo quer q deixemos a\u00a0<a data-tooltip=\"Construtora Queiroz Galv\u00e3o.\">Q.G.<\/a>\u00a0fora da pr\u00f3xima festa. Posso dar ok?<\/h6>\n<\/div>\n<div>\n<h6><strong>Roberson Pozzobon \u2013 18:58:00 \u2013<\/strong>\u00a0[anexo n\u00e3o encontrado]<\/h6>\n<h6><strong>Deltan Dallagnol \u2013 23:10:48 \u2013<\/strong>\u00a0Se ele tem reclamado de sobrecarga, \u00e9 melhor concordar\u2026 Diogo, como evoluiu a Q.G.? Podemos faz\u00ea-la como pr\u00f3xima fase com outras mam\u00e3o com a\u00e7\u00facar como\u00a0<a data-tooltip=\"Construtora MPE Montagens e Projetos Especiais.\">MPE<\/a>\u00a0e\u00a0<a data-tooltip=\"Construtora Alusa (atualmente chamada Alumini).\">ALUSA<\/a>, depois de\u00a0<a data-tooltip=\"Refer\u00eancia \u00e0 16\u00aa fase da Lava Jato, deflagrada em 28 de julho de 2015, que investigava crimes ligados \u00e0 usina nuclear de Angra 3, no Rio.\">Angra<\/a>.<\/h6>\n<\/div>\n<div class=\"img-wrap align-center width-fixed\"><\/div>\n<\/section>\n<div>\n<p>Na \u00e9poca, as reuni\u00f5es entre o juiz, procuradores e policiais federais para detalhar a\u00e7\u00f5es da Lava Jato eram habituais. Entre 2015 e 2016, encontramos nos arquivos da Vaza Jato pelo menos nove refer\u00eancias a encontros envolvendo delegados da PF e Moro. O procurador Santos Lima, por exemplo, escreveu sobre uma dessas reuni\u00f5es com presen\u00e7a de policiais federais no grupo FT MPF Curitiba 2, em 19 de julho de 2015: \u201cEstou conversando com o Moro. Ele acha que as pris\u00f5es seriam fracas e n\u00e3o valeria a pena adiar. Estou tentando transferir a reuni\u00e3o com a\u00a0<a data-tooltip=\"Delegada da Pol\u00edcia Federal Erika Mialik Marena.\">\u00c9rika<\/a>\u00a0para o gabinete dele\u201d.<\/p>\n<\/div>\n<div class=\"PromoteRelatedPost-promo\">\n<div>\n<p>O fato de Moro comandar a estrat\u00e9gia e os detalhes das opera\u00e7\u00f5es da PF era tratado com tanta naturalidade pela for\u00e7a-tarefa que os procuradores pediam rotineiramente orienta\u00e7\u00f5es ao ent\u00e3o juiz. Santos Lima falou para Deltan em 2015, no grupo PF-MPF Lava Jato 2: \u201cTalvez seja \u00fatil uma den\u00fancia contra ele para traz\u00ea-lo para a colabora\u00e7\u00e3o. Mas precisamos conversar com o Russo e fazer den\u00fancias pequenas e estrat\u00e9gicas\u201d.<\/p>\n<\/div>\n<section class=\"section section--with-background\">\n<div><\/div>\n<div class=\"img-wrap align-center width-fixed\">\n<h6><strong>30 de julho de 2015 \u2013 Grupo PF-MPF Lava Jato\u00a0<\/strong><\/h6>\n<\/div>\n<div>\n<h6><strong>Deltan Dallagnol \u2013 09:34:56 \u2013<\/strong>\u00a0<a data-tooltip=\"Doleiro Adir Assad, investigado na Lava Jato.\">Assad<\/a>\u00a0poderia dar uma boa nova fase daqui a algum tempo, ap\u00f3s as mais prementes<\/h6>\n<h6><strong>Roberson Pozzobon \u2013 09:44:08 \u2013<\/strong>\u00a0Com o Assad tem v\u00e1rias novas frentes poss\u00edveis. As empresas menores da Petro como a Tome faziam nota com ele, mas tamb\u00e9m a Utc. Creio que uma den\u00fancia com est\u00e1 seria mais f\u00e1cil imediatamente, notadamente diante da colabora\u00e7\u00e3o do\u00a0<a data-tooltip=\"Ricardo Pessoa, delator da empreiteira UTC.\">RP<\/a>. Depois, j\u00e1 temos conex\u00e3o para trazer falcatruas dele em ped\u00e1gios, obras em aeroportos. J\u00e1 encontrei inclusive algumas obras financiadas pela Uni\u00e3o.<\/h6>\n<h6><strong>Pozzobon \u2013 09:44:48 \u2013<\/strong>\u00a0Posso te passar o laudo\u00a0<a data-tooltip=\"Delegada de Pol\u00edcia Federal Renata Rodrigues.\">Renata<\/a>\u00a0e os procedimentos da\u00a0<a data-tooltip=\"Receita Federal do Brasil\">RFB<\/a><\/h6>\n<h6><strong><a data-tooltip=\"Procurador, \u00e0 \u00e9poca membro da Lava Jato no Paran\u00e1.\">Carlos Fernando dos Santos Lima<\/a>\u00a0\u2013 09:46:32 \u2013<\/strong>\u00a0Talvez seja \u00fatil uma den\u00fancia contra ele para traz\u00ea-lo para a colabora\u00e7\u00e3o. Mas precisamos conversar com o Russo e fazer den\u00fancias pequenas e estrat\u00e9gicas. N\u00e3o podemos afogar o Judici\u00e1rio.<\/h6>\n<\/div>\n<div class=\"img-wrap align-center width-fixed\">O direcionamento da for\u00e7a-tarefa da Lava Jato e da PF por parte de Moro era corriqueiro. Alguns exemplos-chave deixam claro que os procuradores e delegados discutiam abertamente as ordens que deveriam cumprir:<\/div>\n<\/section>\n<section class=\"section section--with-background\">\n<div><\/div>\n<div class=\"img-wrap align-center width-fixed\">\n<h6><strong>23 de outubro de 2015 \u2013 Grupo PF-MPF Lava Jato\u00a0<\/strong><\/h6>\n<h6><strong>Athayde Ribeiro Costa \u2013 09:36:46 \u2013<\/strong>\u00a0Prezados, sabem dizer onde localizo a planilha\/agenda apreendida com BARRA que descreve pgtos a diversos politicos. Lembro que o russo tinha pedido protocolo separado. Vamos precisar pra manter a prisao dele la em cima<\/h6>\n<\/div>\n<div>\n<h6><strong>Costa \u2013 09:37:24 \u2013<\/strong>\u00a0\u00c9 URGENTE<\/h6>\n<h6><strong><a data-tooltip=\"Delegada da Pol\u00edcia Federal Erika Mialik Marena.\">Erika Marena<\/a>\u00a0\u2013 10:04:20 \u2013<\/strong>\u00a0Oi Athayde, o russo tinha dito pra n\u00e3o ter pressa pra eprocar isso, dai coloquei na contracapa dos autos e acabei esquecendo de eprocar<\/h6>\n<h6><strong>Marena \u2013 10:04:38 \u2013<\/strong>\u00a0Vou fazer isso logo<\/h6>\n<h6><strong>Costa \u2013 10:16:28 \u2013<\/strong>\u00a0Erika, aguarde q vou te ligar. Abs<\/h6>\n<h6><strong>Marena \u2013 10:17:44 \u2013<\/strong>\u00a0Ok<\/h6>\n<\/div>\n<div class=\"img-wrap align-center width-fixed\">Conforme publicado anteriormente pelo Intercept, at\u00e9 mesmo procuradores do MP, quando conversando entre si, comentavam que Moro ultrapassava repetidamente os limites de seu papel de juiz. Em um coment\u00e1rio particularmente sincero, a procuradora Monique Cheker disse que \u201c<a href=\"https:\/\/theintercept.com\/2019\/06\/29\/chats-violacoes-moro-credibilidade-bolsonaro\/\">Moro viola sempre o sistema acusat\u00f3rio e \u00e9 tolerado por seus resultados<\/a>\u201d.<\/div>\n<\/section>\n<div>\n<div>\n<p>N\u00e3o foram s\u00f3 os procuradores da Lava Jato e agentes da PF que sabiam que esse comportamento era impr\u00f3prio. Moro tamb\u00e9m parecia ter consci\u00eancia que seu comportamento violava as regras. \u00c9 exatamente por isso que negou repetida e publicamente ter participado da elabora\u00e7\u00e3o das estrat\u00e9gias da opera\u00e7\u00e3o Lava Jato, inclusive em um v\u00eddeo, agora not\u00f3rio, de\u00a0<a href=\"https:\/\/www.youtube.com\/watch?v=3AutRXEAEKg\">uma palestra de 2016<\/a>. Moro negou publicamente ter feito exatamente o que fez porque sabe que admitir a rela\u00e7\u00e3o pr\u00f3xima com procuradores e delegados seria uma viola\u00e7\u00e3o\u00a0<a href=\"https:\/\/www.cnj.jus.br\/codigo-de-etica-da-magistratura\/\" target=\"_blank\">do cap\u00edtulo 3 do C\u00f3digo de \u00c9tica da Magistratura<\/a>\u00a0e do\u00a0<a href=\"http:\/\/www.planalto.gov.br\/ccivil_03\/decreto-lei\/Del3689.htm\" target=\"_blank\">artigo 25 do C\u00f3digo de Processo Penal<\/a>\u00a0brasileiro, lan\u00e7ando d\u00favidas sobre a imparcialidade.<\/p>\n<p>De forma ir\u00f4nica, a rela\u00e7\u00e3o que se criou entre procuradores e delegados com o ex-juiz foi suficiente para a produ\u00e7\u00e3o de diversas arbitrariedades contra direitos constitucionais, sem que houvesse o menor ind\u00edcio de embara\u00e7o. Mas a possibilidade de incomodar o ex-juiz em seu momento de lazer causava receio, como \u00e9 t\u00edpico de uma rela\u00e7\u00e3o hier\u00e1rquica, na qual n\u00e3o \u00e9 recomend\u00e1vel incomodar o superior. Na noite de 19 de julho de 2015, o procurador Athayde Ribeiro Costa fez um pedido ao colega Carlos Fernando dos Santos Lima: \u201cCf avise o russo do email. Vc tem mais intimidade pra incomoda-lo no domingo\u201d. O decano da opera\u00e7\u00e3o respondeu: \u201cJ\u00e1 avisei\u201d. E encerrou a conversa com um joinha.<\/p>\n<\/div>\n<div class=\"img-wrap align-bleed full-bleed width-auto\">\n<div class=\"PostContent\">\n<div>\n<p>A for\u00e7a-tarefa da Lava Jato em Curitiba disse ao Intercept que n\u00e3o reconhece as mensagens que t\u00eam sido atribu\u00eddas a seus integrantes nas \u00faltimas semanas. \u201cO material \u00e9 oriundo de crime cibern\u00e9tico e tem sido usado, editado ou fora de contexto, para embasar acusa\u00e7\u00f5es e distor\u00e7\u00f5es que n\u00e3o correspondem \u00e0 realidade. O site prejudica o direito de resposta ao n\u00e3o fornecer todo o material que diz usar na publica\u00e7\u00e3o\u201d, respondeu a assessoria de imprensa. Ao pedir coment\u00e1rios de fontes, o Intercept fornece o contexto e descreve o conte\u00fado das reportagens, mas se reserva no direito de n\u00e3o antecipar trechos dos textos \u2014 seja a for\u00e7a-tarefa ou qualquer outra fonte.<\/p>\n<p>\u201cO momento da execu\u00e7\u00e3o das fases da opera\u00e7\u00e3o leva em conta v\u00e1rios fatores, entre estes a capacidade de trabalho da Vara Federal, da Pol\u00edcia e do Minist\u00e9rio P\u00fablico Federal. A opera\u00e7\u00e3o envolvendo a construtora Queiroz Galv\u00e3o foi realizada em agosto de 2016 (33\u00aa fase), sendo que seus executivos foram denunciados logo depois (n\u00fameros das a\u00e7\u00f5es penais: 5045575-84.2016.404.7000 e 5046120-57.2016.404.7000)\u201d, escreveu a assessoria de imprensa da for\u00e7a-tarefa.<\/p>\n<p><strong>Corre\u00e7\u00e3o: 19 de outubro, 2h50<br \/>\n<\/strong><em>Uma vers\u00e3o anterior desse texto\u00a0indicava que o\u00a0primeiro di\u00e1logo em destaque havia ocorrido no dia 4 de mar\u00e7o de 2016.\u00a0Na verdade, o di\u00e1logo aconteceu em 27 de fevereiro de 2016. A informa\u00e7\u00e3o j\u00e1 foi corrigida.<\/em><\/p>\n<p><strong>Corre\u00e7\u00e3o: 19 de outubro, 8h45<br \/>\n<\/strong><em>Uma vers\u00e3o anterior desse texto\u00a0identificava Rodrigo Prado como delegado da Pol\u00edcia Federal. Na verdade, ele \u00e9 agente da PF. A informa\u00e7\u00e3o foi corrigida.<\/em><\/p>\n<\/div>\n<\/div>\n<div id=\"third-party--article-bottom\" class=\"InlineDonationPromo-container\"><\/div>\n<\/div>\n<\/div>\n<\/div>\n<\/div>\n","protected":false},"excerpt":{"rendered":"<p>Sergio Moro tamb\u00e9m direcionava a\u00e7\u00f5es da Pol\u00edcia Federal na Lava Jato \u2013 delegados, sabendo que era errado, esconderam orienta\u00e7\u00e3o do juiz<\/p>\n","protected":false},"author":1,"featured_media":0,"comment_status":"closed","ping_status":"open","sticky":false,"template":"","format":"standard","meta":{"_exactmetrics_skip_tracking":false,"_exactmetrics_sitenote_active":false,"_exactmetrics_sitenote_note":"","_exactmetrics_sitenote_category":0,"jetpack_post_was_ever_published":false,"_jetpack_newsletter_access":"","_jetpack_dont_email_post_to_subs":false,"_jetpack_newsletter_tier_id":0,"_jetpack_memberships_contains_paywalled_content":false,"_jetpack_memberships_contains_paid_content":false,"footnotes":"","jetpack_publicize_message":"","jetpack_publicize_feature_enabled":true,"jetpack_social_post_already_shared":true,"jetpack_social_options":{"image_generator_settings":{"template":"highway","enabled":false},"version":2}},"categories":[1],"tags":[],"class_list":["post-24448","post","type-post","status-publish","format-standard","hentry","category-notas"],"jetpack_publicize_connections":[],"jetpack_sharing_enabled":true,"jetpack_featured_media_url":"","jetpack_shortlink":"https:\/\/wp.me\/p7wKYW-6mk","jetpack-related-posts":[],"_links":{"self":[{"href":"http:\/\/blogdalucianaoliveira.com.br\/blog\/wp-json\/wp\/v2\/posts\/24448","targetHints":{"allow":["GET"]}}],"collection":[{"href":"http:\/\/blogdalucianaoliveira.com.br\/blog\/wp-json\/wp\/v2\/posts"}],"about":[{"href":"http:\/\/blogdalucianaoliveira.com.br\/blog\/wp-json\/wp\/v2\/types\/post"}],"author":[{"embeddable":true,"href":"http:\/\/blogdalucianaoliveira.com.br\/blog\/wp-json\/wp\/v2\/users\/1"}],"replies":[{"embeddable":true,"href":"http:\/\/blogdalucianaoliveira.com.br\/blog\/wp-json\/wp\/v2\/comments?post=24448"}],"version-history":[{"count":5,"href":"http:\/\/blogdalucianaoliveira.com.br\/blog\/wp-json\/wp\/v2\/posts\/24448\/revisions"}],"predecessor-version":[{"id":24453,"href":"http:\/\/blogdalucianaoliveira.com.br\/blog\/wp-json\/wp\/v2\/posts\/24448\/revisions\/24453"}],"wp:attachment":[{"href":"http:\/\/blogdalucianaoliveira.com.br\/blog\/wp-json\/wp\/v2\/media?parent=24448"}],"wp:term":[{"taxonomy":"category","embeddable":true,"href":"http:\/\/blogdalucianaoliveira.com.br\/blog\/wp-json\/wp\/v2\/categories?post=24448"},{"taxonomy":"post_tag","embeddable":true,"href":"http:\/\/blogdalucianaoliveira.com.br\/blog\/wp-json\/wp\/v2\/tags?post=24448"}],"curies":[{"name":"wp","href":"https:\/\/api.w.org\/{rel}","templated":true}]}}