{"id":2445,"date":"2016-07-16T19:43:05","date_gmt":"2016-07-16T23:43:05","guid":{"rendered":"http:\/\/blogdalucianaoliveira.com.br\/blog\/?p=2445"},"modified":"2016-07-16T19:43:05","modified_gmt":"2016-07-16T23:43:05","slug":"sem-democracia-a-desordem-se-instala-a-loucura-combate-a-loucura","status":"publish","type":"post","link":"http:\/\/blogdalucianaoliveira.com.br\/blog\/2016\/07\/16\/sem-democracia-a-desordem-se-instala-a-loucura-combate-a-loucura\/","title":{"rendered":"Sem democracia, a desordem se instala. A loucura combate a loucura"},"content":{"rendered":"<p><img data-recalc-dims=\"1\" loading=\"lazy\" decoding=\"async\" data-attachment-id=\"2446\" data-permalink=\"http:\/\/blogdalucianaoliveira.com.br\/blog\/2016\/07\/16\/sem-democracia-a-desordem-se-instala-a-loucura-combate-a-loucura\/togas\/\" data-orig-file=\"https:\/\/i0.wp.com\/blogdalucianaoliveira.com.br\/blog\/wp-content\/uploads\/2016\/07\/togas.jpg?fit=615%2C300\" data-orig-size=\"615,300\" data-comments-opened=\"0\" data-image-meta=\"{&quot;aperture&quot;:&quot;0&quot;,&quot;credit&quot;:&quot;&quot;,&quot;camera&quot;:&quot;&quot;,&quot;caption&quot;:&quot;&quot;,&quot;created_timestamp&quot;:&quot;0&quot;,&quot;copyright&quot;:&quot;&quot;,&quot;focal_length&quot;:&quot;0&quot;,&quot;iso&quot;:&quot;0&quot;,&quot;shutter_speed&quot;:&quot;0&quot;,&quot;title&quot;:&quot;&quot;,&quot;orientation&quot;:&quot;0&quot;}\" data-image-title=\"togas\" data-image-description=\"\" data-image-caption=\"\" data-medium-file=\"https:\/\/i0.wp.com\/blogdalucianaoliveira.com.br\/blog\/wp-content\/uploads\/2016\/07\/togas.jpg?fit=300%2C146\" data-large-file=\"https:\/\/i0.wp.com\/blogdalucianaoliveira.com.br\/blog\/wp-content\/uploads\/2016\/07\/togas.jpg?fit=600%2C293\" src=\"https:\/\/i0.wp.com\/blogdalucianaoliveira.com.br\/blog\/wp-content\/uploads\/2016\/07\/togas.jpg?resize=600%2C293\" alt=\"togas\" width=\"600\" height=\"293\" class=\"alignnone size-full wp-image-2446\" srcset=\"https:\/\/i0.wp.com\/blogdalucianaoliveira.com.br\/blog\/wp-content\/uploads\/2016\/07\/togas.jpg?w=615 615w, https:\/\/i0.wp.com\/blogdalucianaoliveira.com.br\/blog\/wp-content\/uploads\/2016\/07\/togas.jpg?resize=300%2C146 300w\" sizes=\"auto, (max-width: 600px) 100vw, 600px\" \/><\/p>\n<p>Do DCM<\/p>\n<p>As autoridades da Turquia ordenaram neste s\u00e1bado a pris\u00e3o de 2.745 ju\u00edzes e promotores, ap\u00f3s a tentativa de golpe militar, disse a emissora NTV, \u00e0 medida em que o governo segue com puni\u00e7\u00f5es a suspeitos de seguirem o cl\u00e9rigo Fethullah Gulen, que mora nos Estados Unidos. <!--more--><\/p>\n<p>O presidente Tayyip Erdogan afirmou que os seguidores de Gulen est\u00e3o por tr\u00e1s do golpe da sexta-feira \u00e0 noite que tentou tir\u00e1-lo do poder.<\/p>\n<p>Erdogan disse que o cl\u00e9rigo, que vive em um ex\u00edlio auto-imposto nos EUA, est\u00e1 tentando criar uma \u201cestrutura paralela\u201d no judici\u00e1rio e no ex\u00e9rcito para tentar derrubar o Estado, o que Gulen nega.<\/p>\n","protected":false},"excerpt":{"rendered":"<p>Do DCM As autoridades da Turquia ordenaram neste s\u00e1bado a pris\u00e3o de 2.745 ju\u00edzes e promotores, ap\u00f3s a tentativa de golpe militar, disse a emissora NTV, \u00e0 medida em que o governo segue com puni\u00e7\u00f5es a suspeitos de seguirem o cl\u00e9rigo Fethullah Gulen, que mora nos Estados Unidos.<\/p>\n","protected":false},"author":1,"featured_media":0,"comment_status":"closed","ping_status":"open","sticky":false,"template":"","format":"standard","meta":{"_exactmetrics_skip_tracking":false,"_exactmetrics_sitenote_active":false,"_exactmetrics_sitenote_note":"","_exactmetrics_sitenote_category":0,"jetpack_post_was_ever_published":false,"_jetpack_newsletter_access":"","_jetpack_dont_email_post_to_subs":false,"_jetpack_newsletter_tier_id":0,"_jetpack_memberships_contains_paywalled_content":false,"_jetpack_memberships_contains_paid_content":false,"footnotes":"","jetpack_publicize_message":"","jetpack_publicize_feature_enabled":true,"jetpack_social_post_already_shared":true,"jetpack_social_options":{"image_generator_settings":{"template":"highway","enabled":false},"version":2}},"categories":[1],"tags":[],"class_list":["post-2445","post","type-post","status-publish","format-standard","hentry","category-notas"],"jetpack_publicize_connections":[],"jetpack_sharing_enabled":true,"jetpack_featured_media_url":"","jetpack_shortlink":"https:\/\/wp.me\/p7wKYW-Dr","jetpack-related-posts":[],"_links":{"self":[{"href":"http:\/\/blogdalucianaoliveira.com.br\/blog\/wp-json\/wp\/v2\/posts\/2445","targetHints":{"allow":["GET"]}}],"collection":[{"href":"http:\/\/blogdalucianaoliveira.com.br\/blog\/wp-json\/wp\/v2\/posts"}],"about":[{"href":"http:\/\/blogdalucianaoliveira.com.br\/blog\/wp-json\/wp\/v2\/types\/post"}],"author":[{"embeddable":true,"href":"http:\/\/blogdalucianaoliveira.com.br\/blog\/wp-json\/wp\/v2\/users\/1"}],"replies":[{"embeddable":true,"href":"http:\/\/blogdalucianaoliveira.com.br\/blog\/wp-json\/wp\/v2\/comments?post=2445"}],"version-history":[{"count":1,"href":"http:\/\/blogdalucianaoliveira.com.br\/blog\/wp-json\/wp\/v2\/posts\/2445\/revisions"}],"predecessor-version":[{"id":2447,"href":"http:\/\/blogdalucianaoliveira.com.br\/blog\/wp-json\/wp\/v2\/posts\/2445\/revisions\/2447"}],"wp:attachment":[{"href":"http:\/\/blogdalucianaoliveira.com.br\/blog\/wp-json\/wp\/v2\/media?parent=2445"}],"wp:term":[{"taxonomy":"category","embeddable":true,"href":"http:\/\/blogdalucianaoliveira.com.br\/blog\/wp-json\/wp\/v2\/categories?post=2445"},{"taxonomy":"post_tag","embeddable":true,"href":"http:\/\/blogdalucianaoliveira.com.br\/blog\/wp-json\/wp\/v2\/tags?post=2445"}],"curies":[{"name":"wp","href":"https:\/\/api.w.org\/{rel}","templated":true}]}}