{"id":24461,"date":"2019-10-20T19:27:17","date_gmt":"2019-10-20T23:27:17","guid":{"rendered":"http:\/\/blogdalucianaoliveira.com.br\/blog\/?p=24461"},"modified":"2019-10-20T19:27:17","modified_gmt":"2019-10-20T23:27:17","slug":"eles-sao-todos-malucos-e-sociopatas-agora-perseguem-ate-estatua","status":"publish","type":"post","link":"http:\/\/blogdalucianaoliveira.com.br\/blog\/2019\/10\/20\/eles-sao-todos-malucos-e-sociopatas-agora-perseguem-ate-estatua\/","title":{"rendered":"Eles s\u00e3o todos malucos e sociopatas: agora perseguem at\u00e9 est\u00e1tua"},"content":{"rendered":"<p><img data-recalc-dims=\"1\" decoding=\"async\" src=\"https:\/\/i0.wp.com\/ogimg.infoglobo.com.br\/in\/23235989-5f2-11c\/FT1086A\/652\/79876526_Brazilian-President-elect-Jair-Bolsonaro-L-and-his-newly-appointed-Foreign-Minister-Brazili.jpg?w=600&#038;ssl=1\" alt=\"Imagem relacionada\" \/><\/p>\n<p>Num governo de Bolsonaros, Damares, Moros, Mour\u00f5es, Weintraubs, Ara\u00fajos, Helenos, Villas B\u00f4as e outras esp\u00e9cies do g\u00eanero, fica dif\u00edcil dizer qual deles \u00e9 mais maluco.<!--more--><\/p>\n<p>Por Ricardo Kotscho<\/p>\n<p>A caracter\u00edstica comum \u00e9 a sociopatia, a falta de compaix\u00e3o, o descaso com os mais pobres, o esp\u00edrito de vingan\u00e7a e de \u00f3dio, a persegui\u00e7\u00e3o \u00e0 cultura, \u00e0 ci\u00eancia, \u00e0s minorias, ao meio ambiente, aos advers\u00e1rios e aos diferentes.<\/p>\n<p>Em sua guerra contra o mundo, nem as est\u00e1tuas escapam.<\/p>\n<p>A \u00faltima do chanceler terraplanista do nazismo de esquerda foi mandar tirar do Itamaraty a est\u00e1tua de San Tiago Dantas, um dos maiores nomes da diplomacia brasileira, como relata Lauro Jardim em sua coluna no Globo deste domingo.<\/p>\n<p>O crime do qual o grande diplomata \u00e9 acusado pelo inacredit\u00e1vel e inveros\u00edmel Ernesto Ara\u00fajo: Dantas reatou as rela\u00e7\u00f5es do Brasil com a Uni\u00e3o Sovi\u00e9tica.<\/p>\n<p>Algu\u00e9m precisa avisar urgentemente o lun\u00e1tico chanceler bolsonariano que a Uni\u00e3o Sovi\u00e9tica j\u00e1 acabou faz tempo e o Muro de Berlim foi derrubado em 1989, h\u00e1 exatamente 30 anos.<\/p>\n<p>Pode parecer apenas mais uma bobagem, como a conspira\u00e7\u00e3o internacional liderada pela Venezuela que, segundo o capit\u00e3o Bolsonaro, inundou o nordeste de \u00f3leo para derrubar os leil\u00f5es do pr\u00e9-sal.<\/p>\n<p>Ao ler essas coisas, qualquer psiquiatra em in\u00edcio de careira mandaria recolher doidos como esses e a ministra Damares, que v\u00ea crucifixos na vagina de crian\u00e7as.<\/p>\n<p>O general Villas B\u00f4as, assessor especial do general Augusto Heleno, mesmo numa UTI, est\u00e1 vendo o perigo de \u201cconvuls\u00f5es sociais\u201d por toda parte.<\/p>\n<p>Poderia passar o resto do dia aqui listando todos os absurdos, as sandices, as agress\u00f5es gratuitas, as amea\u00e7as, a troca de gentilezas entre membros do PSL, o presidente e seus filhos, mas n\u00e3o quero estragar o domingo de ningu\u00e9m com essa resenha macabra.<\/p>\n<p>Daqui a pouco v\u00e3o mandar derrubar est\u00e1tuas de Tiradentes porque ousou desafiar a C\u00f4rte para libertar o Brasil _ um revolucion\u00e1rio disfar\u00e7ado de dentista.<\/p>\n<p>Tiradentes s\u00f3 n\u00e3o pode ser acusado de comunista por Ara\u00fajo porque o comunismo ainda n\u00e3o tinha sido inventado na \u00e9poca dele.<\/p>\n<p>Mas na realidade virtual e delirante em que vive essa gente, no vale tudo das fake news oficiais, tudo agora \u00e9 poss\u00edvel.<\/p>\n<p>O grande problema desse desgoverno n\u00e3o \u00e9 pol\u00edtico, ideol\u00f3gico nem econ\u00f4mico. \u00c9 psiqui\u00e1trico.<\/p>\n<p>Vai come\u00e7ar o futebol. \u00c9 melhor mudar um pouco de assunto. Boa sorte.<\/p>\n<p>Vida que segue.<\/p>\n","protected":false},"excerpt":{"rendered":"<p>Num governo de Bolsonaros, Damares, Moros, Mour\u00f5es, Weintraubs, Ara\u00fajos, Helenos, Villas B\u00f4as e outras esp\u00e9cies do g\u00eanero, fica dif\u00edcil dizer qual deles \u00e9 mais maluco.<\/p>\n","protected":false},"author":1,"featured_media":0,"comment_status":"closed","ping_status":"open","sticky":false,"template":"","format":"standard","meta":{"_exactmetrics_skip_tracking":false,"_exactmetrics_sitenote_active":false,"_exactmetrics_sitenote_note":"","_exactmetrics_sitenote_category":0,"jetpack_post_was_ever_published":false,"_jetpack_newsletter_access":"","_jetpack_dont_email_post_to_subs":false,"_jetpack_newsletter_tier_id":0,"_jetpack_memberships_contains_paywalled_content":false,"_jetpack_memberships_contains_paid_content":false,"footnotes":"","jetpack_publicize_message":"","jetpack_publicize_feature_enabled":true,"jetpack_social_post_already_shared":true,"jetpack_social_options":{"image_generator_settings":{"template":"highway","enabled":false},"version":2}},"categories":[1],"tags":[],"class_list":["post-24461","post","type-post","status-publish","format-standard","hentry","category-notas"],"jetpack_publicize_connections":[],"jetpack_sharing_enabled":true,"jetpack_featured_media_url":"","jetpack_shortlink":"https:\/\/wp.me\/p7wKYW-6mx","jetpack-related-posts":[],"_links":{"self":[{"href":"http:\/\/blogdalucianaoliveira.com.br\/blog\/wp-json\/wp\/v2\/posts\/24461","targetHints":{"allow":["GET"]}}],"collection":[{"href":"http:\/\/blogdalucianaoliveira.com.br\/blog\/wp-json\/wp\/v2\/posts"}],"about":[{"href":"http:\/\/blogdalucianaoliveira.com.br\/blog\/wp-json\/wp\/v2\/types\/post"}],"author":[{"embeddable":true,"href":"http:\/\/blogdalucianaoliveira.com.br\/blog\/wp-json\/wp\/v2\/users\/1"}],"replies":[{"embeddable":true,"href":"http:\/\/blogdalucianaoliveira.com.br\/blog\/wp-json\/wp\/v2\/comments?post=24461"}],"version-history":[{"count":1,"href":"http:\/\/blogdalucianaoliveira.com.br\/blog\/wp-json\/wp\/v2\/posts\/24461\/revisions"}],"predecessor-version":[{"id":24462,"href":"http:\/\/blogdalucianaoliveira.com.br\/blog\/wp-json\/wp\/v2\/posts\/24461\/revisions\/24462"}],"wp:attachment":[{"href":"http:\/\/blogdalucianaoliveira.com.br\/blog\/wp-json\/wp\/v2\/media?parent=24461"}],"wp:term":[{"taxonomy":"category","embeddable":true,"href":"http:\/\/blogdalucianaoliveira.com.br\/blog\/wp-json\/wp\/v2\/categories?post=24461"},{"taxonomy":"post_tag","embeddable":true,"href":"http:\/\/blogdalucianaoliveira.com.br\/blog\/wp-json\/wp\/v2\/tags?post=24461"}],"curies":[{"name":"wp","href":"https:\/\/api.w.org\/{rel}","templated":true}]}}