{"id":24463,"date":"2019-10-20T22:14:37","date_gmt":"2019-10-21T02:14:37","guid":{"rendered":"http:\/\/blogdalucianaoliveira.com.br\/blog\/?p=24463"},"modified":"2019-10-20T22:14:37","modified_gmt":"2019-10-21T02:14:37","slug":"insatisfacao-no-chile-vai-alem-de-aumento-na-tarifa-do-metro","status":"publish","type":"post","link":"http:\/\/blogdalucianaoliveira.com.br\/blog\/2019\/10\/20\/insatisfacao-no-chile-vai-alem-de-aumento-na-tarifa-do-metro\/","title":{"rendered":"Insatisfa\u00e7\u00e3o no Chile vai al\u00e9m de aumento na tarifa do metr\u00f4"},"content":{"rendered":"<header class=\"c-content-head\" data-share-text=\"\">\n<div class=\"c-content-head__wrap\">\n<h2 class=\"c-content-head__subtitle\"><img data-recalc-dims=\"1\" decoding=\"async\" class=\"img-responsive\" src=\"https:\/\/i0.wp.com\/f.i.uol.com.br\/fotografia\/2019\/10\/20\/15715808935dac6bdd07bcf_1571580893_3x2_md.jpg?w=600&#038;ssl=1\" sizes=\"(min-width: 1024px) 68vw, 100vw\" srcset=\" https:\/\/f.i.uol.com.br\/fotografia\/2019\/10\/20\/15715808935dac6bdd07bcf_1571580893_3x2_th.jpg 100w,                                    https:\/\/f.i.uol.com.br\/fotografia\/2019\/10\/20\/15715808935dac6bdd07bcf_1571580893_3x2_sm.jpg 480w,                   https:\/\/f.i.uol.com.br\/fotografia\/2019\/10\/20\/15715808935dac6bdd07bcf_1571580893_3x2_md.jpg 768w,                   https:\/\/f.i.uol.com.br\/fotografia\/2019\/10\/20\/15715808935dac6bdd07bcf_1571580893_3x2_lg.jpg 1024w,                   https:\/\/f.i.uol.com.br\/fotografia\/2019\/10\/20\/15715808935dac6bdd07bcf_1571580893_3x2_xl.jpg 1200w,                   https:\/\/f.i.uol.com.br\/fotografia\/2019\/10\/20\/15715808935dac6bdd07bcf_1571580893_3x2_rt.jpg 2400w \" alt=\"Esta\u00e7\u00e3o do metr\u00f4 incendiada pelos manifestantes, no s\u00e1bado (19); ao lado um cartaz que diz: 'Chile n\u00e3o acorda'.\" \/><\/h2>\n<h2 class=\"c-content-head__subtitle\">Elogiado por Bolsonaro, pa\u00eds enfrenta desafios que v\u00e3o da educa\u00e7\u00e3o ao alto custo de vida<\/h2>\n<\/div>\n<\/header>\n<p><!--more--><\/p>\n<div class=\"c-tools-share c-tools-share--bordered-md toolbar rs_skip\">\n<div class=\"c-news__wrap\">\n<div class=\"c-signature\"><strong class=\"c-signature__author\">Sylvia Colombo<\/strong><\/div>\n<div class=\"c-signature\">Na FSP<\/div>\n<\/div>\n<div class=\"c-news__content\">\n<div class=\"c-news__body\" data-share-text=\"\" data-news-content-text=\"\" data-disable-copy=\"\" data-continue-reading=\"\" data-continue-reading-hide-others=\".js-continue-reading-hidden\">\n<p>N\u00e3o eram apenas os 3,75% do aumento da passagem de metr\u00f4.<\/p>\n<p>Isso ficou bastante claro quando, ap\u00f3s o presidente chileno, Sebasti\u00e1n Pi\u00f1era, ter\u00a0<a href=\"https:\/\/www1.folha.uol.com.br\/mundo\/2019\/10\/apos-protestos-violentos-pinera-cancela-aumento-na-tarifa-do-metro-em-santiago.shtml\">recuado da decis\u00e3o de aumentar a tarifa<\/a>, na noite de sexta-feira (19), ainda assim os dist\u00farbios continuaram noite adentro.<\/p>\n<p>Mesmo com o toque de recolher, foram registrados saques, inc\u00eandios de ve\u00edculos, edif\u00edcios e esta\u00e7\u00f5es, confrontos com os policiais\u00a0e o Ex\u00e9rcito nas ruas de v\u00e1rias cidades do pa\u00eds.<\/p>\n<div class=\"c-advertising c-advertising--300x250 u-hidden-xs\">Pois eis que o Chile\u00a0\u2014t\u00e3o elogiado pelo presidente Jair Bolsonaro, que o elegeu como primeiro destino sul-americano depois de empossado\u2014\u00a0n\u00e3o tem todos os seus problemas resolvidos.<\/div>\n<p>Tanto que surgem agora nas ruas diversas bandeiras que mostram o cansa\u00e7o da sociedade chilena com v\u00e1rios aspectos da vida no pa\u00eds.<\/p>\n<p>Entre eles, as magras ou nulas aposentadorias (fruto de uma reforma da previd\u00eancia que o Brasil da atual gest\u00e3o mostrou interesse em copiar) e\u00a0o alto custo de vida (s\u00f3 na \u00faltima d\u00e9cada, o pre\u00e7o para alugar e comprar im\u00f3veis aumentou em 150%), al\u00e9m da precariedade da sa\u00fade e da educa\u00e7\u00e3o.<\/p>\n<p>Tamb\u00e9m indignam muitos cidad\u00e3os os esc\u00e2ndalos de corrup\u00e7\u00e3o recentes, que envolvem justamente os policiais\u00a0e o Ex\u00e9rcito, os mesmos que est\u00e3o nas ruas reprimindo os protestos.<\/p>\n<div class=\"rs_skip\">\n<p>J\u00e1 os estudantes est\u00e3o cansados h\u00e1 tempos. Desde 2011, marcham e protestam pela educa\u00e7\u00e3o universit\u00e1ria gratuita.<\/p>\n<p>Enquanto a antecessora do atual presidente, Michelle Bachelet, conseguiu que a gratuidade fosse estendida para 40% dos estudantes, desde a volta de Pi\u00f1era as reformas nesse setor est\u00e3o paradas.<\/p>\n<p>Segundo o estudo \u201cDesiguales\u201d, do Pnud (Programa das Na\u00e7\u00f5es Unidas para o Desenvolvimento), o Chile \u00e9 o pa\u00eds mais desigual entre os integrantes da OCDE (Organiza\u00e7\u00e3o para a Coopera\u00e7\u00e3o e Desenvolvimento Econ\u00f4mico) e o s\u00e9timo em desigualdade na Am\u00e9rica Latina. Atualmente, 1% da popula\u00e7\u00e3o concentra 33% da riqueza \u2014e 0,1% capta 19,5% do que o pa\u00eds gera.<\/p>\n<p>Diante desse quadro, a revolta por conta do aumento do metr\u00f4 surge como uma gota d\u00b4\u00e1gua. No fundo, o estopim da atual crise poderia ser qualquer outro, pois o caldo j\u00e1 vem fermentando h\u00e1 tempos.<\/p>\n<p>E \u00e9 preciso refor\u00e7ar que nem a centro-esquerdista Michelle Bachelet (que comandou o pa\u00eds de 2006 a 2010 e de 2014 a 2018)\u00a0e nem o centro-direitista Sebasti\u00e1n Pi\u00f1era (de 2010 a 2014 e desde 2018), em seus mandatos alternados, deram conta de atender a todas essas demandas.<\/p>\n<p>Ao mandar o Ex\u00e9rcito \u00e0s como n\u00e3o acontecia desde o fim da ditadura de Augusto Pinochet, Pi\u00f1era passa um p\u00e9ssimo sinal de intoler\u00e2ncia, embora ao mesmo tempo tenha afirmado ter disposi\u00e7\u00e3o para dialogar.<\/p>\n<p>J\u00e1 as lideran\u00e7as mais radicais tampouco ajudam com os atos de\u00a0<a href=\"https:\/\/www1.folha.uol.com.br\/mundo\/2019\/10\/chile-decreta-estado-de-emergencia-apos-protestos-em-santiago.shtml\">vandal<\/a><a href=\"https:\/\/www1.folha.uol.com.br\/mundo\/2019\/10\/chile-decreta-estado-de-emergencia-apos-protestos-em-santiago.shtml\">ismo<\/a>\u00a0que incendiaram vag\u00f5es e esta\u00e7\u00f5es de um metr\u00f4 que era um dos melhores da Am\u00e9rica Latina, al\u00e9m de tentar destruir pr\u00e9dios p\u00fablicos e de encher de medo as ruas das grandes cidades.<\/p>\n<p>Olhando de fora, o Chile est\u00e1 em posi\u00e7\u00e3o at\u00e9 invej\u00e1vel quando se verifica a macroeconomia. Em 2019, o pa\u00eds deve crescer 2,5%, o que \u00e9 pouco comparado \u00e0 d\u00e9cada passada, por\u00e9m mais do que a m\u00e9dia da regi\u00e3o. Al\u00e9m disso, o pa\u00eds reduziu a pobreza a menos de um quinto do que era em\u00a01987.<\/p>\n<div class=\"rs_skip\">\n<p>Por\u00e9m, as mudan\u00e7as positivas n\u00e3o chegaram para todos. No sul do pa\u00eds, por exemplo, o custo de vida \u00e9 alt\u00edssimo devido \u00e0 log\u00edstica do abastecimento. Ali h\u00e1, ainda, o conflito n\u00e3o resolvido com a numerosa comunidade mapuche, o que tamb\u00e9m j\u00e1 gerou epis\u00f3dios de\u00a0viol\u00eancia, queima de propriedades, inc\u00eandios de florestas e dura repress\u00e3o.<\/p>\n<div class=\"c-news__body\" data-share-text=\"\" data-news-content-text=\"\" data-disable-copy=\"\" data-continue-reading=\"\" data-continue-reading-hide-others=\".js-continue-reading-hidden\">\n<p>Enquanto isso, nas cidades, mais de 70% da popula\u00e7\u00e3o ganha menos de US$ 770 \u2014o que \u00e9 pouco para um pa\u00eds com alto custo de vida.<\/p>\n<p>No m\u00eas passado, a revolta come\u00e7ou a fermentar quando foram anunciados aumentos de contas de luz em 10% \u2014justificadas pelo governo pelo aumento do d\u00f3lar. Agora, a crise se desenfreou com a quest\u00e3o do metr\u00f4 e com a inquieta\u00e7\u00e3o p\u00fablica tomando conta das ruas.<\/p>\n<p>Pi\u00f1era agiu bem recuando no aumento, por\u00e9m, ficou claro que n\u00e3o \u00e9 suficiente. As pr\u00f3ximas horas e dias e o modo como agir\u00e1 para conciliar o pa\u00eds ser\u00e3o cruciais para que o quadro n\u00e3o se agrave ainda mais.<\/p>\n<\/div>\n<div class=\"c-news__stars u-no-print js-continue-reading-hidden\"><\/div>\n<div class=\"c-tools-share c-tools-share--bordered-md c-tools-share--margin-bottom toolbar rs_skip\"><\/div>\n<\/div>\n<\/div>\n<\/div>\n<\/div>\n<\/div>\n","protected":false},"excerpt":{"rendered":"<p>Elogiado por Bolsonaro, pa\u00eds enfrenta desafios que v\u00e3o da educa\u00e7\u00e3o ao alto custo de vida<\/p>\n","protected":false},"author":1,"featured_media":0,"comment_status":"closed","ping_status":"open","sticky":false,"template":"","format":"standard","meta":{"_exactmetrics_skip_tracking":false,"_exactmetrics_sitenote_active":false,"_exactmetrics_sitenote_note":"","_exactmetrics_sitenote_category":0,"jetpack_post_was_ever_published":false,"_jetpack_newsletter_access":"","_jetpack_dont_email_post_to_subs":false,"_jetpack_newsletter_tier_id":0,"_jetpack_memberships_contains_paywalled_content":false,"_jetpack_memberships_contains_paid_content":false,"footnotes":"","jetpack_publicize_message":"","jetpack_publicize_feature_enabled":true,"jetpack_social_post_already_shared":true,"jetpack_social_options":{"image_generator_settings":{"template":"highway","enabled":false},"version":2}},"categories":[1],"tags":[],"class_list":["post-24463","post","type-post","status-publish","format-standard","hentry","category-notas"],"jetpack_publicize_connections":[],"jetpack_sharing_enabled":true,"jetpack_featured_media_url":"","jetpack_shortlink":"https:\/\/wp.me\/p7wKYW-6mz","jetpack-related-posts":[],"_links":{"self":[{"href":"http:\/\/blogdalucianaoliveira.com.br\/blog\/wp-json\/wp\/v2\/posts\/24463","targetHints":{"allow":["GET"]}}],"collection":[{"href":"http:\/\/blogdalucianaoliveira.com.br\/blog\/wp-json\/wp\/v2\/posts"}],"about":[{"href":"http:\/\/blogdalucianaoliveira.com.br\/blog\/wp-json\/wp\/v2\/types\/post"}],"author":[{"embeddable":true,"href":"http:\/\/blogdalucianaoliveira.com.br\/blog\/wp-json\/wp\/v2\/users\/1"}],"replies":[{"embeddable":true,"href":"http:\/\/blogdalucianaoliveira.com.br\/blog\/wp-json\/wp\/v2\/comments?post=24463"}],"version-history":[{"count":1,"href":"http:\/\/blogdalucianaoliveira.com.br\/blog\/wp-json\/wp\/v2\/posts\/24463\/revisions"}],"predecessor-version":[{"id":24464,"href":"http:\/\/blogdalucianaoliveira.com.br\/blog\/wp-json\/wp\/v2\/posts\/24463\/revisions\/24464"}],"wp:attachment":[{"href":"http:\/\/blogdalucianaoliveira.com.br\/blog\/wp-json\/wp\/v2\/media?parent=24463"}],"wp:term":[{"taxonomy":"category","embeddable":true,"href":"http:\/\/blogdalucianaoliveira.com.br\/blog\/wp-json\/wp\/v2\/categories?post=24463"},{"taxonomy":"post_tag","embeddable":true,"href":"http:\/\/blogdalucianaoliveira.com.br\/blog\/wp-json\/wp\/v2\/tags?post=24463"}],"curies":[{"name":"wp","href":"https:\/\/api.w.org\/{rel}","templated":true}]}}