{"id":24470,"date":"2019-10-21T10:27:59","date_gmt":"2019-10-21T14:27:59","guid":{"rendered":"http:\/\/blogdalucianaoliveira.com.br\/blog\/?p=24470"},"modified":"2019-10-21T10:27:59","modified_gmt":"2019-10-21T14:27:59","slug":"depois-de-discurso-contra-privilegios-bolsonaro-vai-liberar-avioes-da-fab-para-parentes-e-classe-executiva-para-ministros","status":"publish","type":"post","link":"http:\/\/blogdalucianaoliveira.com.br\/blog\/2019\/10\/21\/depois-de-discurso-contra-privilegios-bolsonaro-vai-liberar-avioes-da-fab-para-parentes-e-classe-executiva-para-ministros\/","title":{"rendered":"Depois de discurso contra &#8220;privil\u00e9gios&#8221;, Bolsonaro vai liberar avi\u00f5es da FAB para parentes e classe executiva para ministros"},"content":{"rendered":"<p><img data-recalc-dims=\"1\" loading=\"lazy\" decoding=\"async\" data-attachment-id=\"24471\" data-permalink=\"http:\/\/blogdalucianaoliveira.com.br\/blog\/2019\/10\/21\/depois-de-discurso-contra-privilegios-bolsonaro-vai-liberar-avioes-da-fab-para-parentes-e-classe-executiva-para-ministros\/a5b2fbe0-fd8f-4f98-89dc-9b9aff41eee8\/\" data-orig-file=\"https:\/\/i0.wp.com\/blogdalucianaoliveira.com.br\/blog\/wp-content\/uploads\/2019\/10\/A5B2FBE0-FD8F-4F98-89DC-9B9AFF41EEE8.jpeg?fit=500%2C240\" data-orig-size=\"500,240\" data-comments-opened=\"0\" data-image-meta=\"{&quot;aperture&quot;:&quot;0&quot;,&quot;credit&quot;:&quot;&quot;,&quot;camera&quot;:&quot;&quot;,&quot;caption&quot;:&quot;&quot;,&quot;created_timestamp&quot;:&quot;0&quot;,&quot;copyright&quot;:&quot;&quot;,&quot;focal_length&quot;:&quot;0&quot;,&quot;iso&quot;:&quot;0&quot;,&quot;shutter_speed&quot;:&quot;0&quot;,&quot;title&quot;:&quot;&quot;,&quot;orientation&quot;:&quot;0&quot;}\" data-image-title=\"A5B2FBE0-FD8F-4F98-89DC-9B9AFF41EEE8\" data-image-description=\"\" data-image-caption=\"\" data-medium-file=\"https:\/\/i0.wp.com\/blogdalucianaoliveira.com.br\/blog\/wp-content\/uploads\/2019\/10\/A5B2FBE0-FD8F-4F98-89DC-9B9AFF41EEE8.jpeg?fit=300%2C144\" data-large-file=\"https:\/\/i0.wp.com\/blogdalucianaoliveira.com.br\/blog\/wp-content\/uploads\/2019\/10\/A5B2FBE0-FD8F-4F98-89DC-9B9AFF41EEE8.jpeg?fit=500%2C240\" src=\"https:\/\/i0.wp.com\/blogdalucianaoliveira.com.br\/blog\/wp-content\/uploads\/2019\/10\/A5B2FBE0-FD8F-4F98-89DC-9B9AFF41EEE8.jpeg?resize=500%2C240\" alt=\"A5B2FBE0-FD8F-4F98-89DC-9B9AFF41EEE8\" width=\"500\" height=\"240\" class=\"alignnone size-full wp-image-24471\" srcset=\"https:\/\/i0.wp.com\/blogdalucianaoliveira.com.br\/blog\/wp-content\/uploads\/2019\/10\/A5B2FBE0-FD8F-4F98-89DC-9B9AFF41EEE8.jpeg?w=500 500w, https:\/\/i0.wp.com\/blogdalucianaoliveira.com.br\/blog\/wp-content\/uploads\/2019\/10\/A5B2FBE0-FD8F-4F98-89DC-9B9AFF41EEE8.jpeg?resize=300%2C144 300w\" sizes=\"auto, (max-width: 500px) 100vw, 500px\" \/><\/p>\n<p>247 &#8211; Ministros do governo Bolsonaro est\u00e3o exigindo que lhe seja liberado o uso da classe executiva nos avi\u00f5es em viagens internacionais. Enquanto isso, a Controladoria-Geral da Uni\u00e3o (CGU) est\u00e1 para liberar oficialmente a farra da carona a parentes de ministros nos avi\u00f5es da For\u00e7a A\u00e9rea Brasileira (FAB). As mudan\u00e7as acontecem depois de Bolsonaro ter passado a campanha eleitoral e seu in\u00edcio no governo com um discurso radical contra os &#8220;privil\u00e9gios&#8221;.<!--more--><\/p>\n<p>O ministro da CGU, afirmou aos jornalistas T\u00e2nia Monteiro e Breno Pires, de O Estado de S.Paulo, que n\u00e3o considera haver ilegalidade nas caronas dadas por ministros a parentes, parlamentares e mesmo empres\u00e1rios nas aeronaves oficiais por &#8220;n\u00e3o acarretarem despesas extras&#8221;.<\/p>\n<p>Ros\u00e1rio disse n\u00e3o ver irregularidade, por exemplo, na viagem em que o ministro das Rela\u00e7\u00f5es Exteriores, Ernesto Ara\u00fajo, transportou a mulher, Maria Eduarda de Seixas Corr\u00eaa, em maio para Paris. Ainda naquele m\u00eas, parentes de Bolsonaro viajaram em helic\u00f3ptero da Aeron\u00e1utica de S\u00e3o Paulo para o casamento, no Rio, de Eduardo Bolsonaro.<\/p>\n<p>A obrigatoriedade de os ministros viajarem na classe econ\u00f4mica passou a valer em 2018. O decreto foi assinado por Michel Temer e \u00e9 criticado reservadamente por ministros, que se queixam de n\u00e3o poder esticar as pernas nos voos, al\u00e9m do desconforto de longas horas de viagem e da falta de privacidade at\u00e9 para estudar assuntos de governo durante o trajeto. A classe executiva conta com poltronas largas, card\u00e1pios variados e acesso a salas VIP nos aeroportos.<\/p>\n","protected":false},"excerpt":{"rendered":"<p>247 &#8211; Ministros do governo Bolsonaro est\u00e3o exigindo que lhe seja liberado o uso da classe executiva nos avi\u00f5es em viagens internacionais. Enquanto isso, a Controladoria-Geral da Uni\u00e3o (CGU) est\u00e1 para liberar oficialmente a farra da carona a parentes de ministros nos avi\u00f5es da For\u00e7a A\u00e9rea Brasileira (FAB). As mudan\u00e7as acontecem depois de Bolsonaro ter&#8230;<a class=\"more-link\" href=\"http:\/\/blogdalucianaoliveira.com.br\/blog\/2019\/10\/21\/depois-de-discurso-contra-privilegios-bolsonaro-vai-liberar-avioes-da-fab-para-parentes-e-classe-executiva-para-ministros\/\">Continue a leitura <span class=\"meta-nav\">&raquo;<\/span><\/a><\/p>\n","protected":false},"author":1,"featured_media":0,"comment_status":"closed","ping_status":"open","sticky":false,"template":"","format":"standard","meta":{"_exactmetrics_skip_tracking":false,"_exactmetrics_sitenote_active":false,"_exactmetrics_sitenote_note":"","_exactmetrics_sitenote_category":0,"jetpack_post_was_ever_published":false,"_jetpack_newsletter_access":"","_jetpack_dont_email_post_to_subs":false,"_jetpack_newsletter_tier_id":0,"_jetpack_memberships_contains_paywalled_content":false,"_jetpack_memberships_contains_paid_content":false,"footnotes":"","jetpack_publicize_message":"","jetpack_publicize_feature_enabled":true,"jetpack_social_post_already_shared":true,"jetpack_social_options":{"image_generator_settings":{"template":"highway","enabled":false},"version":2}},"categories":[1],"tags":[],"class_list":["post-24470","post","type-post","status-publish","format-standard","hentry","category-notas"],"jetpack_publicize_connections":[],"jetpack_sharing_enabled":true,"jetpack_featured_media_url":"","jetpack_shortlink":"https:\/\/wp.me\/p7wKYW-6mG","jetpack-related-posts":[],"_links":{"self":[{"href":"http:\/\/blogdalucianaoliveira.com.br\/blog\/wp-json\/wp\/v2\/posts\/24470","targetHints":{"allow":["GET"]}}],"collection":[{"href":"http:\/\/blogdalucianaoliveira.com.br\/blog\/wp-json\/wp\/v2\/posts"}],"about":[{"href":"http:\/\/blogdalucianaoliveira.com.br\/blog\/wp-json\/wp\/v2\/types\/post"}],"author":[{"embeddable":true,"href":"http:\/\/blogdalucianaoliveira.com.br\/blog\/wp-json\/wp\/v2\/users\/1"}],"replies":[{"embeddable":true,"href":"http:\/\/blogdalucianaoliveira.com.br\/blog\/wp-json\/wp\/v2\/comments?post=24470"}],"version-history":[{"count":1,"href":"http:\/\/blogdalucianaoliveira.com.br\/blog\/wp-json\/wp\/v2\/posts\/24470\/revisions"}],"predecessor-version":[{"id":24472,"href":"http:\/\/blogdalucianaoliveira.com.br\/blog\/wp-json\/wp\/v2\/posts\/24470\/revisions\/24472"}],"wp:attachment":[{"href":"http:\/\/blogdalucianaoliveira.com.br\/blog\/wp-json\/wp\/v2\/media?parent=24470"}],"wp:term":[{"taxonomy":"category","embeddable":true,"href":"http:\/\/blogdalucianaoliveira.com.br\/blog\/wp-json\/wp\/v2\/categories?post=24470"},{"taxonomy":"post_tag","embeddable":true,"href":"http:\/\/blogdalucianaoliveira.com.br\/blog\/wp-json\/wp\/v2\/tags?post=24470"}],"curies":[{"name":"wp","href":"https:\/\/api.w.org\/{rel}","templated":true}]}}