{"id":24473,"date":"2019-10-21T16:21:08","date_gmt":"2019-10-21T20:21:08","guid":{"rendered":"http:\/\/blogdalucianaoliveira.com.br\/blog\/?p=24473"},"modified":"2019-10-21T16:21:08","modified_gmt":"2019-10-21T20:21:08","slug":"justica-da-24-horas-para-governo-bolsonaro-tomar-providencias-contra-oleo-no-nordeste","status":"publish","type":"post","link":"http:\/\/blogdalucianaoliveira.com.br\/blog\/2019\/10\/21\/justica-da-24-horas-para-governo-bolsonaro-tomar-providencias-contra-oleo-no-nordeste\/","title":{"rendered":"Justi\u00e7a d\u00e1 24 horas para governo Bolsonaro tomar provid\u00eancias contra \u00f3leo no Nordeste"},"content":{"rendered":"<p><img data-recalc-dims=\"1\" loading=\"lazy\" decoding=\"async\" data-attachment-id=\"24474\" data-permalink=\"http:\/\/blogdalucianaoliveira.com.br\/blog\/2019\/10\/21\/justica-da-24-horas-para-governo-bolsonaro-tomar-providencias-contra-oleo-no-nordeste\/abca97e0-7a64-4551-b1c4-05f4749d507a\/\" data-orig-file=\"https:\/\/i0.wp.com\/blogdalucianaoliveira.com.br\/blog\/wp-content\/uploads\/2019\/10\/ABCA97E0-7A64-4551-B1C4-05F4749D507A.jpeg?fit=500%2C240\" data-orig-size=\"500,240\" data-comments-opened=\"0\" data-image-meta=\"{&quot;aperture&quot;:&quot;0&quot;,&quot;credit&quot;:&quot;&quot;,&quot;camera&quot;:&quot;&quot;,&quot;caption&quot;:&quot;&quot;,&quot;created_timestamp&quot;:&quot;0&quot;,&quot;copyright&quot;:&quot;&quot;,&quot;focal_length&quot;:&quot;0&quot;,&quot;iso&quot;:&quot;0&quot;,&quot;shutter_speed&quot;:&quot;0&quot;,&quot;title&quot;:&quot;&quot;,&quot;orientation&quot;:&quot;0&quot;}\" data-image-title=\"ABCA97E0-7A64-4551-B1C4-05F4749D507A\" data-image-description=\"\" data-image-caption=\"\" data-medium-file=\"https:\/\/i0.wp.com\/blogdalucianaoliveira.com.br\/blog\/wp-content\/uploads\/2019\/10\/ABCA97E0-7A64-4551-B1C4-05F4749D507A.jpeg?fit=300%2C144\" data-large-file=\"https:\/\/i0.wp.com\/blogdalucianaoliveira.com.br\/blog\/wp-content\/uploads\/2019\/10\/ABCA97E0-7A64-4551-B1C4-05F4749D507A.jpeg?fit=500%2C240\" src=\"https:\/\/i0.wp.com\/blogdalucianaoliveira.com.br\/blog\/wp-content\/uploads\/2019\/10\/ABCA97E0-7A64-4551-B1C4-05F4749D507A.jpeg?resize=500%2C240\" alt=\"ABCA97E0-7A64-4551-B1C4-05F4749D507A\" width=\"500\" height=\"240\" class=\"alignnone size-full wp-image-24474\" srcset=\"https:\/\/i0.wp.com\/blogdalucianaoliveira.com.br\/blog\/wp-content\/uploads\/2019\/10\/ABCA97E0-7A64-4551-B1C4-05F4749D507A.jpeg?w=500 500w, https:\/\/i0.wp.com\/blogdalucianaoliveira.com.br\/blog\/wp-content\/uploads\/2019\/10\/ABCA97E0-7A64-4551-B1C4-05F4749D507A.jpeg?resize=300%2C144 300w\" sizes=\"auto, (max-width: 500px) 100vw, 500px\" \/><\/p>\n<p>247 &#8211; Decis\u00f5es liminares da Justi\u00e7a Federal em Alagoas e Pernambuco determinaram que o governo de Jair Bolsonaro adote imediatamente provid\u00eancias para conter e recolher o \u00f3leo que atinge as praias do litoral nordestino. <!--more--><\/p>\n<p>Em Pernambuco, a determina\u00e7\u00e3o resulta de a\u00e7\u00e3o civil p\u00fablica ajuizada pelo Minist\u00e9rio P\u00fablico Federal no s\u00e1bado (19) e assinada pelos procuradores da Rep\u00fablica Edson Virg\u00ednio Cavalcante J\u00fanior e Nat\u00e1lia Louren\u00e7o Soares.<\/p>\n<p>Devem ser usados como refer\u00eancia o Atlas de Sensibilidade Ambiental ao \u00d3leo do Litoral de Pernambuco e o Mapeamento Ambiental para Resposta \u00e0 Emerg\u00eancia no Mar (Marem).<\/p>\n<p>Em 24 horas, a contar da notifica\u00e7\u00e3o judicial, dever\u00e1 ter in\u00edcio a implanta\u00e7\u00e3o de barreiras de prote\u00e7\u00e3o dos ecossistemas mais sens\u00edveis, com instala\u00e7\u00e3o de equipamentos adequados feita por equipe especializada.<\/p>\n<p>Em Alagoas, a Justi\u00e7a ordenou a implanta\u00e7\u00e3o de barreiras de prote\u00e7\u00e3o, \u2018com o adequado monitoramento\u2019, nos manguezais, nas principais \u00e1reas de desova das tartarugas marinhas em Alagoas (praias da Jati\u00faca at\u00e9 Ipioca, praias do Franc\u00eas e Barra de S\u00e3o Miguel, praias do Gunga e Jequi\u00e1 da Praia), no Rio S\u00e3o Francisco, nas lagoas Munda\u00fa e Manguaba (CELMM) e no rio Tatuamunha (na \u00c1rea de Prote\u00e7\u00e3o Ambiental Costa dos Corais na cidade de Porto de Pedras), local de prote\u00e7\u00e3o do peixe-boi.<\/p>\n<p>Pela decis\u00e3o, Uni\u00e3o e Ibama devem se manifestar, tecnicamente, sobre a ado\u00e7\u00e3o administrativa e espont\u00e2nea das seguintes medidas:<\/p>\n<p>1) amplia\u00e7\u00e3o do n\u00edvel de atendimento, resgate e habilita\u00e7\u00e3o de fauna emergencial (TIER2 ou TIER3), em rela\u00e7\u00e3o \u00e0 costa alagoana e aos ecossistemas mais sens\u00edveis de Alagoas (e an\u00e1lise de amplia\u00e7\u00e3o da \u00e1rea de abrang\u00eancia, para a devida prote\u00e7\u00e3o dos animais), com a consequente disponibiliza\u00e7\u00e3o dos recursos materiais e humanos, seja diretamente, por parcerias ou contrata\u00e7\u00e3o; e<\/p>\n<p>2) implementa\u00e7\u00e3o de a\u00e7\u00e3o de monitoramento cont\u00ednuo ao longo de toda a extens\u00e3o da plataforma continental mar\u00edtima sob risco, e, em especial, da costa mar\u00edtima alagoana, para localiza\u00e7\u00e3o das manchas de \u00f3leo no mar, devendo faz\u00ea-lo diretamente, com parcerias ou contrata\u00e7\u00e3o, com aeronaves e sensores adequados e com periodicidade m\u00ednima adequada, deixando claro que as provid\u00eancias aqui determinadas restringem-se aos ecossistemas sens\u00edveis de Alagoas e versam sobre o Plano Local de Conting\u00eancia (para vazamento de \u00f3leo no mar) e Planos Estrat\u00e9gicos de Prote\u00e7\u00e3o de \u00c1reas Vulner\u00e1veis (PPAVs) em rela\u00e7\u00e3o \u00e0 costa alagoana, n\u00e3o abrangendo o Plano Nacional de Conting\u00eancia em rela\u00e7\u00e3o ao desastre ambiental multicitado, que atingiu nove estados do nordeste, at\u00e9 porque este \u00faltimo \u00e9 objeto de ACP pr\u00f3pria (ACP n\u00ba 0805579-61.2019.4.05.8500), que tramita na Se\u00e7\u00e3o Judici\u00e1ria de Sergipe.<\/p>\n","protected":false},"excerpt":{"rendered":"<p>247 &#8211; Decis\u00f5es liminares da Justi\u00e7a Federal em Alagoas e Pernambuco determinaram que o governo de Jair Bolsonaro adote imediatamente provid\u00eancias para conter e recolher o \u00f3leo que atinge as praias do litoral nordestino.<\/p>\n","protected":false},"author":1,"featured_media":0,"comment_status":"closed","ping_status":"open","sticky":false,"template":"","format":"standard","meta":{"_exactmetrics_skip_tracking":false,"_exactmetrics_sitenote_active":false,"_exactmetrics_sitenote_note":"","_exactmetrics_sitenote_category":0,"jetpack_post_was_ever_published":false,"_jetpack_newsletter_access":"","_jetpack_dont_email_post_to_subs":false,"_jetpack_newsletter_tier_id":0,"_jetpack_memberships_contains_paywalled_content":false,"_jetpack_memberships_contains_paid_content":false,"footnotes":"","jetpack_publicize_message":"","jetpack_publicize_feature_enabled":true,"jetpack_social_post_already_shared":true,"jetpack_social_options":{"image_generator_settings":{"template":"highway","enabled":false},"version":2}},"categories":[1],"tags":[],"class_list":["post-24473","post","type-post","status-publish","format-standard","hentry","category-notas"],"jetpack_publicize_connections":[],"jetpack_sharing_enabled":true,"jetpack_featured_media_url":"","jetpack_shortlink":"https:\/\/wp.me\/p7wKYW-6mJ","jetpack-related-posts":[],"_links":{"self":[{"href":"http:\/\/blogdalucianaoliveira.com.br\/blog\/wp-json\/wp\/v2\/posts\/24473","targetHints":{"allow":["GET"]}}],"collection":[{"href":"http:\/\/blogdalucianaoliveira.com.br\/blog\/wp-json\/wp\/v2\/posts"}],"about":[{"href":"http:\/\/blogdalucianaoliveira.com.br\/blog\/wp-json\/wp\/v2\/types\/post"}],"author":[{"embeddable":true,"href":"http:\/\/blogdalucianaoliveira.com.br\/blog\/wp-json\/wp\/v2\/users\/1"}],"replies":[{"embeddable":true,"href":"http:\/\/blogdalucianaoliveira.com.br\/blog\/wp-json\/wp\/v2\/comments?post=24473"}],"version-history":[{"count":1,"href":"http:\/\/blogdalucianaoliveira.com.br\/blog\/wp-json\/wp\/v2\/posts\/24473\/revisions"}],"predecessor-version":[{"id":24475,"href":"http:\/\/blogdalucianaoliveira.com.br\/blog\/wp-json\/wp\/v2\/posts\/24473\/revisions\/24475"}],"wp:attachment":[{"href":"http:\/\/blogdalucianaoliveira.com.br\/blog\/wp-json\/wp\/v2\/media?parent=24473"}],"wp:term":[{"taxonomy":"category","embeddable":true,"href":"http:\/\/blogdalucianaoliveira.com.br\/blog\/wp-json\/wp\/v2\/categories?post=24473"},{"taxonomy":"post_tag","embeddable":true,"href":"http:\/\/blogdalucianaoliveira.com.br\/blog\/wp-json\/wp\/v2\/tags?post=24473"}],"curies":[{"name":"wp","href":"https:\/\/api.w.org\/{rel}","templated":true}]}}