{"id":24480,"date":"2019-10-22T10:56:42","date_gmt":"2019-10-22T14:56:42","guid":{"rendered":"http:\/\/blogdalucianaoliveira.com.br\/blog\/?p=24480"},"modified":"2019-10-22T10:56:42","modified_gmt":"2019-10-22T14:56:42","slug":"elites-e-politicos-chilenos-exageraram-no-arrocho-da-populacao-diz-pesquisadora","status":"publish","type":"post","link":"http:\/\/blogdalucianaoliveira.com.br\/blog\/2019\/10\/22\/elites-e-politicos-chilenos-exageraram-no-arrocho-da-populacao-diz-pesquisadora\/","title":{"rendered":"Elites e pol\u00edticos chilenos exageraram no arrocho da popula\u00e7\u00e3o, diz pesquisadora"},"content":{"rendered":"<p><img data-recalc-dims=\"1\" decoding=\"async\" src=\"https:\/\/i0.wp.com\/ichef.bbci.co.uk\/news\/660\/cpsprodpb\/D5A2\/production\/_109309645_57284505-ff4a-4364-b989-6873dc519df8.jpg?w=600&#038;ssl=1\" alt=\"Policiais no Chile\" \/><\/p>\n<p>&nbsp;<\/p>\n<p>O Chile continua sendo palco de intensos protestos, que causaram um variado leque de sensa\u00e7\u00f5es: esperan\u00e7a por mudan\u00e7a, pena pelo que foi destru\u00eddo, raiva contra o vandalismo e perplexidade.<!--more--><\/p>\n<p>Paula Molina<br \/>\nDe Santiago para a BBC News Mundo<\/p>\n<p class=\"story-body__introduction\">\n<p>Nos \u00faltimos, apesar do toque de recolher imposto pelos militares, o pa\u00eds testemunhou a destrui\u00e7\u00e3o de esta\u00e7\u00f5es do metr\u00f4 em Santiago, panela\u00e7os \u2014 inclusive nos bairros mais ricos de Santiago \u2014, vandalismo e saques a supermercados e farm\u00e1cias nos \u00faltimos dias.<\/p>\n<p>O estopim da revolta foi quando, por recomenda\u00e7\u00e3o de um grupo de especialistas em transporte p\u00fablico, o governo do presidente Sebasti\u00e1n Pi\u00f1era decidiu elevar o pre\u00e7o dos bilhetes de metr\u00f4 em 30 pesos (R$ 0,17), chegando a um m\u00e1ximo de 830 pesos (R$ 4,73).<\/p>\n<p>O caos se propagou em v\u00e1rias cidades do Chile. Para acad\u00eamicos como a soci\u00f3loga e doutora em estudos americanos Kathya Araujo, os sinais que anteciparam a crise vinham se acumulando h\u00e1 tempos \u2014 e n\u00e3o est\u00e1 apenas no aumento do pre\u00e7o do bilhete de metr\u00f4.<\/p>\n<p>H\u00e1 tr\u00eas anos, a soci\u00f3loga come\u00e7ou a estudar a experi\u00eancia dos usu\u00e1rios no metr\u00f4 chileno, que v\u00ea como &#8220;uma met\u00e1fora do que ocorre na sociedade&#8221;.<\/p>\n<div id=\"comp-pattern-library\" class=\"distinct-component-group container-parrot wsoj-component\" data-variation=\"default-0\">\n<p>No estudo de campo, seus entrevistados repetiam uma mesma frase: &#8220;o metr\u00f4 \u00e9 o lugar onde nos tratam como animais&#8221;.<\/p>\n<figure class=\"media-landscape has-caption full-width\"><span class=\"image-and-copyright-container\"><img data-recalc-dims=\"1\" loading=\"lazy\" decoding=\"async\" class=\"responsive-image__img js-image-replace\" src=\"https:\/\/i0.wp.com\/ichef.bbci.co.uk\/news\/624\/cpsprodpb\/C2BA\/production\/_109305894_gettyimages-1176874127.jpg?resize=600%2C338&#038;ssl=1\" alt=\"esta\u00e7\u00e3o de metr\u00f4 vandalizada em Santiago\" width=\"600\" height=\"338\" data-highest-encountered-width=\"624\" \/><span class=\"off-screen\">Direito de imagem<\/span><span class=\"story-image-copyright\">GETTY IMAGES<\/span><\/span><figcaption class=\"media-caption\"><span class=\"off-screen\">Image caption<\/span><span class=\"media-caption__text\">Algumas esta\u00e7\u00f5es de metr\u00f4 ficaram destru\u00eddas durante as manifesta\u00e7\u00f5es<\/span><\/figcaption><\/figure>\n<p>Confira a entrevista da soci\u00f3loga \u00e0 BBC News Mundo, o servi\u00e7o em espanhol da BBC.<\/p>\n<p><strong>BBC &#8211; Que condi\u00e7\u00f5es se deram para que os protestos explodissem no Chile ap\u00f3s a alta na passagem do metr\u00f4?<\/strong><\/p>\n<p><strong>Kathya Araujo &#8211;\u00a0<\/strong>\u00c9 bem dif\u00edcil saber por que agora, por que hoje e n\u00e3o ontem, mas creio que h\u00e1 alguns fatores que podem ser reconstitu\u00eddos: um tem a ver com o transporte p\u00fablico.<\/p>\n<p>Este n\u00e3o \u00e9 o \u00fanico caso no mundo, nem na hist\u00f3ria do Chile, em que o transporte p\u00fablico causa revoltas, porque tem a ver com uma coisa cotidiana.<\/p>\n<p>No caso chileno, ele representa uma parte muito alta do or\u00e7amento familiar: o efeito de uma alta na passagem \u00e9 direto, vis\u00edvel e afeta muitas pessoas.<\/p>\n<p>Outro fator em jogo nesta crise \u00e9 que, h\u00e1 um bom tempo, como diziam os estudos e era vis\u00edvel, o metr\u00f4 se converteu numa esp\u00e9cie de met\u00e1fora do que ocorria na sociedade.<\/p>\n<p>Em nossos estudos, as pessoas usavam o metr\u00f4 como met\u00e1fora extremamente forte da sociedade, com suas contradi\u00e7\u00f5es, seus abusos, suas tens\u00f5es, onde as pessoas dizem ser &#8220;tratadas como animais&#8221; na hora do rush.<\/p>\n<figure class=\"media-landscape has-caption full-width\"><span class=\"image-and-copyright-container\"><img data-recalc-dims=\"1\" loading=\"lazy\" decoding=\"async\" class=\"responsive-image__img js-image-replace\" src=\"https:\/\/i0.wp.com\/ichef.bbci.co.uk\/news\/624\/cpsprodpb\/123C2\/production\/_109309647_gettyimages-1176626810.jpg?resize=600%2C338&#038;ssl=1\" alt=\"Protestos no Chile\" width=\"600\" height=\"338\" data-highest-encountered-width=\"624\" \/><span class=\"off-screen\">Direito de imagem<\/span><span class=\"story-image-copyright\">GETTY IMAGES<\/span><\/span><figcaption class=\"media-caption\"><span class=\"off-screen\">Image caption<\/span><span class=\"media-caption__text\">Estudantes invadiram o metr\u00f4, abrindo portas de sa\u00edda para que as pessoas entrassem sem pagar<\/span><\/figcaption><\/figure>\n<p>\u00c9 um lugar onde elas s\u00e3o obrigadas a funcionar &#8220;como em uma guerra contra os outros&#8221;, onde para subir h\u00e1 que se lutar contra todos, onde queremos que n\u00e3o nos empurrem mas somos obrigados a empurrar.<\/p>\n<p>O metr\u00f4 funciona como uma encarna\u00e7\u00e3o da desigualdade quando se comparam as esta\u00e7\u00f5es de algumas linhas com outras.<\/p>\n<p><strong>BBC &#8211; Ainda assim, o metr\u00f4 de Santiago representa uma grande melhora na forma de transporte de algumas d\u00e9cadas atr\u00e1s&#8230;<\/strong><\/p>\n<p><strong>Araujo &#8211;\u00a0<\/strong>Exato. E a experi\u00eancia do metr\u00f4 tem momentos muito gratos, claro, mas tamb\u00e9m tem outros momentos, como nas horas do rush, que s\u00e3o precisamente as horas nas quais se transportam as classes trabalhadoras e os estudantes, em que o metr\u00f4 \u00e9 verdadeiramente a selva.<\/p>\n<p>O metr\u00f4 \u00e9 as duas coisas: um lugar querido, celebrado, que ao mesmo tempo resolveu e n\u00e3o resolveu nossos problemas, assim como \u00e9 o pa\u00eds.<\/p>\n<p><strong>BBC &#8211; De que forma?<\/strong><\/p>\n<p><strong>Araujo &#8211;\u00a0<\/strong>O metr\u00f4 \u00e9 como nossa sociedade: melhoramos as condi\u00e7\u00f5es de vida, mas n\u00e3o a qualidade de vida.<\/p>\n<p>E s\u00e3o melhoras que, no Chile, em geral, est\u00e3o nas costas das pessoas.<\/p>\n<p>Ent\u00e3o, claro, o Chile est\u00e1 muito melhor, mas voc\u00ea n\u00e3o tem tempo para seus filhos, tem que trabalhar todo o tempo, est\u00e1 endividado, estuda e n\u00e3o tem onde exercer sua profiss\u00e3o. \u00c9 uma permanente contradi\u00e7\u00e3o.<\/p>\n<p>S\u00e3o condi\u00e7\u00f5es melhores, em geral, mas n\u00e3o uma qualidade de vida melhor.<\/p>\n<figure class=\"media-landscape has-caption full-width\"><span class=\"image-and-copyright-container\"><img data-recalc-dims=\"1\" loading=\"lazy\" decoding=\"async\" class=\"responsive-image__img js-image-replace\" src=\"https:\/\/i0.wp.com\/ichef.bbci.co.uk\/news\/624\/cpsprodpb\/0E21\/production\/_109271630_gettyimages-1177270046.jpg?resize=600%2C338&#038;ssl=1\" alt=\"Protestos no Chile\" width=\"600\" height=\"338\" data-highest-encountered-width=\"624\" \/><span class=\"off-screen\">Direito de imagem<\/span><span class=\"story-image-copyright\">GETTY IMAGES<\/span><\/span><figcaption class=\"media-caption\"><span class=\"off-screen\">Image caption<\/span><span class=\"media-caption__text\">A situa\u00e7\u00e3o se agravou a partir de sexta-feira, quando a viol\u00eancia tomou as ruas da capital chilena, Santiago<\/span><\/figcaption><\/figure>\n<p>As coisas materiais melhoraram para todo mundo, mas n\u00e3o a qualidade.<\/p>\n<p>Por isso insisto na met\u00e1fora do metr\u00f4: as pessoas gostam de suas condi\u00e7\u00f5es, mas n\u00e3o gostam de tudo o que isso implica para sua qualidade de vida e se perguntam &#8220;temos de pagar um pre\u00e7o t\u00e3o alto pelo que temos?&#8221;<\/p>\n<p>Os sal\u00e1rios n\u00e3o aumentaram, o endividamento \u00e9 muito alto, e n\u00e3o \u00e9 um endividamento do consumo de luxo, mas para sobreviver.<\/p>\n<p>\u00c9 essencial entender que essa \u00e9 a tens\u00e3o que temos no Chile.<\/p>\n<p>E o problema n\u00e3o \u00e9 s\u00f3 o diagn\u00f3stico. O problema \u00e9 o que vamos fazer adiante, que \u00e9 o essencial.<\/p>\n<p>O que est\u00e1 acontecendo com a sociedade, o que est\u00e1 acontecendo com os pol\u00edticos.<\/p>\n<p><strong>BBC &#8211; Alguns ministros do presidente Pi\u00f1era disseram \u00e0s pessoas que se levantassem mais cedo se quisessem comprar um bilhete mais barato, ou que fossem comprar flores porque estavam mais baratas.<\/strong><\/p>\n<p><strong>Araujo &#8211;\u00a0<\/strong>Esses coment\u00e1rios representam a grande dist\u00e2ncia entre a elite e os cidad\u00e3os chilenos, mas essa dist\u00e2ncia n\u00e3o explicaria a crise, porque \u00e9 comum a outros pa\u00edses latino-americanos.<\/p>\n<p>A separa\u00e7\u00e3o, a dist\u00e2ncia da elite pol\u00edtica chilena, \u00e9 uma parte da explica\u00e7\u00e3o para essa crise, claro, mas a arrog\u00e2ncia da elite no Chile n\u00e3o \u00e9 s\u00f3 da elite pol\u00edtica, \u00e9 da elite em geral: \u00e9 como se n\u00e3o tivessem se dado conta de que est\u00e3o em outro pa\u00eds, com outros indiv\u00edduos que t\u00eam ideias muito mais fortes do que antes, que t\u00eam outras expectativas de rela\u00e7\u00e3o, mais expectativas de horizontalidade.<\/p>\n<p>\u00c9 como se n\u00e3o soubessem como o povo mudou.<\/p>\n<p>N\u00e3o se deram conta da magnitude da mudan\u00e7a, e, como n\u00e3o se d\u00e3o conta, seguem com esses tiques de responder como se estivessem conversando com o caseiro da fazenda.<\/p>\n<figure class=\"media-landscape has-caption full-width\"><span class=\"image-and-copyright-container\"><img data-recalc-dims=\"1\" loading=\"lazy\" decoding=\"async\" class=\"responsive-image__img js-image-replace\" src=\"https:\/\/i0.wp.com\/ichef.bbci.co.uk\/news\/624\/cpsprodpb\/14AD2\/production\/_109309648_4105525c-7e12-4e0c-b566-15605f754d27.jpg?resize=600%2C338&#038;ssl=1\" alt=\"Militares nas ruas de Santiago, Chile\" width=\"600\" height=\"338\" data-highest-encountered-width=\"624\" \/><span class=\"off-screen\">Direito de imagem<\/span><span class=\"story-image-copyright\">GETTY IMAGES<\/span><\/span><figcaption class=\"media-caption\"><span class=\"off-screen\">Image caption<\/span><span class=\"media-caption__text\">O governo decretou estado de emerg\u00eancia e enviou militares para conter os manifestantes e impor toque de recolher<\/span><\/figcaption><\/figure>\n<p><strong>BBC &#8211; Em que momento acha que come\u00e7ou essa demanda por mais horizontalidade por parte de chilenos e chilenas?<\/strong><\/p>\n<p><strong>Araujo &#8211;<\/strong>\u00a0Eu fiz trabalho de campo de 2004 a 2007 para o livro\u00a0<i>Usos e Abusos no Chile Atual<\/i>, e as pessoas ali j\u00e1 estavam saturadas do abuso e esperavam situa\u00e7\u00f5es mais horizontais.<\/p>\n<p>E a elite teve rea\u00e7\u00f5es pragm\u00e1ticas, mas sem se dar conta de que os fundamentos de sua autoridade estavam se transformando.<\/p>\n<p>H\u00e1 algo que se produziu ali, que eles n\u00e3o notaram, que o pa\u00eds estava mudando, que pedia mais horizontalidade, que tinha mais consci\u00eancia e que as bases de sua pr\u00f3pria autoridade tinham de ser distintas.<\/p>\n<p><strong>BBC &#8211; Como avalia a decis\u00e3o de enviar os militares para controlar a ordem?<\/strong><\/p>\n<p><strong>Araujo &#8211;\u00a0<\/strong>O peso simb\u00f3lico de uma medida como essa no Chile \u00e9 alt\u00edssimo.<\/p>\n<p>Isso s\u00f3 poderia alimentar o fogo, como ocorreu real e metaforicamente: s\u00f3 poderia alimentar o fogo da sociedade.<\/p>\n<p>Havia que se recorrer \u00e0s for\u00e7as da ordem, claro, h\u00e1 que se proteger as pessoas, porque aqui se come\u00e7aram a mesclar muitas coisas, algumas delituosas.<\/p>\n<p>Mas acho que foi apressado enviar os militares, foi um erro.<\/p>\n<p>No momento em que o governo o fez, como fez, avivou o conflito.<\/p>\n<p>Isso foi construir um cen\u00e1rio de guerra.<\/p>\n<figure class=\"media-landscape has-caption full-width\"><span class=\"image-and-copyright-container\"><img data-recalc-dims=\"1\" loading=\"lazy\" decoding=\"async\" class=\"responsive-image__img js-image-replace\" src=\"https:\/\/i0.wp.com\/ichef.bbci.co.uk\/news\/624\/cpsprodpb\/8B6A\/production\/_109309653_e98f7dbf-849a-487e-acc7-26f40f6fcad9.jpg?resize=600%2C338&#038;ssl=1\" alt=\"Protestos no Chile\" width=\"600\" height=\"338\" data-highest-encountered-width=\"624\" \/><span class=\"off-screen\">Direito de imagem<\/span><span class=\"story-image-copyright\">GETTY IMAGES<\/span><\/span><figcaption class=\"media-caption\"><span class=\"off-screen\">Image caption<\/span><span class=\"media-caption__text\">Metade dos trabalhadores chilenos recebe sal\u00e1rio igual ou inferior a 400 mil pesos (R$ 2.281) ao m\u00eas<\/span><\/figcaption><\/figure>\n<p><strong>BBC &#8211; Os saques t\u00eam chamado muito a aten\u00e7\u00e3o&#8230;<\/strong><\/p>\n<p><strong>Araujo &#8211;<\/strong>\u00a0Acredito que h\u00e1 um setor de pessoas que de forma alguma faria saques, inc\u00eandios ou vandalismo.<\/p>\n<p>Mas acho que h\u00e1 um setor que cruza as fronteiras.<\/p>\n<p>Acho que n\u00e3o temos informa\u00e7\u00e3o para saber quem s\u00e3o, ou como s\u00e3o, ou de que idade, ou de que setor.<\/p>\n<p>No entanto, esses n\u00e3o s\u00e3o os primeiros casos de vandalismo, e isso quer dizer que h\u00e1 um grupo de pessoas que n\u00e3o compartilha de certas normas comuns.<\/p>\n<p>A\u00ed h\u00e1 um sintoma que devemos seguir investigando, porque h\u00e1 uma coisa muito forte com a quest\u00e3o dos saques, mostram que alguns princ\u00edpios da vida em comum parecem n\u00e3o funcionar para um setor da popula\u00e7\u00e3o.<\/p>\n<p><strong>BBC &#8211; Havia irrita\u00e7\u00e3o no Chile&#8230;<\/strong><\/p>\n<p><strong>Araujo &#8211;\u00a0<\/strong>Eu creio que as pessoas no Chile est\u00e3o sendo demasiadamente exigidas e o n\u00edvel de exig\u00eancia em algum momento ter\u00e1 de parar.<\/p>\n<p>Isso n\u00e3o \u00e9 um estalido que vem do nada, a sociedade chilena est\u00e1 muito irritada, e isso era vislumbrado h\u00e1 v\u00e1rios anos.<\/p>\n<p>J\u00e1 em 2009 e 2012 se mostrava que a sociedade estava crescentemente enojada e com uma tend\u00eancia cada vez maior a sobrerreagir aos eventos que tinha de enfrentar.<\/p>\n<p>E isso emergiu com toda sua pot\u00eancia desta vez.<\/p>\n<p>Porque essa irrita\u00e7\u00e3o, essa viol\u00eancia foi se instalando em lugares distintos da sociedade: nos bairros com &#8220;balas perdidas&#8221;, em escolas, em universidades, na fragilidade das classes menos favorecidas do pa\u00eds.<\/p>\n<p>H\u00e1 uma viol\u00eancia que est\u00e1 instalada h\u00e1 muito tempo, com muitos focos, e acredito que temos de nos recuperar disso.<\/p>\n<p>Isso n\u00e3o explica a ocorr\u00eancia disso agora, mas sim que isso esteja ocorrendo.<\/p>\n<p><strong>BBC &#8211; Assim como o metr\u00f4 se via como um dos mais modernos da Am\u00e9rica Latina, o Chile tamb\u00e9m se v\u00ea como um pa\u00eds moderno&#8230;<\/strong><\/p>\n<p><strong>Araujo &#8211;<\/strong>\u00a0Sim. Essa \u00e9 a contradi\u00e7\u00e3o: o pa\u00eds \u00e9 um dos mais ricos e est\u00e1veis da Am\u00e9rica Latina.<\/p>\n<p>Mas hoje temos de explicar por que as pessoas est\u00e3o nas ruas e por que h\u00e1 &#8220;panela\u00e7os&#8221; em toda a cidade.<\/p>\n<p>E acho que tudo isso tem a ver tamb\u00e9m com as elites empresariais e pol\u00edticas arrochando mais do que podiam arrochar, aplicando uma certa l\u00f3gica capitalista no pa\u00eds.<\/p>\n<p>Porque, claro, te colocam em um escrit\u00f3rio lindo, mas te fazem trabalhar por um sal\u00e1rio miser\u00e1vel.<\/p>\n<p><strong>BBC &#8211; Acredita que \u00e9 o fim do &#8220;modelo chileno&#8221;?<\/strong><\/p>\n<p><strong>Araujo &#8211;\u00a0<\/strong>N\u00e3o acho que seja o fim do modelo chileno se com isso voc\u00ea queira dizer &#8220;fim do capitalismo&#8221;.<\/p>\n<p>Mas espero que seja uma inflex\u00e3o maior, ou ao menos um bom est\u00edmulo para repens\u00e1-lo \u00e0 luz dos efeitos do neoliberalismo chileno mais de 40 anos depois.<\/p>\n<figure class=\"media-landscape no-caption body-width\"><span class=\"image-and-copyright-container\"><img data-recalc-dims=\"1\" loading=\"lazy\" decoding=\"async\" class=\"responsive-image__img js-image-replace\" src=\"https:\/\/i0.wp.com\/ichef.bbci.co.uk\/news\/624\/cpsprodpb\/1683C\/production\/_104602229_line976.jpg?resize=464%2C2&#038;ssl=1\" alt=\"L\u00ednea\" width=\"464\" height=\"2\" data-highest-encountered-width=\"624\" \/><\/span><\/figure>\n<\/div>\n","protected":false},"excerpt":{"rendered":"<p>&nbsp; O Chile continua sendo palco de intensos protestos, que causaram um variado leque de sensa\u00e7\u00f5es: esperan\u00e7a por mudan\u00e7a, pena pelo que foi destru\u00eddo, raiva contra o vandalismo e perplexidade.<\/p>\n","protected":false},"author":1,"featured_media":0,"comment_status":"closed","ping_status":"open","sticky":false,"template":"","format":"standard","meta":{"_exactmetrics_skip_tracking":false,"_exactmetrics_sitenote_active":false,"_exactmetrics_sitenote_note":"","_exactmetrics_sitenote_category":0,"jetpack_post_was_ever_published":false,"_jetpack_newsletter_access":"","_jetpack_dont_email_post_to_subs":false,"_jetpack_newsletter_tier_id":0,"_jetpack_memberships_contains_paywalled_content":false,"_jetpack_memberships_contains_paid_content":false,"footnotes":"","jetpack_publicize_message":"","jetpack_publicize_feature_enabled":true,"jetpack_social_post_already_shared":true,"jetpack_social_options":{"image_generator_settings":{"template":"highway","enabled":false},"version":2}},"categories":[1],"tags":[],"class_list":["post-24480","post","type-post","status-publish","format-standard","hentry","category-notas"],"jetpack_publicize_connections":[],"jetpack_sharing_enabled":true,"jetpack_featured_media_url":"","jetpack_shortlink":"https:\/\/wp.me\/p7wKYW-6mQ","jetpack-related-posts":[],"_links":{"self":[{"href":"http:\/\/blogdalucianaoliveira.com.br\/blog\/wp-json\/wp\/v2\/posts\/24480","targetHints":{"allow":["GET"]}}],"collection":[{"href":"http:\/\/blogdalucianaoliveira.com.br\/blog\/wp-json\/wp\/v2\/posts"}],"about":[{"href":"http:\/\/blogdalucianaoliveira.com.br\/blog\/wp-json\/wp\/v2\/types\/post"}],"author":[{"embeddable":true,"href":"http:\/\/blogdalucianaoliveira.com.br\/blog\/wp-json\/wp\/v2\/users\/1"}],"replies":[{"embeddable":true,"href":"http:\/\/blogdalucianaoliveira.com.br\/blog\/wp-json\/wp\/v2\/comments?post=24480"}],"version-history":[{"count":1,"href":"http:\/\/blogdalucianaoliveira.com.br\/blog\/wp-json\/wp\/v2\/posts\/24480\/revisions"}],"predecessor-version":[{"id":24481,"href":"http:\/\/blogdalucianaoliveira.com.br\/blog\/wp-json\/wp\/v2\/posts\/24480\/revisions\/24481"}],"wp:attachment":[{"href":"http:\/\/blogdalucianaoliveira.com.br\/blog\/wp-json\/wp\/v2\/media?parent=24480"}],"wp:term":[{"taxonomy":"category","embeddable":true,"href":"http:\/\/blogdalucianaoliveira.com.br\/blog\/wp-json\/wp\/v2\/categories?post=24480"},{"taxonomy":"post_tag","embeddable":true,"href":"http:\/\/blogdalucianaoliveira.com.br\/blog\/wp-json\/wp\/v2\/tags?post=24480"}],"curies":[{"name":"wp","href":"https:\/\/api.w.org\/{rel}","templated":true}]}}