{"id":24488,"date":"2019-10-22T19:21:17","date_gmt":"2019-10-22T23:21:17","guid":{"rendered":"http:\/\/blogdalucianaoliveira.com.br\/blog\/?p=24488"},"modified":"2019-10-22T19:21:17","modified_gmt":"2019-10-22T23:21:17","slug":"juizes-mais-importantes-da-europa-pedem-lula-livre","status":"publish","type":"post","link":"http:\/\/blogdalucianaoliveira.com.br\/blog\/2019\/10\/22\/juizes-mais-importantes-da-europa-pedem-lula-livre\/","title":{"rendered":"Ju\u00edzes mais importantes da Europa pedem Lula Livre"},"content":{"rendered":"<p><img data-recalc-dims=\"1\" loading=\"lazy\" decoding=\"async\" data-attachment-id=\"24489\" data-permalink=\"http:\/\/blogdalucianaoliveira.com.br\/blog\/2019\/10\/22\/juizes-mais-importantes-da-europa-pedem-lula-livre\/bd8c5709-fd08-4420-8e45-422a5368487b\/\" data-orig-file=\"https:\/\/i0.wp.com\/blogdalucianaoliveira.com.br\/blog\/wp-content\/uploads\/2019\/10\/BD8C5709-FD08-4420-8E45-422A5368487B.jpeg?fit=610%2C380\" data-orig-size=\"610,380\" data-comments-opened=\"0\" data-image-meta=\"{&quot;aperture&quot;:&quot;0&quot;,&quot;credit&quot;:&quot;&quot;,&quot;camera&quot;:&quot;&quot;,&quot;caption&quot;:&quot;&quot;,&quot;created_timestamp&quot;:&quot;0&quot;,&quot;copyright&quot;:&quot;&quot;,&quot;focal_length&quot;:&quot;0&quot;,&quot;iso&quot;:&quot;0&quot;,&quot;shutter_speed&quot;:&quot;0&quot;,&quot;title&quot;:&quot;&quot;,&quot;orientation&quot;:&quot;0&quot;}\" data-image-title=\"BD8C5709-FD08-4420-8E45-422A5368487B\" data-image-description=\"\" data-image-caption=\"\" data-medium-file=\"https:\/\/i0.wp.com\/blogdalucianaoliveira.com.br\/blog\/wp-content\/uploads\/2019\/10\/BD8C5709-FD08-4420-8E45-422A5368487B.jpeg?fit=300%2C187\" data-large-file=\"https:\/\/i0.wp.com\/blogdalucianaoliveira.com.br\/blog\/wp-content\/uploads\/2019\/10\/BD8C5709-FD08-4420-8E45-422A5368487B.jpeg?fit=600%2C374\" src=\"https:\/\/i0.wp.com\/blogdalucianaoliveira.com.br\/blog\/wp-content\/uploads\/2019\/10\/BD8C5709-FD08-4420-8E45-422A5368487B.jpeg?resize=600%2C374\" alt=\"BD8C5709-FD08-4420-8E45-422A5368487B\" width=\"600\" height=\"374\" class=\"alignnone size-full wp-image-24489\" srcset=\"https:\/\/i0.wp.com\/blogdalucianaoliveira.com.br\/blog\/wp-content\/uploads\/2019\/10\/BD8C5709-FD08-4420-8E45-422A5368487B.jpeg?w=610 610w, https:\/\/i0.wp.com\/blogdalucianaoliveira.com.br\/blog\/wp-content\/uploads\/2019\/10\/BD8C5709-FD08-4420-8E45-422A5368487B.jpeg?resize=300%2C187 300w, https:\/\/i0.wp.com\/blogdalucianaoliveira.com.br\/blog\/wp-content\/uploads\/2019\/10\/BD8C5709-FD08-4420-8E45-422A5368487B.jpeg?resize=482%2C300 482w\" sizes=\"auto, (max-width: 600px) 100vw, 600px\" \/><\/p>\n<p>247 &#8211; Carta aberta redigida por tr\u00eas ex-presidentes de cortes superiores de justi\u00e7a europeias pede aos &#8220;colegas magistrados do Supremo Tribunal Federal&#8221; brasileiro que reflitam sobre &#8220;os v\u00edcios dos processos iniciados contra Lula&#8221;, informa M\u00f4nica Bergamo na Folha de S.Paulo nesta ter\u00e7a-feira (22).<!--more--><\/p>\n<p>Segundo os ju\u00edzes, as revela\u00e7\u00f5es da Vaza Jato que vieram \u00e0 tona no site The Intercept Brasil refor\u00e7am a suspeita de que o julgamento de Lula pode ter sido tendencioso. &#8220;Como j\u00e1 foi mencionado por muitos colegas, brasileiros e de outros pa\u00edses do mundo, as revela\u00e7\u00f5es do jornalista Glenn Greenwald e sua equipe do site de informa\u00e7\u00f5es The Intercept, em parceria com os jornais Folha de S. Paulo e El Pa\u00eds, a revista Veja e outras m\u00eddias, refor\u00e7aram a natureza pol\u00edtica da acusa\u00e7\u00e3o contra Lula&#8221;, diz a carta.<\/p>\n<p>O texto \u00e9 assinado por Tom\u00e1s Quadra-Salcedo, ex presidente do Conselho de Estado da Espanha de 1985 a 1991 e ex-ministro da Justi\u00e7a do pa\u00eds, Franco Gallo, que presidiu a Corte Constitucional da It\u00e1lia em 2013, e Giuseppe Tesauro, que comandou o mesmo tribunal superior em 2014.<\/p>\n<p>Leia abaixo na \u00edntegra:<\/p>\n<p>Como ex-presidentes de Cortes Superiores de Justi\u00e7a, gostar\u00edamos de chamar \u00e0 reflex\u00e3o os nossos colegas magistrados do Supremo Tribunal Federal e, mais amplamente, a opini\u00e3o p\u00fablica deste pa\u00eds para os v\u00edcios dos processos iniciados contra Lula.<\/p>\n<p>Como j\u00e1 foi mencionado por muitos colegas, brasileiros e de outros pa\u00edses do mundo, as revela\u00e7\u00f5es do jornalista Glenn Greenwald e sua equipe do site de informa\u00e7\u00f5es The Intercept, em parceria com os jornais Folha de S. Paulo e El Pa\u00eds, a revista Veja e outras m\u00eddias, refor\u00e7aram a natureza pol\u00edtica da acusa\u00e7\u00e3o contra Lula. Elas tamb\u00e9m confirmaram aos olhos do mundo, como sempre foi afirmado por Lula e seus advogados, o car\u00e1ter tendencioso do ex-juiz Moro e do minist\u00e9rio p\u00fablico, e, como resultado, a aus\u00eancia de um julgamento justo e independente contra o ex-presidente.<\/p>\n<p>Essas revela\u00e7\u00f5es confirmaram que a Opera\u00e7\u00e3o Lava Jato, sob o pretexto de combater a corrup\u00e7\u00e3o, se transformou em um partido pol\u00edtico, contribuindo para a destitui\u00e7\u00e3o de Dilma Rousseff em 2016, bem como para a persegui\u00e7\u00e3o pol\u00edtica contra ao ex-presidente Lula. Essa persegui\u00e7\u00e3o funcionou, pois permitiu a elei\u00e7\u00e3o de Jair Bolsonaro para a presid\u00eancia da Rep\u00fablica.<\/p>\n<p>Numa \u00e9poca em que as democracias s\u00e3o postas \u00e0 prova pela ascens\u00e3o da extrema direita, e especialmente no Brasil, a justi\u00e7a deve ser erguida como um baluarte contra o autoritarismo e a arbitrariedade. No entanto, devido aos procedimentos ilegais e imorais adotados contra o ex-presidente Lula, a justi\u00e7a brasileira hoje est\u00e1 passando por uma verdadeira crise de credibilidade. Portanto, \u00e9 essencial que os ju\u00edzes da Suprema Corte exer\u00e7am plenamente seu papel de garantidores do respeito \u00e0 Constitui\u00e7\u00e3o e ponham fim \u00e0s injusti\u00e7as cometidas pelos promotores e pelo ex-juiz Sergio Moro. Enquanto o ex-presidente Lula n\u00e3o tiver sua inoc\u00eancia e sua liberdade plena restabelecida, a justi\u00e7a brasileira n\u00e3o recuperar\u00e1 credibilidade. A falta de confian\u00e7a no sistema de justi\u00e7a brasileiro est\u00e1 corroendo o estado de direito e a democracia, com repercuss\u00f5es para todos os ju\u00edzes do mundo.&#8221;<\/p>\n","protected":false},"excerpt":{"rendered":"<p>247 &#8211; Carta aberta redigida por tr\u00eas ex-presidentes de cortes superiores de justi\u00e7a europeias pede aos &#8220;colegas magistrados do Supremo Tribunal Federal&#8221; brasileiro que reflitam sobre &#8220;os v\u00edcios dos processos iniciados contra Lula&#8221;, informa M\u00f4nica Bergamo na Folha de S.Paulo nesta ter\u00e7a-feira (22).<\/p>\n","protected":false},"author":1,"featured_media":0,"comment_status":"closed","ping_status":"open","sticky":false,"template":"","format":"standard","meta":{"_exactmetrics_skip_tracking":false,"_exactmetrics_sitenote_active":false,"_exactmetrics_sitenote_note":"","_exactmetrics_sitenote_category":0,"jetpack_post_was_ever_published":false,"_jetpack_newsletter_access":"","_jetpack_dont_email_post_to_subs":false,"_jetpack_newsletter_tier_id":0,"_jetpack_memberships_contains_paywalled_content":false,"_jetpack_memberships_contains_paid_content":false,"footnotes":"","jetpack_publicize_message":"","jetpack_publicize_feature_enabled":true,"jetpack_social_post_already_shared":true,"jetpack_social_options":{"image_generator_settings":{"template":"highway","enabled":false},"version":2}},"categories":[1],"tags":[],"class_list":["post-24488","post","type-post","status-publish","format-standard","hentry","category-notas"],"jetpack_publicize_connections":[],"jetpack_sharing_enabled":true,"jetpack_featured_media_url":"","jetpack_shortlink":"https:\/\/wp.me\/p7wKYW-6mY","jetpack-related-posts":[],"_links":{"self":[{"href":"http:\/\/blogdalucianaoliveira.com.br\/blog\/wp-json\/wp\/v2\/posts\/24488","targetHints":{"allow":["GET"]}}],"collection":[{"href":"http:\/\/blogdalucianaoliveira.com.br\/blog\/wp-json\/wp\/v2\/posts"}],"about":[{"href":"http:\/\/blogdalucianaoliveira.com.br\/blog\/wp-json\/wp\/v2\/types\/post"}],"author":[{"embeddable":true,"href":"http:\/\/blogdalucianaoliveira.com.br\/blog\/wp-json\/wp\/v2\/users\/1"}],"replies":[{"embeddable":true,"href":"http:\/\/blogdalucianaoliveira.com.br\/blog\/wp-json\/wp\/v2\/comments?post=24488"}],"version-history":[{"count":1,"href":"http:\/\/blogdalucianaoliveira.com.br\/blog\/wp-json\/wp\/v2\/posts\/24488\/revisions"}],"predecessor-version":[{"id":24490,"href":"http:\/\/blogdalucianaoliveira.com.br\/blog\/wp-json\/wp\/v2\/posts\/24488\/revisions\/24490"}],"wp:attachment":[{"href":"http:\/\/blogdalucianaoliveira.com.br\/blog\/wp-json\/wp\/v2\/media?parent=24488"}],"wp:term":[{"taxonomy":"category","embeddable":true,"href":"http:\/\/blogdalucianaoliveira.com.br\/blog\/wp-json\/wp\/v2\/categories?post=24488"},{"taxonomy":"post_tag","embeddable":true,"href":"http:\/\/blogdalucianaoliveira.com.br\/blog\/wp-json\/wp\/v2\/tags?post=24488"}],"curies":[{"name":"wp","href":"https:\/\/api.w.org\/{rel}","templated":true}]}}