{"id":24491,"date":"2019-10-23T09:54:39","date_gmt":"2019-10-23T13:54:39","guid":{"rendered":"http:\/\/blogdalucianaoliveira.com.br\/blog\/?p=24491"},"modified":"2019-10-23T09:54:39","modified_gmt":"2019-10-23T13:54:39","slug":"ministerio-publico-de-rondonia-e-policia-federal-deflagram-operacao-deforest-em-ariquemes","status":"publish","type":"post","link":"http:\/\/blogdalucianaoliveira.com.br\/blog\/2019\/10\/23\/ministerio-publico-de-rondonia-e-policia-federal-deflagram-operacao-deforest-em-ariquemes\/","title":{"rendered":"Minist\u00e9rio P\u00fablico de Rond\u00f4nia e Pol\u00edcia Federal deflagram Opera\u00e7\u00e3o Deforest em Ariquemes"},"content":{"rendered":"<p><img data-recalc-dims=\"1\" loading=\"lazy\" decoding=\"async\" data-attachment-id=\"24492\" data-permalink=\"http:\/\/blogdalucianaoliveira.com.br\/blog\/2019\/10\/23\/ministerio-publico-de-rondonia-e-policia-federal-deflagram-operacao-deforest-em-ariquemes\/2bf4e121-0e31-43e0-95cd-e3e0db260591\/\" data-orig-file=\"https:\/\/i0.wp.com\/blogdalucianaoliveira.com.br\/blog\/wp-content\/uploads\/2019\/10\/2BF4E121-0E31-43E0-95CD-E3E0DB260591.jpeg?fit=960%2C640\" data-orig-size=\"960,640\" data-comments-opened=\"0\" data-image-meta=\"{&quot;aperture&quot;:&quot;0&quot;,&quot;credit&quot;:&quot;&quot;,&quot;camera&quot;:&quot;&quot;,&quot;caption&quot;:&quot;&quot;,&quot;created_timestamp&quot;:&quot;0&quot;,&quot;copyright&quot;:&quot;&quot;,&quot;focal_length&quot;:&quot;0&quot;,&quot;iso&quot;:&quot;0&quot;,&quot;shutter_speed&quot;:&quot;0&quot;,&quot;title&quot;:&quot;&quot;,&quot;orientation&quot;:&quot;1&quot;}\" data-image-title=\"2BF4E121-0E31-43E0-95CD-E3E0DB260591\" data-image-description=\"\" data-image-caption=\"\" data-medium-file=\"https:\/\/i0.wp.com\/blogdalucianaoliveira.com.br\/blog\/wp-content\/uploads\/2019\/10\/2BF4E121-0E31-43E0-95CD-E3E0DB260591.jpeg?fit=300%2C200\" data-large-file=\"https:\/\/i0.wp.com\/blogdalucianaoliveira.com.br\/blog\/wp-content\/uploads\/2019\/10\/2BF4E121-0E31-43E0-95CD-E3E0DB260591.jpeg?fit=600%2C400\" src=\"https:\/\/i0.wp.com\/blogdalucianaoliveira.com.br\/blog\/wp-content\/uploads\/2019\/10\/2BF4E121-0E31-43E0-95CD-E3E0DB260591.jpeg?resize=600%2C400\" alt=\"2BF4E121-0E31-43E0-95CD-E3E0DB260591\" width=\"600\" height=\"400\" class=\"alignnone size-full wp-image-24492\" srcset=\"https:\/\/i0.wp.com\/blogdalucianaoliveira.com.br\/blog\/wp-content\/uploads\/2019\/10\/2BF4E121-0E31-43E0-95CD-E3E0DB260591.jpeg?w=960 960w, https:\/\/i0.wp.com\/blogdalucianaoliveira.com.br\/blog\/wp-content\/uploads\/2019\/10\/2BF4E121-0E31-43E0-95CD-E3E0DB260591.jpeg?resize=300%2C200 300w, https:\/\/i0.wp.com\/blogdalucianaoliveira.com.br\/blog\/wp-content\/uploads\/2019\/10\/2BF4E121-0E31-43E0-95CD-E3E0DB260591.jpeg?resize=768%2C512 768w, https:\/\/i0.wp.com\/blogdalucianaoliveira.com.br\/blog\/wp-content\/uploads\/2019\/10\/2BF4E121-0E31-43E0-95CD-E3E0DB260591.jpeg?resize=450%2C300 450w\" sizes=\"auto, (max-width: 600px) 100vw, 600px\" \/><\/p>\n<p>Foram cumpridos 16 mandados de pris\u00e3o preventiva e 21 de buscas e apreens\u00e3o expedidos pelo ju\u00edzo da 1\u00aa Vara Criminal de Ariquemes.<!--more--><\/p>\n<p>No Rond\u00f4nia Din\u00e2mica <\/p>\n<p>O Minist\u00e9rio P\u00fablico de Rond\u00f4nia, por meio da Promotoria de Justi\u00e7a de Ariquemes, e Pol\u00edcia Federal, deflagraram na manh\u00e3 desta quarta (23\/10) a Opera\u00e7\u00e3o Deforest visando desarticular organiza\u00e7\u00e3o criminosa fortemente armada sediada em Ariquemes e com atua\u00e7\u00e3o em Cujubim, na Linha 106, Regi\u00e3o Soldado da Borracha, conhecida tamb\u00e9m como \u201cEstrada do Chaules\u201d.<\/p>\n<p>Foram cumpridos 16 mandados de pris\u00e3o preventiva e 21 de buscas e apreens\u00e3o expedidos pelo ju\u00edzo da 1\u00aa Vara Criminal de Ariquemes.<\/p>\n<p>Foram presos nesta manh\u00e3 o l\u00edder, o primeiro escal\u00e3o e o bra\u00e7o armado do grupo, que tinha policiais militares como parte de seus integrantes.<\/p>\n<p>As investiga\u00e7\u00f5es iniciaram em maio de 2018 e foi descoberto que a organiza\u00e7\u00e3o funcionava no mesmo padr\u00e3o de mil\u00edcia, na zona rural, e usavam uma porteira no Ramal Soldado da Borracha para controlar o acesso de posseiros no local, cobrar altos ped\u00e1gios para passagens de caminh\u00f5es e m\u00e1quinas e intimidar, amea\u00e7ar e expulsar posseiros que j\u00e1 estavam nos lotes, extorquindo-os, al\u00e9m de comercializar irregularmente glebas. Diversas fam\u00edlias foram extorquidas e o grupo se apropriou de dezenas de lotes, os quais seriam vendidos pela organiza\u00e7\u00e3o a pre\u00e7os individuais de R$ 100 mil a 150 mil reais. Foi estimado que a organiza\u00e7\u00e3o movimentou e tinha expectativa de arrecadar cifras milion\u00e1rias.<\/p>\n<p>Eles se valiam do bra\u00e7o armado, formado por policiais e jagun\u00e7os, para impor suas vontades e difundir medo na Linha 106, onde fica a \u00e1rea de interesse e atua\u00e7\u00e3o da organiza\u00e7\u00e3o.<\/p>\n<p>Durante o cumprimento das medidas foi apreendido farto material b\u00e9lico, al\u00e9m de dinheiro e in\u00fameros documentos ligados \u00e0s atividades il\u00edcitas da organiza\u00e7\u00e3o criminosa.<\/p>\n<p>A opera\u00e7\u00e3o tamb\u00e9m teve o apoio do Ex\u00e9rcito Brasileiro e Corregedoria da Pol\u00edcia Militar de Rond\u00f4nia, para cumprimento dos mandados.<\/p>\n<p>Todos ser\u00e3o processados pelos crimes de organiza\u00e7\u00e3o criminosa armada, extors\u00e3o qualificada, posse ilegal de arma de fogo, entre outros. As penas somadas poder\u00e3o alcan\u00e7ar ao menos 30 anos de reclus\u00e3o para cada r\u00e9u.<\/p>\n","protected":false},"excerpt":{"rendered":"<p>Foram cumpridos 16 mandados de pris\u00e3o preventiva e 21 de buscas e apreens\u00e3o expedidos pelo ju\u00edzo da 1\u00aa Vara Criminal de Ariquemes.<\/p>\n","protected":false},"author":1,"featured_media":0,"comment_status":"closed","ping_status":"open","sticky":false,"template":"","format":"standard","meta":{"_exactmetrics_skip_tracking":false,"_exactmetrics_sitenote_active":false,"_exactmetrics_sitenote_note":"","_exactmetrics_sitenote_category":0,"jetpack_post_was_ever_published":false,"_jetpack_newsletter_access":"","_jetpack_dont_email_post_to_subs":false,"_jetpack_newsletter_tier_id":0,"_jetpack_memberships_contains_paywalled_content":false,"_jetpack_memberships_contains_paid_content":false,"footnotes":"","jetpack_publicize_message":"","jetpack_publicize_feature_enabled":true,"jetpack_social_post_already_shared":true,"jetpack_social_options":{"image_generator_settings":{"template":"highway","enabled":false},"version":2}},"categories":[1],"tags":[],"class_list":["post-24491","post","type-post","status-publish","format-standard","hentry","category-notas"],"jetpack_publicize_connections":[],"jetpack_sharing_enabled":true,"jetpack_featured_media_url":"","jetpack_shortlink":"https:\/\/wp.me\/p7wKYW-6n1","jetpack-related-posts":[],"_links":{"self":[{"href":"http:\/\/blogdalucianaoliveira.com.br\/blog\/wp-json\/wp\/v2\/posts\/24491","targetHints":{"allow":["GET"]}}],"collection":[{"href":"http:\/\/blogdalucianaoliveira.com.br\/blog\/wp-json\/wp\/v2\/posts"}],"about":[{"href":"http:\/\/blogdalucianaoliveira.com.br\/blog\/wp-json\/wp\/v2\/types\/post"}],"author":[{"embeddable":true,"href":"http:\/\/blogdalucianaoliveira.com.br\/blog\/wp-json\/wp\/v2\/users\/1"}],"replies":[{"embeddable":true,"href":"http:\/\/blogdalucianaoliveira.com.br\/blog\/wp-json\/wp\/v2\/comments?post=24491"}],"version-history":[{"count":1,"href":"http:\/\/blogdalucianaoliveira.com.br\/blog\/wp-json\/wp\/v2\/posts\/24491\/revisions"}],"predecessor-version":[{"id":24493,"href":"http:\/\/blogdalucianaoliveira.com.br\/blog\/wp-json\/wp\/v2\/posts\/24491\/revisions\/24493"}],"wp:attachment":[{"href":"http:\/\/blogdalucianaoliveira.com.br\/blog\/wp-json\/wp\/v2\/media?parent=24491"}],"wp:term":[{"taxonomy":"category","embeddable":true,"href":"http:\/\/blogdalucianaoliveira.com.br\/blog\/wp-json\/wp\/v2\/categories?post=24491"},{"taxonomy":"post_tag","embeddable":true,"href":"http:\/\/blogdalucianaoliveira.com.br\/blog\/wp-json\/wp\/v2\/tags?post=24491"}],"curies":[{"name":"wp","href":"https:\/\/api.w.org\/{rel}","templated":true}]}}