{"id":24499,"date":"2019-10-23T13:51:16","date_gmt":"2019-10-23T17:51:16","guid":{"rendered":"http:\/\/blogdalucianaoliveira.com.br\/blog\/?p=24499"},"modified":"2019-10-23T13:51:16","modified_gmt":"2019-10-23T17:51:16","slug":"investigacoes-comprovam-fazendeiros-bolsonaristas-sao-culpados-do-dia-do-fogo-na-amazonia","status":"publish","type":"post","link":"http:\/\/blogdalucianaoliveira.com.br\/blog\/2019\/10\/23\/investigacoes-comprovam-fazendeiros-bolsonaristas-sao-culpados-do-dia-do-fogo-na-amazonia\/","title":{"rendered":"Investiga\u00e7\u00f5es comprovam: fazendeiros bolsonaristas s\u00e3o culpados do &#8220;Dia do Fogo&#8221; na Amaz\u00f4nia"},"content":{"rendered":"<p><img data-recalc-dims=\"1\" loading=\"lazy\" decoding=\"async\" src=\"https:\/\/i0.wp.com\/blogdalucianaoliveira.com.br\/blog\/wp-content\/uploads\/2019\/10\/E70420DB-C206-43D7-99CC-1396463FDA0B.jpeg?resize=500%2C240\" alt=\"E70420DB-C206-43D7-99CC-1396463FDA0B\" width=\"500\" height=\"240\" class=\"alignnone size-full wp-image-24500\" \/><\/p>\n<p>Rep\u00f3rter Brasil &#8211; Os moradores de Novo Progresso, no Par\u00e1, olham desconfiados para os lados quando questionados sobre o \u2018Dia do Fogo\u2019. \u201cTodo ano o pessoal queima a floresta\u201d, desconversam. Evitam falar sobre o tema j\u00e1 que os principais suspeitos de terem organizado as queimadas criminosas nesta parte da Amaz\u00f4nia, nos dias 10 e 11 de agosto, s\u00e3o pessoas poderosas da cidade \u2013 fazendeiros, madeireiros e empres\u00e1rios \u2013, segundo investiga\u00e7\u00f5es policiais a que a Rep\u00f3rter Brasil teve acesso.<!--more--><\/p>\n<p>Os respons\u00e1veis pelo \u2018Dia do Fogo\u2019, de acordo com investigadores das Pol\u00edcia Civil e Federal, chegaram a fazer uma \u2018vaquinha\u2019 para pagar os custos do combust\u00edvel \u2013 uma mistura de \u00f3leo diesel com gasolina \u2013, usado para alastrar as chamas. Al\u00e9m disso, contrataram motoqueiros para entrarem nas estradas de terra pr\u00f3ximas \u00e0 floresta espalhando o l\u00edquido inflam\u00e1vel. A a\u00e7\u00e3o triplicou os focos de inc\u00eandio na regi\u00e3o.<\/p>\n<p>Um dos primeiros suspeitos ouvidos pela Pol\u00edcia Civil foi Agamenon Menezes, presidente do Sindicato dos Produtores Rurais da cidade, que tamb\u00e9m foi alvo de opera\u00e7\u00e3o de busca e apreens\u00e3o da Pol\u00edcia Federal nesta ter\u00e7a-feira (22). A opera\u00e7\u00e3o \u2018Pacto de Fogo\u2019 apreendeu documentos na sede do sindicato, al\u00e9m do computador pessoal de Menezes. Os policiais cumpriram outros tr\u00eas mandados de busca e apreens\u00e3o, mas n\u00e3o informaram quais foram os alvos. Al\u00e9m da Federal, a Pol\u00edcia Civil tamb\u00e9m investiga o caso, mas a colabora\u00e7\u00e3o \u00e9 prejudicada por brigas entre as duas corpora\u00e7\u00f5es.<\/p>\n<p>\u201cQuem n\u00e3o deve n\u00e3o teme\u201d, disse Menezes por telefone \u00e0 Rep\u00f3rter Brasil ap\u00f3s ter o seu computador apreendido, nesta ter\u00e7a-feira. Em outra entrevista, realizada no in\u00edcio de outubro quando a reportagem esteve em Novo Progresso, Menezes negou ter acontecido uma combina\u00e7\u00e3o entre os produtores rurais para queimar a floresta. Ele atribuiu o aumento dos focos de inc\u00eandio ao per\u00edodo seco.<\/p>\n<p>A Pol\u00edcia Civil j\u00e1 estava investigando o empres\u00e1rio Ricardo de Nadai, propriet\u00e1rio da loja Agropecu\u00e1ria Sert\u00e3o. Ele teria sido o criador de um grupo de WhatsApp chamado \u2018Sert\u00e3o\u2019, com 70 integrantes, onde foram combinados os detalhes sobre o \u2018Dia do Fogo\u2019.<\/p>\n<p>A Rep\u00f3rter Brasil foi duas vezes \u00e0 loja para entrevistar Nadai, mas um funcion\u00e1rio informou que seu patr\u00e3o n\u00e3o queria falar. Para a pol\u00edcia, o empres\u00e1rio negou a exist\u00eancia da combina\u00e7\u00e3o das queimadas pelo WhatsApp.<\/p>\n<p>Os detalhes sobre o ataque incendi\u00e1rio foram costurados no grupo \u2018Sert\u00e3o\u2019, mas as conversas sobre a a\u00e7\u00e3o come\u00e7aram em outro grupo de WhatsApp, com 256 pessoas (lota\u00e7\u00e3o m\u00e1xima permitida pelo aplicativo), chamado \u2018Jornal A Voz da Verdade\u2019. Neste grupo, estavam presentes tamb\u00e9m autoridades da regi\u00e3o, como o delegado da Pol\u00edcia Civil, Vicente Gomes, chefe da Superintend\u00eancia da Pol\u00edcia Civil do Tapaj\u00f3s, sediada em Itaituba, distante 400 quil\u00f4metros de Novo Progresso.<\/p>\n<p>Foi Gomes quem determinou ao delegado de Novo Progresso o n\u00e3o repasse, \u00e0 Pol\u00edcia Federal, dos depoimentos que j\u00e1 haviam sido tomados pela Pol\u00edcia Civil na cidade \u2013 o que piorou a rela\u00e7\u00e3o entre as duas institui\u00e7\u00f5es respons\u00e1veis pela investiga\u00e7\u00e3o.<\/p>\n<p>Questionado pela Rep\u00f3rter Brasil, o delegado Vicente Gomes disse que n\u00e3o falaria nada sobre a apura\u00e7\u00e3o do \u2018Dia do Fogo\u2019, pois a investiga\u00e7\u00e3o corre em sigilo por determina\u00e7\u00e3o judicial. Perguntado se estava no grupo de WhatsApp \u2018Jornal A Voz da Verdade\u2019, Gomes respondeu: \u201cN\u00e3o posso comentar nada\u201d.<\/p>\n<p>O acordo entre fazendeiros e madeireiros que resultou no \u2018Dia do Fogo\u2019 foi revelado em 5 de agosto pelo jornalista Ad\u00e9cio Piran, do site paraense Folha do Progresso. Ap\u00f3s a publica\u00e7\u00e3o, Piran ficou fora da cidade por dois meses por conta das amea\u00e7as de morte que recebeu. Chegou a contar com prote\u00e7\u00e3o policial, mas voltou ao trabalho e dispensou a seguran\u00e7a. \u201cOs respons\u00e1veis pelo fogo tornaram meu neg\u00f3cio invi\u00e1vel, j\u00e1 que conseguiram pressionar os comerciantes para tirarem os an\u00fancios no meu site\u201d, relata.<\/p>\n<p>Interesses pol\u00edticos dificultam investiga\u00e7\u00f5es<br \/>\nOs respons\u00e1veis pelo fogo tamb\u00e9m est\u00e3o dificultando as investiga\u00e7\u00f5es, segundo policial federal que apura o caso e que foi ouvido pela Rep\u00f3rter Brasil na condi\u00e7\u00e3o de n\u00e3o ter o nome revelado. O policial disse que os fazendeiros da regi\u00e3o s\u00e3o bem relacionados com deputados e senadores do Par\u00e1, al\u00e9m de terem interlocu\u00e7\u00e3o com o alto escal\u00e3o do governo federal.<\/p>\n<p>Ele destacou ainda o poder do Sindicato dos Produtores Rurais de Novo Progresso, que tem influ\u00eancia na Federa\u00e7\u00e3o da Agricultura e Pecu\u00e1ria do Par\u00e1 (Faepa), que, por sua vez, \u00e9 bem articulada com a Frente Parlamentar Agropecu\u00e1ria \u2013 a bancada ruralista \u2013 uma das mais bem organizadas do Congresso.<\/p>\n<p>Um dos principais representantes dos ruralistas no governo federal, o secret\u00e1rio especial de Assuntos Fundi\u00e1rios, Luiz Ant\u00f4nio Nabhan Garcia, esteve em Castelo dos Sonhos, distrito de Altamira vizinho a Novo Progresso, para participar da Festa do Boi no Rolete no in\u00edcio de setembro. Nabhan Garcia adotou um discurso em que atribui parte da culpa dos inc\u00eandios na Amaz\u00f4nia aos povos ind\u00edgenas. Ele disse, durante Comiss\u00e3o do Meio Ambiente no Senado, que os produtores rurais n\u00e3o s\u00e3o respons\u00e1veis pelas queimadas. Entre os convidados do evento estava Agamenon Menezes.<\/p>\n<p>Al\u00e9m de poss\u00edveis influ\u00eancias pol\u00edticas, a rixa entre as pol\u00edcias Federal e Civil colaboram para o atraso nas investiga\u00e7\u00f5es \u2013 cujo passo mais importante foi dado nesta ter\u00e7a-feira, mais de dois meses ap\u00f3s o \u201cDia do Fogo\u201d.<\/p>\n<p>A disputa entre as organiza\u00e7\u00f5es come\u00e7ou em novembro do ano passado, quando tr\u00eas federais foram presos por policiais civis e militares em Novo Progresso \u2013 e chegaram a passar uma noite na delegacia at\u00e9 serem devidamente identificados. Por conta dessa pris\u00e3o indevida, um delegado da Pol\u00edcia Civil de Novo Progresso foi afastado do cargo. Agora, o outro delegado da cidade que cuida das investiga\u00e7\u00f5es est\u00e1 em f\u00e9rias, o que pode atrasar ainda mais as conclus\u00f5es do caso.<\/p>\n<p>As investiga\u00e7\u00f5es tamb\u00e9m esbarram em desafios log\u00edsticos, j\u00e1 que a delegacia da PF em Santar\u00e9m fica distante 700 quil\u00f4metros de Novo Progresso. A de Altamira fica 970 quil\u00f4metros de Castelo dos Sonhos.<\/p>\n<p>Objetivo era desorganizar fiscaliza\u00e7\u00e3o<br \/>\nO procurador Paulo de Tarso Moreira de Oliveira, do Minist\u00e9rio P\u00fablico Federal em Santar\u00e9m, tamb\u00e9m participa das investiga\u00e7\u00f5es e entende que o objetivo do \u2018Dia do Fogo\u2019 era inviabilizar a fiscaliza\u00e7\u00e3o ambiental diante da profus\u00e3o de focos de inc\u00eandio. \u201cInvestigamos se as lideran\u00e7as locais se associaram para mascarar a identifica\u00e7\u00e3o da autoria, pois n\u00e3o h\u00e1 fiscaliza\u00e7\u00e3o capaz de fiscalizar tantos focos de inc\u00eandio ao mesmo tempo\u201d, explica. \u201cDizer que n\u00e3o aconteceu o Dia do Fogo \u00e9 ignorar claramente as informa\u00e7\u00f5es dos sat\u00e9lites\u201d, afirma.<\/p>\n<p>Em toda a Amaz\u00f4nia, as queimadas no m\u00eas de agosto foram as maiores desde 2010, com aumento de 196% neste ano quando comparado ao mesmo m\u00eas de 2018 (31 mil focos em 2019 ante 10 mil em 2018).<\/p>\n<p>A destrui\u00e7\u00e3o da floresta tropical despertou como\u00e7\u00e3o mundial e mobilizou chefes de estado a se posicionarem pela defesa da Amaz\u00f4nia, o que levou o presidente Jair Bolsonaro a negar a exist\u00eancia do fogo em seu discurso de abertura no 74\u00b0 Congresso da ONU, em 24 de setembro: \u201cEla [Amaz\u00f4nia] n\u00e3o est\u00e1 sendo devastada e nem consumida pelo fogo, como diz mentirosamente a m\u00eddia\u201d.<\/p>\n<p>Dois meses depois do \u2018Dia do Fogo\u2019, por\u00e9m, o cen\u00e1rio continua desolador no sudoeste do Par\u00e1, com trechos imensos de floresta queimados nas estradas de terra que partem da BR-163. A Rep\u00f3rter Brasil flagrou destrui\u00e7\u00e3o dentro da Flona Jamanxim e da Reserva Biol\u00f3gica Nascentes Serra do Cachimbo, \u00e1reas de reserva que, de acordo com a legisla\u00e7\u00e3o, n\u00e3o permitem atividades econ\u00f4micas, mas que convivem com cria\u00e7\u00f5es de gado, extra\u00e7\u00e3o ilegal de madeira e garimpos clandestinos.<\/p>\n","protected":false},"excerpt":{"rendered":"<p>Rep\u00f3rter Brasil &#8211; Os moradores de Novo Progresso, no Par\u00e1, olham desconfiados para os lados quando questionados sobre o \u2018Dia do Fogo\u2019. \u201cTodo ano o pessoal queima a floresta\u201d, desconversam. Evitam falar sobre o tema j\u00e1 que os principais suspeitos de terem organizado as queimadas criminosas nesta parte da Amaz\u00f4nia, nos dias 10 e 11&#8230;<a class=\"more-link\" href=\"http:\/\/blogdalucianaoliveira.com.br\/blog\/2019\/10\/23\/investigacoes-comprovam-fazendeiros-bolsonaristas-sao-culpados-do-dia-do-fogo-na-amazonia\/\">Continue a leitura <span class=\"meta-nav\">&raquo;<\/span><\/a><\/p>\n","protected":false},"author":1,"featured_media":0,"comment_status":"closed","ping_status":"open","sticky":false,"template":"","format":"standard","meta":{"_exactmetrics_skip_tracking":false,"_exactmetrics_sitenote_active":false,"_exactmetrics_sitenote_note":"","_exactmetrics_sitenote_category":0,"jetpack_post_was_ever_published":false,"_jetpack_newsletter_access":"","_jetpack_dont_email_post_to_subs":false,"_jetpack_newsletter_tier_id":0,"_jetpack_memberships_contains_paywalled_content":false,"_jetpack_memberships_contains_paid_content":false,"footnotes":"","jetpack_publicize_message":"","jetpack_publicize_feature_enabled":true,"jetpack_social_post_already_shared":true,"jetpack_social_options":{"image_generator_settings":{"template":"highway","enabled":false},"version":2}},"categories":[1],"tags":[],"class_list":["post-24499","post","type-post","status-publish","format-standard","hentry","category-notas"],"jetpack_publicize_connections":[],"jetpack_sharing_enabled":true,"jetpack_featured_media_url":"","jetpack_shortlink":"https:\/\/wp.me\/p7wKYW-6n9","jetpack-related-posts":[],"_links":{"self":[{"href":"http:\/\/blogdalucianaoliveira.com.br\/blog\/wp-json\/wp\/v2\/posts\/24499","targetHints":{"allow":["GET"]}}],"collection":[{"href":"http:\/\/blogdalucianaoliveira.com.br\/blog\/wp-json\/wp\/v2\/posts"}],"about":[{"href":"http:\/\/blogdalucianaoliveira.com.br\/blog\/wp-json\/wp\/v2\/types\/post"}],"author":[{"embeddable":true,"href":"http:\/\/blogdalucianaoliveira.com.br\/blog\/wp-json\/wp\/v2\/users\/1"}],"replies":[{"embeddable":true,"href":"http:\/\/blogdalucianaoliveira.com.br\/blog\/wp-json\/wp\/v2\/comments?post=24499"}],"version-history":[{"count":1,"href":"http:\/\/blogdalucianaoliveira.com.br\/blog\/wp-json\/wp\/v2\/posts\/24499\/revisions"}],"predecessor-version":[{"id":24501,"href":"http:\/\/blogdalucianaoliveira.com.br\/blog\/wp-json\/wp\/v2\/posts\/24499\/revisions\/24501"}],"wp:attachment":[{"href":"http:\/\/blogdalucianaoliveira.com.br\/blog\/wp-json\/wp\/v2\/media?parent=24499"}],"wp:term":[{"taxonomy":"category","embeddable":true,"href":"http:\/\/blogdalucianaoliveira.com.br\/blog\/wp-json\/wp\/v2\/categories?post=24499"},{"taxonomy":"post_tag","embeddable":true,"href":"http:\/\/blogdalucianaoliveira.com.br\/blog\/wp-json\/wp\/v2\/tags?post=24499"}],"curies":[{"name":"wp","href":"https:\/\/api.w.org\/{rel}","templated":true}]}}