{"id":24502,"date":"2019-10-23T16:53:20","date_gmt":"2019-10-23T20:53:20","guid":{"rendered":"http:\/\/blogdalucianaoliveira.com.br\/blog\/?p=24502"},"modified":"2019-10-23T16:53:20","modified_gmt":"2019-10-23T20:53:20","slug":"instituto-de-advogados-cobra-apuracao-das-denuncias-contra-procuradores-e-juiz-da-lava-jato","status":"publish","type":"post","link":"http:\/\/blogdalucianaoliveira.com.br\/blog\/2019\/10\/23\/instituto-de-advogados-cobra-apuracao-das-denuncias-contra-procuradores-e-juiz-da-lava-jato\/","title":{"rendered":"Instituto de Advogados cobra apura\u00e7\u00e3o das den\u00fancias contra procuradores e juiz da Lava Jato"},"content":{"rendered":"<figure id=\"attachment_370452\" class=\"wp-caption aligncenter\"><img data-recalc-dims=\"1\" loading=\"lazy\" decoding=\"async\" class=\"size-large wp-image-370452\" src=\"https:\/\/i0.wp.com\/www.diariodocentrodomundo.com.br\/wp-content\/uploads\/2019\/08\/image-1-8-600x360.jpg?resize=600%2C360&#038;ssl=1\" sizes=\"auto, (max-width: 600px) 100vw, 600px\" srcset=\"https:\/\/www.diariodocentrodomundo.com.br\/wp-content\/uploads\/2019\/08\/image-1-8-600x360.jpg 600w, https:\/\/www.diariodocentrodomundo.com.br\/wp-content\/uploads\/2019\/08\/image-1-8-300x180.jpg 300w, https:\/\/www.diariodocentrodomundo.com.br\/wp-content\/uploads\/2019\/08\/image-1-8-768x461.jpg 768w, https:\/\/www.diariodocentrodomundo.com.br\/wp-content\/uploads\/2019\/08\/image-1-8-700x420.jpg 700w, https:\/\/www.diariodocentrodomundo.com.br\/wp-content\/uploads\/2019\/08\/image-1-8-640x384.jpg 640w, https:\/\/www.diariodocentrodomundo.com.br\/wp-content\/uploads\/2019\/08\/image-1-8-681x409.jpg 681w, https:\/\/www.diariodocentrodomundo.com.br\/wp-content\/uploads\/2019\/08\/image-1-8.jpg 1086w\" alt=\"\" width=\"600\" height=\"360\" \/><figcaption class=\"wp-caption-text\"><\/figcaption><figcaption class=\"wp-caption-text\"><\/figcaption><figcaption class=\"wp-caption-text\">Na Rede Brasil Atual &#8211; Em entrevista \u00e0 jornalista Marilu Caba\u00f1as, da R\u00e1dio Brasil Atual, o advogado, cientista pol\u00edtico e membro do Instituto de Advogados Brasileiros (IAB) Jorge Rubem Folena cobrou a apura\u00e7\u00e3o das\u00a0den\u00fancias de irregularidades\u00a0cometidas pelos procuradores da Opera\u00e7\u00e3o\u00a0Lava Jato, e seu ent\u00e3o juiz, Sergio Moro, em contraposi\u00e7\u00e3o \u00e0 postura do Supremo Tribunal Federal (STF) que, nesta ter\u00e7a-feira (22), arquivou um pedido de investiga\u00e7\u00e3o.<\/figcaption><\/figure>\n<p><!--more--><\/p>\n<p>De acordo com o\u00a0<a href=\"https:\/\/www.viomundo.com.br\/voce-escreve\/lava-jato-stf-arquiva-denuncia-do-pt-contra-procuradores-no-stj-tramita-outra-de-coletivo-de-advogados.html\" target=\"_blank\" rel=\"noopener\">site\u00a0<em>Viomundo<\/em><\/a>, a not\u00edcia-crime, encaminhada \u00e0 Corte pelo deputado federal Paulo Pimenta (PT-RS), acusava sete procuradores da for\u00e7a-tarefa de fraude processual, prevarica\u00e7\u00e3o, participa\u00e7\u00e3o em organiza\u00e7\u00e3o criminosa e abuso de autoridade, em raz\u00e3o de supostos contatos com autoridades da Su\u00ed\u00e7a e de M\u00f4naco para obten\u00e7\u00e3o de provas il\u00edcitas. O ministro do STF Celso de Mello rejeitou o pedido, alegando que o autor n\u00e3o apresentou nenhuma prova sobre os crimes.<\/p>\n<p>Ainda assim, o integrante da IAB v\u00ea com expectativa a a\u00e7\u00e3o do coletivo\u00a0Advogadas e Advogados pela Democracia, que tramita no Supremo Tribunal de Justi\u00e7a (STJ), tamb\u00e9m colocando em xeque a atua\u00e7\u00e3o dos\u00a0procuradores da Lava Jato,\u00a0principalmente do coordenador\u00a0Deltan Dallagnol. De acordo com Folena,\u00a0 \u00e9 mais\u00a0 do que necess\u00e1rio o estabelecimento do \u201cdevido processo legal\u201d para responder se houve, ou n\u00e3o,\u00a0ilegalidades cometidas pela opera\u00e7\u00e3o, questionada sobretudo ap\u00f3s a divulga\u00e7\u00e3o de not\u00edcias do\u00a0<em>The Intercept Brasil,<\/em>\u00a0que demonstram que houve atua\u00e7\u00e3o pol\u00edtica e quebra da parcialidade entre procuradores e juiz.<\/p>\n<p>No caso envolvendo a Su\u00ed\u00e7a e M\u00f4naco, a\u00a0s\u00e9rie de vazamentos\u00a0apontou, em setembro, que a for\u00e7a-tarefa, violando as regras, estabeleceu coopera\u00e7\u00e3o internacional, de forma n\u00e3o oficial,\u00a0para obter provas il\u00edcitas\u00a0com objetivo de prender alvos considerados priorit\u00e1rios, entre eles, o ex-presidente Luiz In\u00e1cio Lula da Silva, que chegou a ter uma lista com nomes de seus familiares investigada dessa forma .\u00a0\u201cA burocracia da Procuradoria-Geral da Rep\u00fablica por meio da Lava Jato, foi utilizada de uma forma politica e partid\u00e1ria, a Lava Jato se tornou um partido pol\u00edtico, isso \u00e9 inadmiss\u00edvel, n\u00e3o \u00e9 o papel da burocracia atuar de uma forma partid\u00e1ria\u201d, critica o advogado.<\/p>\n<p>\u201cO que tem que se colocar \u00e9 que,\u00a0como tem sido revelado pelo\u00a0<em>The Intercept<\/em>, de fato a Lava Jato praticou uma s\u00e9rie de irregularidades, tanto por parte do juiz que conduziu o processo \u00e0 \u00e9poca, e hoje \u00e9 ministro da Justi\u00e7a, como tamb\u00e9m dos procuradores. Ao meu ver, tem que ocorrer \u00e9 o processamento, a investiga\u00e7\u00e3o, a apura\u00e7\u00e3o e, de fato, sendo constatado, dentro do devido processo legal, todas as irregularidades praticadas por procuradores e juiz, todos (precisam ser) devidamente condenados a responder pelos atos praticados,\u00a0porque eles conduziram o pa\u00eds a uma situa\u00e7\u00e3o lament\u00e1vel, a ind\u00fastria brasileira, principalmente a ind\u00fastria de engenharia, acabou por causa da Lava Jato, a Petrobras foi entregue\u201d, destaca Folena.<\/p>\n<div id=\"execphp-21\" class=\"td_block_template_1 widget widget_execphp\"><\/div>\n<div id=\"execphp-17\" class=\"td_block_template_1 widget widget_execphp\"><\/div>\n<div id=\"execphp-4\" class=\"td_block_template_1 widget widget_execphp\"><\/div>\n","protected":false},"excerpt":{"rendered":"<p>Na Rede Brasil Atual &#8211; Em entrevista \u00e0 jornalista Marilu Caba\u00f1as, da R\u00e1dio Brasil Atual, o advogado, cientista pol\u00edtico e membro do Instituto de Advogados Brasileiros (IAB) Jorge Rubem Folena cobrou a apura\u00e7\u00e3o das\u00a0den\u00fancias de irregularidades\u00a0cometidas pelos procuradores da Opera\u00e7\u00e3o\u00a0Lava Jato, e seu ent\u00e3o juiz, Sergio Moro, em contraposi\u00e7\u00e3o \u00e0 postura do Supremo Tribunal Federal&#8230;<a class=\"more-link\" href=\"http:\/\/blogdalucianaoliveira.com.br\/blog\/2019\/10\/23\/instituto-de-advogados-cobra-apuracao-das-denuncias-contra-procuradores-e-juiz-da-lava-jato\/\">Continue a leitura <span class=\"meta-nav\">&raquo;<\/span><\/a><\/p>\n","protected":false},"author":1,"featured_media":0,"comment_status":"closed","ping_status":"open","sticky":false,"template":"","format":"standard","meta":{"_exactmetrics_skip_tracking":false,"_exactmetrics_sitenote_active":false,"_exactmetrics_sitenote_note":"","_exactmetrics_sitenote_category":0,"jetpack_post_was_ever_published":false,"_jetpack_newsletter_access":"","_jetpack_dont_email_post_to_subs":false,"_jetpack_newsletter_tier_id":0,"_jetpack_memberships_contains_paywalled_content":false,"_jetpack_memberships_contains_paid_content":false,"footnotes":"","jetpack_publicize_message":"","jetpack_publicize_feature_enabled":true,"jetpack_social_post_already_shared":true,"jetpack_social_options":{"image_generator_settings":{"template":"highway","enabled":false},"version":2}},"categories":[1],"tags":[],"class_list":["post-24502","post","type-post","status-publish","format-standard","hentry","category-notas"],"jetpack_publicize_connections":[],"jetpack_sharing_enabled":true,"jetpack_featured_media_url":"","jetpack_shortlink":"https:\/\/wp.me\/p7wKYW-6nc","jetpack-related-posts":[],"_links":{"self":[{"href":"http:\/\/blogdalucianaoliveira.com.br\/blog\/wp-json\/wp\/v2\/posts\/24502","targetHints":{"allow":["GET"]}}],"collection":[{"href":"http:\/\/blogdalucianaoliveira.com.br\/blog\/wp-json\/wp\/v2\/posts"}],"about":[{"href":"http:\/\/blogdalucianaoliveira.com.br\/blog\/wp-json\/wp\/v2\/types\/post"}],"author":[{"embeddable":true,"href":"http:\/\/blogdalucianaoliveira.com.br\/blog\/wp-json\/wp\/v2\/users\/1"}],"replies":[{"embeddable":true,"href":"http:\/\/blogdalucianaoliveira.com.br\/blog\/wp-json\/wp\/v2\/comments?post=24502"}],"version-history":[{"count":1,"href":"http:\/\/blogdalucianaoliveira.com.br\/blog\/wp-json\/wp\/v2\/posts\/24502\/revisions"}],"predecessor-version":[{"id":24503,"href":"http:\/\/blogdalucianaoliveira.com.br\/blog\/wp-json\/wp\/v2\/posts\/24502\/revisions\/24503"}],"wp:attachment":[{"href":"http:\/\/blogdalucianaoliveira.com.br\/blog\/wp-json\/wp\/v2\/media?parent=24502"}],"wp:term":[{"taxonomy":"category","embeddable":true,"href":"http:\/\/blogdalucianaoliveira.com.br\/blog\/wp-json\/wp\/v2\/categories?post=24502"},{"taxonomy":"post_tag","embeddable":true,"href":"http:\/\/blogdalucianaoliveira.com.br\/blog\/wp-json\/wp\/v2\/tags?post=24502"}],"curies":[{"name":"wp","href":"https:\/\/api.w.org\/{rel}","templated":true}]}}