{"id":24504,"date":"2019-10-24T10:06:41","date_gmt":"2019-10-24T14:06:41","guid":{"rendered":"http:\/\/blogdalucianaoliveira.com.br\/blog\/?p=24504"},"modified":"2019-10-24T10:24:06","modified_gmt":"2019-10-24T14:24:06","slug":"espetacularizacao-de-operacao-policial-prejudicou-comunidade-quilombola","status":"publish","type":"post","link":"http:\/\/blogdalucianaoliveira.com.br\/blog\/2019\/10\/24\/espetacularizacao-de-operacao-policial-prejudicou-comunidade-quilombola\/","title":{"rendered":"ESPETACULARIZA\u00c7\u00c3O DE OPERA\u00c7\u00c3O POLICIAL PREJUDICOU COMUNIDADE QUILOMBOLA"},"content":{"rendered":"<p><img data-recalc-dims=\"1\" loading=\"lazy\" decoding=\"async\" data-attachment-id=\"24505\" data-permalink=\"http:\/\/blogdalucianaoliveira.com.br\/blog\/2019\/10\/24\/espetacularizacao-de-operacao-policial-prejudicou-comunidade-quilombola\/quilo-3\/\" data-orig-file=\"https:\/\/i0.wp.com\/blogdalucianaoliveira.com.br\/blog\/wp-content\/uploads\/2019\/10\/quilo.jpeg?fit=750%2C423\" data-orig-size=\"750,423\" data-comments-opened=\"0\" data-image-meta=\"{&quot;aperture&quot;:&quot;0&quot;,&quot;credit&quot;:&quot;&quot;,&quot;camera&quot;:&quot;&quot;,&quot;caption&quot;:&quot;&quot;,&quot;created_timestamp&quot;:&quot;0&quot;,&quot;copyright&quot;:&quot;&quot;,&quot;focal_length&quot;:&quot;0&quot;,&quot;iso&quot;:&quot;0&quot;,&quot;shutter_speed&quot;:&quot;0&quot;,&quot;title&quot;:&quot;&quot;,&quot;orientation&quot;:&quot;0&quot;}\" data-image-title=\"quilo\" data-image-description=\"\" data-image-caption=\"\" data-medium-file=\"https:\/\/i0.wp.com\/blogdalucianaoliveira.com.br\/blog\/wp-content\/uploads\/2019\/10\/quilo.jpeg?fit=300%2C169\" data-large-file=\"https:\/\/i0.wp.com\/blogdalucianaoliveira.com.br\/blog\/wp-content\/uploads\/2019\/10\/quilo.jpeg?fit=600%2C338\" class=\"alignnone size-full wp-image-24505\" src=\"https:\/\/i0.wp.com\/blogdalucianaoliveira.com.br\/blog\/wp-content\/uploads\/2019\/10\/quilo.jpeg?resize=600%2C338\" alt=\"quilo\" width=\"600\" height=\"338\" srcset=\"https:\/\/i0.wp.com\/blogdalucianaoliveira.com.br\/blog\/wp-content\/uploads\/2019\/10\/quilo.jpeg?w=750 750w, https:\/\/i0.wp.com\/blogdalucianaoliveira.com.br\/blog\/wp-content\/uploads\/2019\/10\/quilo.jpeg?resize=300%2C169 300w, https:\/\/i0.wp.com\/blogdalucianaoliveira.com.br\/blog\/wp-content\/uploads\/2019\/10\/quilo.jpeg?resize=532%2C300 532w\" sizes=\"auto, (max-width: 600px) 100vw, 600px\" \/><\/p>\n<p>\u201cIndo para um show\u201d \u00e9 trecho do cl\u00e1ssico do rock, \u2018It\u2019s a long way to the top, do AC\/DC.<\/p>\n<p>A m\u00fasica est\u00e1 no v\u00eddeo de divulga\u00e7\u00e3o da opera\u00e7\u00e3o \u2018Black Stone\u2019, que resultou na pris\u00e3o preventiva de quatro pessoas e apreens\u00e3o de um adolescente na comunidade quilombola de Pedras Negras, na regi\u00e3o do Vale do Guapor\u00e9.<\/p>\n<p>O forte aparato policial tumultou o distrito com poucos moradores, dificuldade de acesso e comunica\u00e7\u00e3o, \u00e0s margens do rio Guapor\u00e9 e na fronteira com a Bol\u00edvia.<\/p>\n<p>A a\u00e7\u00e3o policial que era para ser praticada como algo rotineiro e com o devido cuidado com a comunidade que abriga povo origin\u00e1rio, se transformou num espet\u00e1culo midi\u00e1tico com a exposi\u00e7\u00e3o dos suspeitos e prejudicou fortemente a vida dos quilombolas e a atividade tur\u00edstica no local.<!--more--><\/p>\n<div style=\"width: 600px;\" class=\"wp-video\"><video class=\"wp-video-shortcode\" id=\"video-24504-1\" width=\"600\" height=\"338\" preload=\"metadata\" controls=\"controls\"><source type=\"video\/mp4\" src=\"http:\/\/blogdalucianaoliveira.com.br\/blog\/wp-content\/uploads\/2019\/10\/pc.mp4?_=1\" \/><a href=\"http:\/\/blogdalucianaoliveira.com.br\/blog\/wp-content\/uploads\/2019\/10\/pc.mp4\">http:\/\/blogdalucianaoliveira.com.br\/blog\/wp-content\/uploads\/2019\/10\/pc.mp4<\/a><\/video><\/div>\n<p>A opera\u00e7\u00e3o foi autorizada para desvendar a morte de um homem que segundo testemunhas teria sido assassinado em plano arquitetado por tr\u00eas homens, a vi\u00fava e com a participa\u00e7\u00e3o de um adolescente.<\/p>\n<p>\u201cAos investigados est\u00e1 sendo atribu\u00edda a pr\u00e1tica do crime tipificado nos artigos 121, \u00a72\u00b0, incisos I e IV, ambos do C\u00f3digo Penal e ainda a pr\u00e1tica do crime tipificado no artigo 244-B, do Estatuto da Crian\u00e7a e do Adolescente\u201d, conforme decis\u00e3o que autorizou buscas e apreens\u00f5es e pris\u00f5es preventivas.<\/p>\n<p>Os mandados foram cumpridos no \u00faltimo dia 11 e de l\u00e1 pra c\u00e1, s\u00f3 a vi\u00fava teve a pris\u00e3o revogada a pedido da Defensoria P\u00fablica de S\u00e3o Francisco do Guapor\u00e9.<\/p>\n<p>H\u00e1 pelo menos tr\u00eas linhas de investiga\u00e7\u00e3o e sustentadas com testemunhos de quem mora distante e ouviu falar algo sobre o crime.<\/p>\n<p>O clima \u00e9 de apreens\u00e3o na comunidade onde familiares e amigos dos presos t\u00eam procurado ajuda para denunciar os excessos no cumprimento dos mandados, a intranquilidade e preju\u00edzos que a for\u00e7a-tarefa trouxe.<\/p>\n<p><img data-recalc-dims=\"1\" loading=\"lazy\" decoding=\"async\" data-attachment-id=\"24506\" data-permalink=\"http:\/\/blogdalucianaoliveira.com.br\/blog\/2019\/10\/24\/espetacularizacao-de-operacao-policial-prejudicou-comunidade-quilombola\/quilo1\/\" data-orig-file=\"https:\/\/i0.wp.com\/blogdalucianaoliveira.com.br\/blog\/wp-content\/uploads\/2019\/10\/quilo1.jpg?fit=1032%2C774\" data-orig-size=\"1032,774\" data-comments-opened=\"0\" data-image-meta=\"{&quot;aperture&quot;:&quot;0&quot;,&quot;credit&quot;:&quot;&quot;,&quot;camera&quot;:&quot;&quot;,&quot;caption&quot;:&quot;&quot;,&quot;created_timestamp&quot;:&quot;0&quot;,&quot;copyright&quot;:&quot;&quot;,&quot;focal_length&quot;:&quot;0&quot;,&quot;iso&quot;:&quot;0&quot;,&quot;shutter_speed&quot;:&quot;0&quot;,&quot;title&quot;:&quot;&quot;,&quot;orientation&quot;:&quot;0&quot;}\" data-image-title=\"quilo1\" data-image-description=\"\" data-image-caption=\"\" data-medium-file=\"https:\/\/i0.wp.com\/blogdalucianaoliveira.com.br\/blog\/wp-content\/uploads\/2019\/10\/quilo1.jpg?fit=300%2C225\" data-large-file=\"https:\/\/i0.wp.com\/blogdalucianaoliveira.com.br\/blog\/wp-content\/uploads\/2019\/10\/quilo1.jpg?fit=600%2C450\" class=\"alignnone size-full wp-image-24506\" src=\"https:\/\/i0.wp.com\/blogdalucianaoliveira.com.br\/blog\/wp-content\/uploads\/2019\/10\/quilo1.jpg?resize=600%2C450\" alt=\"quilo1\" width=\"600\" height=\"450\" srcset=\"https:\/\/i0.wp.com\/blogdalucianaoliveira.com.br\/blog\/wp-content\/uploads\/2019\/10\/quilo1.jpg?w=1032 1032w, https:\/\/i0.wp.com\/blogdalucianaoliveira.com.br\/blog\/wp-content\/uploads\/2019\/10\/quilo1.jpg?resize=300%2C225 300w, https:\/\/i0.wp.com\/blogdalucianaoliveira.com.br\/blog\/wp-content\/uploads\/2019\/10\/quilo1.jpg?resize=768%2C576 768w, https:\/\/i0.wp.com\/blogdalucianaoliveira.com.br\/blog\/wp-content\/uploads\/2019\/10\/quilo1.jpg?resize=1024%2C768 1024w, https:\/\/i0.wp.com\/blogdalucianaoliveira.com.br\/blog\/wp-content\/uploads\/2019\/10\/quilo1.jpg?resize=400%2C300 400w\" sizes=\"auto, (max-width: 600px) 100vw, 600px\" \/><\/p>\n<p>&nbsp;<\/p>\n<p>Um grupo de professores da Universidade Federal de Rond\u00f4nia \u2013 UNIR, foi ver de perto a situa\u00e7\u00e3o e ouviu relatos preocupantes sobre o ponto de vista dos excessos na opera\u00e7\u00e3o e das fam\u00edlias atingidas com as pris\u00f5es.<\/p>\n<p>O advogado Gustavo Dandolini, os professores Marco Ant\u00f4nio Teixeira e Uilian Nogueira foram \u00e0 comunidade a pedido de uma moradora antiga de Pedras Negras. L\u00e1 se reuniram com v\u00e1rios moradores e colheram relatos sobre a a\u00e7\u00e3o policial e os impactos que as pris\u00f5es causaram nas fam\u00edlias dos investigados e no dia a dia dos quilombolas.<\/p>\n<p><em>\u201cO menor foi levado de noite, sem mandado judicial e o pai dele \u00e9 o que aparece no v\u00eddeo da Pol\u00edcia Civil com os tracaj\u00e1s. \u00c9 comum em comunidades como essa a ca\u00e7a para alimentar fam\u00edlias e eles n\u00e3o levaram isso considera\u00e7\u00e3o. O pai foi exposto na comunidade e levado \u00e0 delegacia como forma de pressionar o depoimento do menor\u201d, disse um morador que n\u00e3o quer seu nome divulgado.<\/em><\/p>\n<p>&nbsp;<\/p>\n<p>Como este, v\u00e1rios relatos. O anonimato \u00e9 por medo.<\/p>\n<p><em>\u201cOs policiais o obrigaram a posar para fotos com os tracaj\u00e1s. Fizeram ele desfilar com o animal na cabe\u00e7a. Ele foi humilhado perante a comunidade. A gente acha que fizeram isso para pressionar o depoimento do filho\u201d.<\/em><\/p>\n<p><em>\u201cEssa comunidade vive com a sustentabilidade do turismo e as pris\u00f5es da forma como ocorreram apavoram quem vem nos visitar, prejudicam a economia local. Foi um show midi\u00e1tico e a pol\u00edcia n\u00e3o pensou nas consequ\u00eancias para todos n\u00f3s. Eles nem apuraram se foi realmente um assassinato e como aconteceu\u201d.<\/em><\/p>\n<p><em>\u201cEsse v\u00eddeo que divulgaram nas redes sociais prejudicou toda a comunidade. O turista vai achar que \u00e9 um lugar violento pela forma como divulgaram essa opera\u00e7\u00e3o\u201d.<\/em><\/p>\n<p><em>&#8220;Quando algu\u00e9m ouve um barulho de voadeira, j\u00e1 pensa que \u00e9 a pol\u00edcia e vai\u00a0assistir um espet\u00e1culo assustador de novo&#8221;.<\/em><\/p>\n<p>O professor Marco Teixeira falou aos moradores sobre a import\u00e2ncia de esclarecimento da morte com responsabilidade social, pois a comunidade e atividade tur\u00edstica est\u00e3o realmente sendo afetadas com o sensacionalismo da opera\u00e7\u00e3o.<\/p>\n<p><img data-recalc-dims=\"1\" loading=\"lazy\" decoding=\"async\" data-attachment-id=\"24507\" data-permalink=\"http:\/\/blogdalucianaoliveira.com.br\/blog\/2019\/10\/24\/espetacularizacao-de-operacao-policial-prejudicou-comunidade-quilombola\/quilo2\/\" data-orig-file=\"https:\/\/i0.wp.com\/blogdalucianaoliveira.com.br\/blog\/wp-content\/uploads\/2019\/10\/quilo2.jpg?fit=1280%2C960\" data-orig-size=\"1280,960\" data-comments-opened=\"0\" data-image-meta=\"{&quot;aperture&quot;:&quot;0&quot;,&quot;credit&quot;:&quot;&quot;,&quot;camera&quot;:&quot;&quot;,&quot;caption&quot;:&quot;&quot;,&quot;created_timestamp&quot;:&quot;0&quot;,&quot;copyright&quot;:&quot;&quot;,&quot;focal_length&quot;:&quot;0&quot;,&quot;iso&quot;:&quot;0&quot;,&quot;shutter_speed&quot;:&quot;0&quot;,&quot;title&quot;:&quot;&quot;,&quot;orientation&quot;:&quot;0&quot;}\" data-image-title=\"quilo2\" data-image-description=\"\" data-image-caption=\"\" data-medium-file=\"https:\/\/i0.wp.com\/blogdalucianaoliveira.com.br\/blog\/wp-content\/uploads\/2019\/10\/quilo2.jpg?fit=300%2C225\" data-large-file=\"https:\/\/i0.wp.com\/blogdalucianaoliveira.com.br\/blog\/wp-content\/uploads\/2019\/10\/quilo2.jpg?fit=600%2C450\" class=\"alignnone size-full wp-image-24507\" src=\"https:\/\/i0.wp.com\/blogdalucianaoliveira.com.br\/blog\/wp-content\/uploads\/2019\/10\/quilo2.jpg?resize=600%2C450\" alt=\"quilo2\" width=\"600\" height=\"450\" srcset=\"https:\/\/i0.wp.com\/blogdalucianaoliveira.com.br\/blog\/wp-content\/uploads\/2019\/10\/quilo2.jpg?w=1280 1280w, https:\/\/i0.wp.com\/blogdalucianaoliveira.com.br\/blog\/wp-content\/uploads\/2019\/10\/quilo2.jpg?resize=300%2C225 300w, https:\/\/i0.wp.com\/blogdalucianaoliveira.com.br\/blog\/wp-content\/uploads\/2019\/10\/quilo2.jpg?resize=768%2C576 768w, https:\/\/i0.wp.com\/blogdalucianaoliveira.com.br\/blog\/wp-content\/uploads\/2019\/10\/quilo2.jpg?resize=1024%2C768 1024w, https:\/\/i0.wp.com\/blogdalucianaoliveira.com.br\/blog\/wp-content\/uploads\/2019\/10\/quilo2.jpg?resize=400%2C300 400w, https:\/\/i0.wp.com\/blogdalucianaoliveira.com.br\/blog\/wp-content\/uploads\/2019\/10\/quilo2.jpg?w=1200 1200w\" sizes=\"auto, (max-width: 600px) 100vw, 600px\" \/><\/p>\n<p>\u201cSe houve um crime, o fato precisa ser corretamente esclarecido e levado \u00e0 justi\u00e7a. Meu apoio e solidariedade se estende desde a fam\u00edlia do morto, que est\u00e1 sofrendo e exige respostas que devem ser corretas e precisas, mas se estende tamb\u00e9m, a toda a comunidade de Pedras Negras, que tamb\u00e9m, est\u00e1 sofrendo e se desintegrando diante do ocorrido\u201d, disse o historiador que estuda os povos origin\u00e1rios h\u00e1 d\u00e9cadas.<\/p>\n<p>Em Pedras Negras, Marco Teixeira criou la\u00e7os afetivos e aponta que alguns depoimentos que ampararam as pris\u00f5es preventivas se contrastam com a realidade dos investigados.<\/p>\n<p><img data-recalc-dims=\"1\" loading=\"lazy\" decoding=\"async\" data-attachment-id=\"24508\" data-permalink=\"http:\/\/blogdalucianaoliveira.com.br\/blog\/2019\/10\/24\/espetacularizacao-de-operacao-policial-prejudicou-comunidade-quilombola\/quilo3\/\" data-orig-file=\"https:\/\/i0.wp.com\/blogdalucianaoliveira.com.br\/blog\/wp-content\/uploads\/2019\/10\/quilo3.jpg?fit=1032%2C774\" data-orig-size=\"1032,774\" data-comments-opened=\"0\" data-image-meta=\"{&quot;aperture&quot;:&quot;0&quot;,&quot;credit&quot;:&quot;&quot;,&quot;camera&quot;:&quot;&quot;,&quot;caption&quot;:&quot;&quot;,&quot;created_timestamp&quot;:&quot;0&quot;,&quot;copyright&quot;:&quot;&quot;,&quot;focal_length&quot;:&quot;0&quot;,&quot;iso&quot;:&quot;0&quot;,&quot;shutter_speed&quot;:&quot;0&quot;,&quot;title&quot;:&quot;&quot;,&quot;orientation&quot;:&quot;0&quot;}\" data-image-title=\"quilo3\" data-image-description=\"\" data-image-caption=\"\" data-medium-file=\"https:\/\/i0.wp.com\/blogdalucianaoliveira.com.br\/blog\/wp-content\/uploads\/2019\/10\/quilo3.jpg?fit=300%2C225\" data-large-file=\"https:\/\/i0.wp.com\/blogdalucianaoliveira.com.br\/blog\/wp-content\/uploads\/2019\/10\/quilo3.jpg?fit=600%2C450\" class=\"alignnone size-full wp-image-24508\" src=\"https:\/\/i0.wp.com\/blogdalucianaoliveira.com.br\/blog\/wp-content\/uploads\/2019\/10\/quilo3.jpg?resize=600%2C450\" alt=\"quilo3\" width=\"600\" height=\"450\" srcset=\"https:\/\/i0.wp.com\/blogdalucianaoliveira.com.br\/blog\/wp-content\/uploads\/2019\/10\/quilo3.jpg?w=1032 1032w, https:\/\/i0.wp.com\/blogdalucianaoliveira.com.br\/blog\/wp-content\/uploads\/2019\/10\/quilo3.jpg?resize=300%2C225 300w, https:\/\/i0.wp.com\/blogdalucianaoliveira.com.br\/blog\/wp-content\/uploads\/2019\/10\/quilo3.jpg?resize=768%2C576 768w, https:\/\/i0.wp.com\/blogdalucianaoliveira.com.br\/blog\/wp-content\/uploads\/2019\/10\/quilo3.jpg?resize=1024%2C768 1024w, https:\/\/i0.wp.com\/blogdalucianaoliveira.com.br\/blog\/wp-content\/uploads\/2019\/10\/quilo3.jpg?resize=400%2C300 400w\" sizes=\"auto, (max-width: 600px) 100vw, 600px\" \/><\/p>\n<p>&nbsp;<\/p>\n<p>\u201cN\u00e3o posso deixar de considerar que as pessoas envolvidas s\u00e3o pessoas boas e de tradicionais fam\u00edlias do Guapor\u00e9. Alguns s\u00e3o parentes do morto em graus diferentes. Uma fam\u00edlia me chama a aten\u00e7\u00e3o pela pobreza e total aus\u00eancia de recursos, mas pela generosidade com que sempre tratam e acolhem a todos v\u00e3o l\u00e1. Essa fam\u00edlia tem no pai preso, sua \u00fanica fonte de sustento. As 6 crian\u00e7as e a esposa o acompanhavam onde ia, para cada pescaria, para a coleta de castanha, para as limpezas de ro\u00e7ado, para os servi\u00e7os feitos em lotes de terceiros\u201d.<\/p>\n<p>O v\u00eddeo da opera\u00e7\u00e3o foi exclu\u00eddo do Facebook ap\u00f3s duras cr\u00edticas ao flagrante sensacionalismo com uma trag\u00e9dia e total desprezo com o impacto social e econ\u00f4mico na regi\u00e3o.<\/p>\n<p>At\u00e9 que o crime seja desvendado, tem um longo caminho, como sugere a trilha sonora da opera\u00e7\u00e3o.<\/p>\n<p>E os moradores pedem: sem show.<\/p>\n<p>&nbsp;<\/p>\n<p>&nbsp;<\/p>\n<p>&nbsp;<\/p>\n","protected":false},"excerpt":{"rendered":"<p>\u201cIndo para um show\u201d \u00e9 trecho do cl\u00e1ssico do rock, \u2018It\u2019s a long way to the top, do AC\/DC. A m\u00fasica est\u00e1 no v\u00eddeo de divulga\u00e7\u00e3o da opera\u00e7\u00e3o \u2018Black Stone\u2019, que resultou na pris\u00e3o preventiva de quatro pessoas e apreens\u00e3o de um adolescente na comunidade quilombola de Pedras Negras, na regi\u00e3o do Vale do Guapor\u00e9&#8230;.<a class=\"more-link\" href=\"http:\/\/blogdalucianaoliveira.com.br\/blog\/2019\/10\/24\/espetacularizacao-de-operacao-policial-prejudicou-comunidade-quilombola\/\">Continue a leitura <span class=\"meta-nav\">&raquo;<\/span><\/a><\/p>\n","protected":false},"author":1,"featured_media":0,"comment_status":"closed","ping_status":"open","sticky":false,"template":"","format":"standard","meta":{"_exactmetrics_skip_tracking":false,"_exactmetrics_sitenote_active":false,"_exactmetrics_sitenote_note":"","_exactmetrics_sitenote_category":0,"jetpack_post_was_ever_published":false,"_jetpack_newsletter_access":"","_jetpack_dont_email_post_to_subs":false,"_jetpack_newsletter_tier_id":0,"_jetpack_memberships_contains_paywalled_content":false,"_jetpack_memberships_contains_paid_content":false,"footnotes":"","jetpack_publicize_message":"","jetpack_publicize_feature_enabled":true,"jetpack_social_post_already_shared":true,"jetpack_social_options":{"image_generator_settings":{"template":"highway","enabled":false},"version":2}},"categories":[1],"tags":[],"class_list":["post-24504","post","type-post","status-publish","format-standard","hentry","category-notas"],"jetpack_publicize_connections":[],"jetpack_sharing_enabled":true,"jetpack_featured_media_url":"","jetpack_shortlink":"https:\/\/wp.me\/p7wKYW-6ne","jetpack-related-posts":[],"_links":{"self":[{"href":"http:\/\/blogdalucianaoliveira.com.br\/blog\/wp-json\/wp\/v2\/posts\/24504","targetHints":{"allow":["GET"]}}],"collection":[{"href":"http:\/\/blogdalucianaoliveira.com.br\/blog\/wp-json\/wp\/v2\/posts"}],"about":[{"href":"http:\/\/blogdalucianaoliveira.com.br\/blog\/wp-json\/wp\/v2\/types\/post"}],"author":[{"embeddable":true,"href":"http:\/\/blogdalucianaoliveira.com.br\/blog\/wp-json\/wp\/v2\/users\/1"}],"replies":[{"embeddable":true,"href":"http:\/\/blogdalucianaoliveira.com.br\/blog\/wp-json\/wp\/v2\/comments?post=24504"}],"version-history":[{"count":2,"href":"http:\/\/blogdalucianaoliveira.com.br\/blog\/wp-json\/wp\/v2\/posts\/24504\/revisions"}],"predecessor-version":[{"id":24511,"href":"http:\/\/blogdalucianaoliveira.com.br\/blog\/wp-json\/wp\/v2\/posts\/24504\/revisions\/24511"}],"wp:attachment":[{"href":"http:\/\/blogdalucianaoliveira.com.br\/blog\/wp-json\/wp\/v2\/media?parent=24504"}],"wp:term":[{"taxonomy":"category","embeddable":true,"href":"http:\/\/blogdalucianaoliveira.com.br\/blog\/wp-json\/wp\/v2\/categories?post=24504"},{"taxonomy":"post_tag","embeddable":true,"href":"http:\/\/blogdalucianaoliveira.com.br\/blog\/wp-json\/wp\/v2\/tags?post=24504"}],"curies":[{"name":"wp","href":"https:\/\/api.w.org\/{rel}","templated":true}]}}