{"id":24512,"date":"2019-10-24T11:37:44","date_gmt":"2019-10-24T15:37:44","guid":{"rendered":"http:\/\/blogdalucianaoliveira.com.br\/blog\/?p=24512"},"modified":"2019-10-24T11:57:27","modified_gmt":"2019-10-24T15:57:27","slug":"conhecido-como-maior-desmatador-da-america-do-sul-e-preso-em-rondonia","status":"publish","type":"post","link":"http:\/\/blogdalucianaoliveira.com.br\/blog\/2019\/10\/24\/conhecido-como-maior-desmatador-da-america-do-sul-e-preso-em-rondonia\/","title":{"rendered":"CONHECIDO COMO MAIOR DESMATADOR DA AM\u00c9RICA DO SUL \u00c9 PRESO EM ROND\u00d4NIA"},"content":{"rendered":"<p>&nbsp;<\/p>\n<p><img data-recalc-dims=\"1\" decoding=\"async\" src=\"https:\/\/i0.wp.com\/s04.video.glbimg.com\/x720\/8029319.jpg?w=600\" alt=\"Resultado de imagem para chaules volban pozzebon\" \/><\/p>\n<p>Foto: G1<\/p>\n<p><em>Foram presos o l\u00edder, o primeiro escal\u00e3o e o bra\u00e7o armado do grupo, que tinha policiais militares como parte de seus integrantes<\/em><!--more--><\/p>\n<p>De Porto Velho para o Brasil 247<\/p>\n<p>A maioria da popula\u00e7\u00e3o de Rond\u00f4nia, terceiro Estado mais afetado com desmatamentos em 2019, nunca ouviu falar de Chaules Volban Pozzebom, preso na Opera\u00e7\u00e3o Deforest que resultou em 16 mandados de pris\u00e3o preventiva, 22 mandados de busca e apreens\u00e3o e seis flagrantes lavrados, nesta quarta-feira, 23.<\/p>\n<p>No ramo de madeireiras, dono de mais de 100, ele \u00e9 bastante conhecido e como o maior desmatador da Am\u00e9rica do Sul, segundo informou a assessoria de comunica\u00e7\u00e3o da Pol\u00edcia Federal.<\/p>\n<p>Mais de 150 policiais participaram da a\u00e7\u00e3o em Rond\u00f4nia nos munic\u00edpios de Ariquemes, Cujubim, Monte Negro, Porto Velho e tamb\u00e9m em Manicor\u00e9 (AM) e Ara\u00e7atuba (SP).<\/p>\n<p>Segundo nota da PF\/RO, \u201ctrata-se de inqu\u00e9rito policial instaurado em junho de 2019, a partir de not\u00edcia crime encaminhada pelo Minist\u00e9rio P\u00fablico Estadual em Ariquemes\/RO, para apurar crimes perpetrados por suposta organiza\u00e7\u00e3o criminosa armada, voltada para a pr\u00e1tica de homic\u00eddios, extors\u00f5es, amea\u00e7as e lavagem de dinheiro na zona rural do munic\u00edpio de Cujubim\/RO, especificamente na zona rural daquele munic\u00edpio, na Linha 106 da regi\u00e3o \u201cSoldado da Borracha\u201d.<\/p>\n<p>A organiza\u00e7\u00e3o criminosa envolvia empres\u00e1rios, policiais e pistoleiros que intimidavam e amea\u00e7avam agricultores da regi\u00e3o de Cujubim\/RO.<\/p>\n<p>&nbsp;<\/p>\n<p>Os parceiros no crime tinham como objetivo \u201cesbulhar terras na zona rural daquele munic\u00edpio, para depois vend\u00ea-las a outras pessoas ou extrair madeira ilegalmente\u201d.<\/p>\n<p>Eles formavam uma rede de prote\u00e7\u00e3o ao l\u00edder com poder econ\u00f4mico para garantir um bra\u00e7o armado com agentes das for\u00e7as de seguran\u00e7a p\u00fablica.<\/p>\n<p>Amea\u00e7avam e extorquiam moradores da regi\u00e3o conhecida como \u2018Soldado da Borracha\u2019.<\/p>\n<p><img data-recalc-dims=\"1\" loading=\"lazy\" decoding=\"async\" data-attachment-id=\"24513\" data-permalink=\"http:\/\/blogdalucianaoliveira.com.br\/blog\/2019\/10\/24\/conhecido-como-maior-desmatador-da-america-do-sul-e-preso-em-rondonia\/de-2\/\" data-orig-file=\"https:\/\/i0.wp.com\/blogdalucianaoliveira.com.br\/blog\/wp-content\/uploads\/2019\/10\/DE.jpeg?fit=1280%2C720\" data-orig-size=\"1280,720\" data-comments-opened=\"0\" data-image-meta=\"{&quot;aperture&quot;:&quot;0&quot;,&quot;credit&quot;:&quot;&quot;,&quot;camera&quot;:&quot;&quot;,&quot;caption&quot;:&quot;&quot;,&quot;created_timestamp&quot;:&quot;0&quot;,&quot;copyright&quot;:&quot;&quot;,&quot;focal_length&quot;:&quot;0&quot;,&quot;iso&quot;:&quot;0&quot;,&quot;shutter_speed&quot;:&quot;0&quot;,&quot;title&quot;:&quot;&quot;,&quot;orientation&quot;:&quot;0&quot;}\" data-image-title=\"DE\" data-image-description=\"\" data-image-caption=\"\" data-medium-file=\"https:\/\/i0.wp.com\/blogdalucianaoliveira.com.br\/blog\/wp-content\/uploads\/2019\/10\/DE.jpeg?fit=300%2C169\" data-large-file=\"https:\/\/i0.wp.com\/blogdalucianaoliveira.com.br\/blog\/wp-content\/uploads\/2019\/10\/DE.jpeg?fit=600%2C338\" class=\"alignnone size-full wp-image-24513\" src=\"https:\/\/i0.wp.com\/blogdalucianaoliveira.com.br\/blog\/wp-content\/uploads\/2019\/10\/DE.jpeg?resize=600%2C338\" alt=\"DE\" width=\"600\" height=\"338\" srcset=\"https:\/\/i0.wp.com\/blogdalucianaoliveira.com.br\/blog\/wp-content\/uploads\/2019\/10\/DE.jpeg?w=1280 1280w, https:\/\/i0.wp.com\/blogdalucianaoliveira.com.br\/blog\/wp-content\/uploads\/2019\/10\/DE.jpeg?resize=300%2C169 300w, https:\/\/i0.wp.com\/blogdalucianaoliveira.com.br\/blog\/wp-content\/uploads\/2019\/10\/DE.jpeg?resize=768%2C432 768w, https:\/\/i0.wp.com\/blogdalucianaoliveira.com.br\/blog\/wp-content\/uploads\/2019\/10\/DE.jpeg?resize=1024%2C576 1024w, https:\/\/i0.wp.com\/blogdalucianaoliveira.com.br\/blog\/wp-content\/uploads\/2019\/10\/DE.jpeg?resize=533%2C300 533w, https:\/\/i0.wp.com\/blogdalucianaoliveira.com.br\/blog\/wp-content\/uploads\/2019\/10\/DE.jpeg?w=1200 1200w\" sizes=\"auto, (max-width: 600px) 100vw, 600px\" \/><\/p>\n<p>O Minist\u00e9rio P\u00fablico do Estado divulgou que \u201cAs investiga\u00e7\u00f5es iniciaram em maio de 2018 e foi descoberto que a organiza\u00e7\u00e3o funcionava no mesmo padr\u00e3o de mil\u00edcia, na zona rural, e usavam uma porteira no Ramal Soldado da Borracha para controlar o acesso de posseiros no local, cobrar altos ped\u00e1gios para passagens de caminh\u00f5es e m\u00e1quinas e intimidar, amea\u00e7ar e expulsar posseiros que j\u00e1 estavam nos lotes, extorquindo-os, al\u00e9m de comercializar irregularmente glebas.<\/p>\n<p>Diversas fam\u00edlias foram extorquidas e o grupo se apropriou de dezenas de lotes, os quais seriam vendidos pela organiza\u00e7\u00e3o a pre\u00e7os individuais de R$ 100 mil a 150 mil reais. Foi estimado que a organiza\u00e7\u00e3o movimentou e tinha expectativa de arrecadar cifras milion\u00e1rias.\u201d<\/p>\n<p>A pol\u00edcia fez apreens\u00f5es valiosas como joias, ve\u00edculos e armas.<\/p>\n<p><img data-recalc-dims=\"1\" loading=\"lazy\" decoding=\"async\" data-attachment-id=\"24514\" data-permalink=\"http:\/\/blogdalucianaoliveira.com.br\/blog\/2019\/10\/24\/conhecido-como-maior-desmatador-da-america-do-sul-e-preso-em-rondonia\/d34\/\" data-orig-file=\"https:\/\/i0.wp.com\/blogdalucianaoliveira.com.br\/blog\/wp-content\/uploads\/2019\/10\/D34.jpeg?fit=777%2C1600\" data-orig-size=\"777,1600\" data-comments-opened=\"0\" data-image-meta=\"{&quot;aperture&quot;:&quot;0&quot;,&quot;credit&quot;:&quot;&quot;,&quot;camera&quot;:&quot;&quot;,&quot;caption&quot;:&quot;&quot;,&quot;created_timestamp&quot;:&quot;0&quot;,&quot;copyright&quot;:&quot;&quot;,&quot;focal_length&quot;:&quot;0&quot;,&quot;iso&quot;:&quot;0&quot;,&quot;shutter_speed&quot;:&quot;0&quot;,&quot;title&quot;:&quot;&quot;,&quot;orientation&quot;:&quot;0&quot;}\" data-image-title=\"D34\" data-image-description=\"\" data-image-caption=\"\" data-medium-file=\"https:\/\/i0.wp.com\/blogdalucianaoliveira.com.br\/blog\/wp-content\/uploads\/2019\/10\/D34.jpeg?fit=146%2C300\" data-large-file=\"https:\/\/i0.wp.com\/blogdalucianaoliveira.com.br\/blog\/wp-content\/uploads\/2019\/10\/D34.jpeg?fit=497%2C1024\" class=\"alignnone size-full wp-image-24514\" src=\"https:\/\/i0.wp.com\/blogdalucianaoliveira.com.br\/blog\/wp-content\/uploads\/2019\/10\/D34.jpeg?resize=600%2C1236\" alt=\"D34\" width=\"600\" height=\"1236\" srcset=\"https:\/\/i0.wp.com\/blogdalucianaoliveira.com.br\/blog\/wp-content\/uploads\/2019\/10\/D34.jpeg?w=777 777w, https:\/\/i0.wp.com\/blogdalucianaoliveira.com.br\/blog\/wp-content\/uploads\/2019\/10\/D34.jpeg?resize=146%2C300 146w, https:\/\/i0.wp.com\/blogdalucianaoliveira.com.br\/blog\/wp-content\/uploads\/2019\/10\/D34.jpeg?resize=768%2C1581 768w, https:\/\/i0.wp.com\/blogdalucianaoliveira.com.br\/blog\/wp-content\/uploads\/2019\/10\/D34.jpeg?resize=497%2C1024 497w\" sizes=\"auto, (max-width: 600px) 100vw, 600px\" \/><\/p>\n<p><img data-recalc-dims=\"1\" loading=\"lazy\" decoding=\"async\" data-attachment-id=\"24515\" data-permalink=\"http:\/\/blogdalucianaoliveira.com.br\/blog\/2019\/10\/24\/conhecido-como-maior-desmatador-da-america-do-sul-e-preso-em-rondonia\/de1\/\" data-orig-file=\"https:\/\/i0.wp.com\/blogdalucianaoliveira.com.br\/blog\/wp-content\/uploads\/2019\/10\/DE1.jpeg?fit=622%2C1280\" data-orig-size=\"622,1280\" data-comments-opened=\"0\" data-image-meta=\"{&quot;aperture&quot;:&quot;0&quot;,&quot;credit&quot;:&quot;&quot;,&quot;camera&quot;:&quot;&quot;,&quot;caption&quot;:&quot;&quot;,&quot;created_timestamp&quot;:&quot;0&quot;,&quot;copyright&quot;:&quot;&quot;,&quot;focal_length&quot;:&quot;0&quot;,&quot;iso&quot;:&quot;0&quot;,&quot;shutter_speed&quot;:&quot;0&quot;,&quot;title&quot;:&quot;&quot;,&quot;orientation&quot;:&quot;0&quot;}\" data-image-title=\"DE1\" data-image-description=\"\" data-image-caption=\"\" data-medium-file=\"https:\/\/i0.wp.com\/blogdalucianaoliveira.com.br\/blog\/wp-content\/uploads\/2019\/10\/DE1.jpeg?fit=146%2C300\" data-large-file=\"https:\/\/i0.wp.com\/blogdalucianaoliveira.com.br\/blog\/wp-content\/uploads\/2019\/10\/DE1.jpeg?fit=498%2C1024\" class=\"alignnone size-full wp-image-24515\" src=\"https:\/\/i0.wp.com\/blogdalucianaoliveira.com.br\/blog\/wp-content\/uploads\/2019\/10\/DE1.jpeg?resize=600%2C1235\" alt=\"DE1\" width=\"600\" height=\"1235\" srcset=\"https:\/\/i0.wp.com\/blogdalucianaoliveira.com.br\/blog\/wp-content\/uploads\/2019\/10\/DE1.jpeg?w=622 622w, https:\/\/i0.wp.com\/blogdalucianaoliveira.com.br\/blog\/wp-content\/uploads\/2019\/10\/DE1.jpeg?resize=146%2C300 146w, https:\/\/i0.wp.com\/blogdalucianaoliveira.com.br\/blog\/wp-content\/uploads\/2019\/10\/DE1.jpeg?resize=498%2C1024 498w\" sizes=\"auto, (max-width: 600px) 100vw, 600px\" \/><\/p>\n<p>&nbsp;<\/p>\n<p><img data-recalc-dims=\"1\" loading=\"lazy\" decoding=\"async\" data-attachment-id=\"24519\" data-permalink=\"http:\/\/blogdalucianaoliveira.com.br\/blog\/2019\/10\/24\/conhecido-como-maior-desmatador-da-america-do-sul-e-preso-em-rondonia\/b19a924f-d0b6-4488-a295-e1290f8d2082\/\" data-orig-file=\"https:\/\/i0.wp.com\/blogdalucianaoliveira.com.br\/blog\/wp-content\/uploads\/2019\/10\/B19A924F-D0B6-4488-A295-E1290F8D2082.jpeg?fit=1280%2C621\" data-orig-size=\"1280,621\" data-comments-opened=\"0\" data-image-meta=\"{&quot;aperture&quot;:&quot;0&quot;,&quot;credit&quot;:&quot;&quot;,&quot;camera&quot;:&quot;&quot;,&quot;caption&quot;:&quot;&quot;,&quot;created_timestamp&quot;:&quot;0&quot;,&quot;copyright&quot;:&quot;&quot;,&quot;focal_length&quot;:&quot;0&quot;,&quot;iso&quot;:&quot;0&quot;,&quot;shutter_speed&quot;:&quot;0&quot;,&quot;title&quot;:&quot;&quot;,&quot;orientation&quot;:&quot;0&quot;}\" data-image-title=\"B19A924F-D0B6-4488-A295-E1290F8D2082\" data-image-description=\"\" data-image-caption=\"\" data-medium-file=\"https:\/\/i0.wp.com\/blogdalucianaoliveira.com.br\/blog\/wp-content\/uploads\/2019\/10\/B19A924F-D0B6-4488-A295-E1290F8D2082.jpeg?fit=300%2C146\" data-large-file=\"https:\/\/i0.wp.com\/blogdalucianaoliveira.com.br\/blog\/wp-content\/uploads\/2019\/10\/B19A924F-D0B6-4488-A295-E1290F8D2082.jpeg?fit=600%2C291\" src=\"https:\/\/i0.wp.com\/blogdalucianaoliveira.com.br\/blog\/wp-content\/uploads\/2019\/10\/B19A924F-D0B6-4488-A295-E1290F8D2082.jpeg?resize=600%2C291\" alt=\"B19A924F-D0B6-4488-A295-E1290F8D2082\" width=\"600\" height=\"291\" class=\"alignnone size-full wp-image-24519\" srcset=\"https:\/\/i0.wp.com\/blogdalucianaoliveira.com.br\/blog\/wp-content\/uploads\/2019\/10\/B19A924F-D0B6-4488-A295-E1290F8D2082.jpeg?w=1280 1280w, https:\/\/i0.wp.com\/blogdalucianaoliveira.com.br\/blog\/wp-content\/uploads\/2019\/10\/B19A924F-D0B6-4488-A295-E1290F8D2082.jpeg?resize=300%2C146 300w, https:\/\/i0.wp.com\/blogdalucianaoliveira.com.br\/blog\/wp-content\/uploads\/2019\/10\/B19A924F-D0B6-4488-A295-E1290F8D2082.jpeg?resize=768%2C373 768w, https:\/\/i0.wp.com\/blogdalucianaoliveira.com.br\/blog\/wp-content\/uploads\/2019\/10\/B19A924F-D0B6-4488-A295-E1290F8D2082.jpeg?resize=1024%2C497 1024w, https:\/\/i0.wp.com\/blogdalucianaoliveira.com.br\/blog\/wp-content\/uploads\/2019\/10\/B19A924F-D0B6-4488-A295-E1290F8D2082.jpeg?resize=618%2C300 618w, https:\/\/i0.wp.com\/blogdalucianaoliveira.com.br\/blog\/wp-content\/uploads\/2019\/10\/B19A924F-D0B6-4488-A295-E1290F8D2082.jpeg?w=1200 1200w\" sizes=\"auto, (max-width: 600px) 100vw, 600px\" \/><br \/>\nOs indiciados v\u00e3o responder pelos crimes de associa\u00e7\u00e3o criminosa (artigo 2\u00ba, caput e \u00a7\u00a7 da Lei n\u00ba 12.850\/2013), extors\u00e3o (artigo 158, caput e \u00a71\u00ba do CP), esbulho possess\u00f3rio (artigo 161, \u00a7 1\u00ba, II do CP), amea\u00e7a (art. 147 do CP) e lavagem de dinheiro (artigo 1\u00ba da Lei 9.613\/98).<\/p>\n<p>O nome da opera\u00e7\u00e3o, \u2018Deforest\u2019, \u00e9 refer\u00eancia a atividade do desmatamento ilegal.<\/p>\n<p>\u201cNa mesma data, a Pol\u00edcia Federal presta apoio operacional ao GAECO\/MP\/RO no cumprimento de mandados judiciais em desfavor de integrantes da mesma quadrilha, mas relativo a investiga\u00e7\u00e3o de associa\u00e7\u00e3o ao tr\u00e1fico de drogas, promovida pelo Minist\u00e9rio P\u00fablico (Opera\u00e7\u00e3o Cerne Branco)\u201d, destacou a PF em nota.<\/p>\n<p>&nbsp;<\/p>\n<p>&nbsp;<\/p>\n","protected":false},"excerpt":{"rendered":"<p>&nbsp; Foto: G1 Foram presos o l\u00edder, o primeiro escal\u00e3o e o bra\u00e7o armado do grupo, que tinha policiais militares como parte de seus integrantes<\/p>\n","protected":false},"author":1,"featured_media":0,"comment_status":"closed","ping_status":"open","sticky":false,"template":"","format":"standard","meta":{"_exactmetrics_skip_tracking":false,"_exactmetrics_sitenote_active":false,"_exactmetrics_sitenote_note":"","_exactmetrics_sitenote_category":0,"jetpack_post_was_ever_published":false,"_jetpack_newsletter_access":"","_jetpack_dont_email_post_to_subs":false,"_jetpack_newsletter_tier_id":0,"_jetpack_memberships_contains_paywalled_content":false,"_jetpack_memberships_contains_paid_content":false,"footnotes":"","jetpack_publicize_message":"","jetpack_publicize_feature_enabled":true,"jetpack_social_post_already_shared":true,"jetpack_social_options":{"image_generator_settings":{"template":"highway","enabled":false},"version":2}},"categories":[1],"tags":[],"class_list":["post-24512","post","type-post","status-publish","format-standard","hentry","category-notas"],"jetpack_publicize_connections":[],"jetpack_sharing_enabled":true,"jetpack_featured_media_url":"","jetpack_shortlink":"https:\/\/wp.me\/p7wKYW-6nm","jetpack-related-posts":[],"_links":{"self":[{"href":"http:\/\/blogdalucianaoliveira.com.br\/blog\/wp-json\/wp\/v2\/posts\/24512","targetHints":{"allow":["GET"]}}],"collection":[{"href":"http:\/\/blogdalucianaoliveira.com.br\/blog\/wp-json\/wp\/v2\/posts"}],"about":[{"href":"http:\/\/blogdalucianaoliveira.com.br\/blog\/wp-json\/wp\/v2\/types\/post"}],"author":[{"embeddable":true,"href":"http:\/\/blogdalucianaoliveira.com.br\/blog\/wp-json\/wp\/v2\/users\/1"}],"replies":[{"embeddable":true,"href":"http:\/\/blogdalucianaoliveira.com.br\/blog\/wp-json\/wp\/v2\/comments?post=24512"}],"version-history":[{"count":4,"href":"http:\/\/blogdalucianaoliveira.com.br\/blog\/wp-json\/wp\/v2\/posts\/24512\/revisions"}],"predecessor-version":[{"id":24521,"href":"http:\/\/blogdalucianaoliveira.com.br\/blog\/wp-json\/wp\/v2\/posts\/24512\/revisions\/24521"}],"wp:attachment":[{"href":"http:\/\/blogdalucianaoliveira.com.br\/blog\/wp-json\/wp\/v2\/media?parent=24512"}],"wp:term":[{"taxonomy":"category","embeddable":true,"href":"http:\/\/blogdalucianaoliveira.com.br\/blog\/wp-json\/wp\/v2\/categories?post=24512"},{"taxonomy":"post_tag","embeddable":true,"href":"http:\/\/blogdalucianaoliveira.com.br\/blog\/wp-json\/wp\/v2\/tags?post=24512"}],"curies":[{"name":"wp","href":"https:\/\/api.w.org\/{rel}","templated":true}]}}