{"id":24526,"date":"2019-10-25T12:18:53","date_gmt":"2019-10-25T16:18:53","guid":{"rendered":"http:\/\/blogdalucianaoliveira.com.br\/blog\/?p=24526"},"modified":"2019-10-25T12:18:53","modified_gmt":"2019-10-25T16:18:53","slug":"pequenos-proprietarios-ocupam-so-23-das-terras-usadas-para-producao-agropecuaria","status":"publish","type":"post","link":"http:\/\/blogdalucianaoliveira.com.br\/blog\/2019\/10\/25\/pequenos-proprietarios-ocupam-so-23-das-terras-usadas-para-producao-agropecuaria\/","title":{"rendered":"Pequenos propriet\u00e1rios ocupam s\u00f3 2,3% das terras usadas para produ\u00e7\u00e3o agropecu\u00e1ria"},"content":{"rendered":"<figure id=\"attachment_24527\" aria-describedby=\"caption-attachment-24527\" style=\"width: 640px\" class=\"wp-caption alignnone\"><img data-recalc-dims=\"1\" loading=\"lazy\" decoding=\"async\" data-attachment-id=\"24527\" data-permalink=\"http:\/\/blogdalucianaoliveira.com.br\/blog\/2019\/10\/25\/pequenos-proprietarios-ocupam-so-23-das-terras-usadas-para-producao-agropecuaria\/italy-autumn-wine-feature\/\" data-orig-file=\"https:\/\/i0.wp.com\/blogdalucianaoliveira.com.br\/blog\/wp-content\/uploads\/2019\/10\/9A021063-CB50-4073-8DF3-727A167A522F.jpeg?fit=640%2C426\" data-orig-size=\"640,426\" data-comments-opened=\"0\" data-image-meta=\"{&quot;aperture&quot;:&quot;0&quot;,&quot;credit&quot;:&quot;AFP&quot;,&quot;camera&quot;:&quot;&quot;,&quot;caption&quot;:&quot;Vineyards are pictured on October 25, 2019 in Novello, near Cuneo, Northwestern Italy. (Photo by MARCO BERTORELLO \\\/ AFP)&quot;,&quot;created_timestamp&quot;:&quot;1571999038&quot;,&quot;copyright&quot;:&quot;AFP or licensors&quot;,&quot;focal_length&quot;:&quot;0&quot;,&quot;iso&quot;:&quot;0&quot;,&quot;shutter_speed&quot;:&quot;0&quot;,&quot;title&quot;:&quot;ITALY-AUTUMN-WINE-FEATURE&quot;,&quot;orientation&quot;:&quot;0&quot;}\" data-image-title=\"ITALY-AUTUMN-WINE-FEATURE\" data-image-description=\"\" data-image-caption=\"&lt;p&gt;Vineyards are pictured on October 25, 2019 in Novello, near Cuneo, Northwestern Italy. (Photo by MARCO BERTORELLO \/ AFP)&lt;\/p&gt;\n\" data-medium-file=\"https:\/\/i0.wp.com\/blogdalucianaoliveira.com.br\/blog\/wp-content\/uploads\/2019\/10\/9A021063-CB50-4073-8DF3-727A167A522F.jpeg?fit=300%2C200\" data-large-file=\"https:\/\/i0.wp.com\/blogdalucianaoliveira.com.br\/blog\/wp-content\/uploads\/2019\/10\/9A021063-CB50-4073-8DF3-727A167A522F.jpeg?fit=600%2C399\" src=\"https:\/\/i0.wp.com\/blogdalucianaoliveira.com.br\/blog\/wp-content\/uploads\/2019\/10\/9A021063-CB50-4073-8DF3-727A167A522F.jpeg?resize=600%2C399\" alt=\"Vineyards are pictured on October 25, 2019 in Novello, near Cuneo, Northwestern Italy. (Photo by MARCO BERTORELLO \/ AFP)\" width=\"600\" height=\"399\" class=\"size-full wp-image-24527\" srcset=\"https:\/\/i0.wp.com\/blogdalucianaoliveira.com.br\/blog\/wp-content\/uploads\/2019\/10\/9A021063-CB50-4073-8DF3-727A167A522F.jpeg?w=640 640w, https:\/\/i0.wp.com\/blogdalucianaoliveira.com.br\/blog\/wp-content\/uploads\/2019\/10\/9A021063-CB50-4073-8DF3-727A167A522F.jpeg?resize=300%2C200 300w, https:\/\/i0.wp.com\/blogdalucianaoliveira.com.br\/blog\/wp-content\/uploads\/2019\/10\/9A021063-CB50-4073-8DF3-727A167A522F.jpeg?resize=451%2C300 451w\" sizes=\"auto, (max-width: 600px) 100vw, 600px\" \/><figcaption id=\"caption-attachment-24527\" class=\"wp-caption-text\">Vineyards are pictured on October 25, 2019 in Novello, near Cuneo, Northwestern Italy. (Photo by MARCO BERTORELLO \/ AFP)<\/figcaption><\/figure>\n<p>Novo censo do IBGE mostra que metade da \u00e1rea produtiva no Brasil \u00e9 ocupada por apenas 1% das propriedades<!--more--><\/p>\n<p>Reda\u00e7\u00e3o<br \/>\nBrasil de Fato |<\/p>\n<p>O Instituto Brasileiro de Geografia e Estat\u00edstica (IBGE) divulgou nesta sexta-feira (25) os dados do Censo Agropecu\u00e1rio relativos a 2017. O estudo mostra que aumentou a concentra\u00e7\u00e3o de terras nas m\u00e3os de poucos brasileiros. Quase metade de toda a \u00e1rea agr\u00edcola do pa\u00eds, diz o Censo, \u00e9 ocupada por apenas 1% das propriedades.<\/p>\n<p>Durante o ano analisado, o Brasil tinha 5 milh\u00f5es de propriedades agr\u00edcolas. Destas, pouco mais de 51 mil det\u00eam 47,6% terras usadas para produ\u00e7\u00e3o agropecu\u00e1ria. Por outro lado, pequenos propriet\u00e1rios, donos de terras com at\u00e9 10 hectares, ocupam somente 2,3% do total.<\/p>\n<p>No Censo anterior, de 2006, a concentra\u00e7\u00e3o atingia 45% das terras. Houve aumento, portanto, de 2,7 pontos percentuais.<\/p>\n<p>Agricultura familiar<\/p>\n<p>A pesquisa do IBGE aponta outra tend\u00eancia: a diminui\u00e7\u00e3o dos estabelecimentos ocupados pela agricultura familiar e, consequentemente, o encolhimento dos postos de trabalho. A redu\u00e7\u00e3o foi 9,5 pontos percentuais em rela\u00e7\u00e3o a 2006. <\/p>\n<p>O segmento tamb\u00e9m foi o \u00fanico a perder m\u00e3o de obra: enquanto houve um incremento de 702 mil postos de trabalho em outros setores do agroneg\u00f3cio, a agricultura familiar perdeu um contingente de 2,2 milh\u00f5es de trabalhadores. <\/p>\n<p>Aumento do uso de agrot\u00f3xicos<\/p>\n<p>O estudo aponta ainda que nos \u00faltimos 11 anos houve um aumento de 20,4% no uso de agrot\u00f3xicos. Como o levantamento foi feito em 2017, a pesquisa n\u00e3o abarca o grande n\u00famero de subst\u00e2ncias aprovados de 2018 para c\u00e1, com destaque para o salto no governo Bolsonaro. <\/p>\n<p>Nos \u00faltimos 10 meses, o Brasil liberou 382 novos pesticidas.<\/p>\n<p>Edi\u00e7\u00e3o: Jo\u00e3o Paulo Soares<\/p>\n","protected":false},"excerpt":{"rendered":"<p>Novo censo do IBGE mostra que metade da \u00e1rea produtiva no Brasil \u00e9 ocupada por apenas 1% das propriedades<\/p>\n","protected":false},"author":1,"featured_media":0,"comment_status":"closed","ping_status":"open","sticky":false,"template":"","format":"standard","meta":{"_exactmetrics_skip_tracking":false,"_exactmetrics_sitenote_active":false,"_exactmetrics_sitenote_note":"","_exactmetrics_sitenote_category":0,"jetpack_post_was_ever_published":false,"_jetpack_newsletter_access":"","_jetpack_dont_email_post_to_subs":false,"_jetpack_newsletter_tier_id":0,"_jetpack_memberships_contains_paywalled_content":false,"_jetpack_memberships_contains_paid_content":false,"footnotes":"","jetpack_publicize_message":"","jetpack_publicize_feature_enabled":true,"jetpack_social_post_already_shared":true,"jetpack_social_options":{"image_generator_settings":{"template":"highway","enabled":false},"version":2}},"categories":[1],"tags":[],"class_list":["post-24526","post","type-post","status-publish","format-standard","hentry","category-notas"],"jetpack_publicize_connections":[],"jetpack_sharing_enabled":true,"jetpack_featured_media_url":"","jetpack_shortlink":"https:\/\/wp.me\/p7wKYW-6nA","jetpack-related-posts":[],"_links":{"self":[{"href":"http:\/\/blogdalucianaoliveira.com.br\/blog\/wp-json\/wp\/v2\/posts\/24526","targetHints":{"allow":["GET"]}}],"collection":[{"href":"http:\/\/blogdalucianaoliveira.com.br\/blog\/wp-json\/wp\/v2\/posts"}],"about":[{"href":"http:\/\/blogdalucianaoliveira.com.br\/blog\/wp-json\/wp\/v2\/types\/post"}],"author":[{"embeddable":true,"href":"http:\/\/blogdalucianaoliveira.com.br\/blog\/wp-json\/wp\/v2\/users\/1"}],"replies":[{"embeddable":true,"href":"http:\/\/blogdalucianaoliveira.com.br\/blog\/wp-json\/wp\/v2\/comments?post=24526"}],"version-history":[{"count":1,"href":"http:\/\/blogdalucianaoliveira.com.br\/blog\/wp-json\/wp\/v2\/posts\/24526\/revisions"}],"predecessor-version":[{"id":24528,"href":"http:\/\/blogdalucianaoliveira.com.br\/blog\/wp-json\/wp\/v2\/posts\/24526\/revisions\/24528"}],"wp:attachment":[{"href":"http:\/\/blogdalucianaoliveira.com.br\/blog\/wp-json\/wp\/v2\/media?parent=24526"}],"wp:term":[{"taxonomy":"category","embeddable":true,"href":"http:\/\/blogdalucianaoliveira.com.br\/blog\/wp-json\/wp\/v2\/categories?post=24526"},{"taxonomy":"post_tag","embeddable":true,"href":"http:\/\/blogdalucianaoliveira.com.br\/blog\/wp-json\/wp\/v2\/tags?post=24526"}],"curies":[{"name":"wp","href":"https:\/\/api.w.org\/{rel}","templated":true}]}}