{"id":24532,"date":"2019-10-25T12:29:37","date_gmt":"2019-10-25T16:29:37","guid":{"rendered":"http:\/\/blogdalucianaoliveira.com.br\/blog\/?p=24532"},"modified":"2019-10-25T12:29:37","modified_gmt":"2019-10-25T16:29:37","slug":"a-intolerancia-religiosa-imbecil-durante-o-sinodo-da-amazonia","status":"publish","type":"post","link":"http:\/\/blogdalucianaoliveira.com.br\/blog\/2019\/10\/25\/a-intolerancia-religiosa-imbecil-durante-o-sinodo-da-amazonia\/","title":{"rendered":"A intoler\u00e2ncia religiosa imbecil durante o S\u00ednodo da Amaz\u00f4nia"},"content":{"rendered":"<p><img data-recalc-dims=\"1\" loading=\"lazy\" decoding=\"async\" data-attachment-id=\"24533\" data-permalink=\"http:\/\/blogdalucianaoliveira.com.br\/blog\/2019\/10\/25\/a-intolerancia-religiosa-imbecil-durante-o-sinodo-da-amazonia\/6cefc83b-d60e-4668-ada7-cd8013f5e6bc\/\" data-orig-file=\"https:\/\/i0.wp.com\/blogdalucianaoliveira.com.br\/blog\/wp-content\/uploads\/2019\/10\/6CEFC83B-D60E-4668-ADA7-CD8013F5E6BC.jpeg?fit=690%2C450\" data-orig-size=\"690,450\" data-comments-opened=\"0\" data-image-meta=\"{&quot;aperture&quot;:&quot;0&quot;,&quot;credit&quot;:&quot;&quot;,&quot;camera&quot;:&quot;&quot;,&quot;caption&quot;:&quot;&quot;,&quot;created_timestamp&quot;:&quot;0&quot;,&quot;copyright&quot;:&quot;&quot;,&quot;focal_length&quot;:&quot;0&quot;,&quot;iso&quot;:&quot;0&quot;,&quot;shutter_speed&quot;:&quot;0&quot;,&quot;title&quot;:&quot;&quot;,&quot;orientation&quot;:&quot;0&quot;}\" data-image-title=\"6CEFC83B-D60E-4668-ADA7-CD8013F5E6BC\" data-image-description=\"\" data-image-caption=\"\" data-medium-file=\"https:\/\/i0.wp.com\/blogdalucianaoliveira.com.br\/blog\/wp-content\/uploads\/2019\/10\/6CEFC83B-D60E-4668-ADA7-CD8013F5E6BC.jpeg?fit=300%2C196\" data-large-file=\"https:\/\/i0.wp.com\/blogdalucianaoliveira.com.br\/blog\/wp-content\/uploads\/2019\/10\/6CEFC83B-D60E-4668-ADA7-CD8013F5E6BC.jpeg?fit=600%2C391\" src=\"https:\/\/i0.wp.com\/blogdalucianaoliveira.com.br\/blog\/wp-content\/uploads\/2019\/10\/6CEFC83B-D60E-4668-ADA7-CD8013F5E6BC.jpeg?resize=600%2C391\" alt=\"6CEFC83B-D60E-4668-ADA7-CD8013F5E6BC\" width=\"600\" height=\"391\" class=\"alignnone size-full wp-image-24533\" srcset=\"https:\/\/i0.wp.com\/blogdalucianaoliveira.com.br\/blog\/wp-content\/uploads\/2019\/10\/6CEFC83B-D60E-4668-ADA7-CD8013F5E6BC.jpeg?w=690 690w, https:\/\/i0.wp.com\/blogdalucianaoliveira.com.br\/blog\/wp-content\/uploads\/2019\/10\/6CEFC83B-D60E-4668-ADA7-CD8013F5E6BC.jpeg?resize=300%2C196 300w, https:\/\/i0.wp.com\/blogdalucianaoliveira.com.br\/blog\/wp-content\/uploads\/2019\/10\/6CEFC83B-D60E-4668-ADA7-CD8013F5E6BC.jpeg?resize=460%2C300 460w\" sizes=\"auto, (max-width: 600px) 100vw, 600px\" \/><\/p>\n<p>\u00c9, eu sei que \u201cintoler\u00e2ncia religiosa imbecil\u201d \u00e9 pleonasmo. Mas, desta vez, a coisa foi ainda mais imbecil do que de costume.<!--more--><\/p>\n<p>Reinaldo Jos\u00e9 Lopes<br \/>\nNa FSP<\/p>\n<p>Para quem n\u00e3o sabe, bispos e outros representantes de todos os pa\u00edses amaz\u00f4nicos est\u00e3o reunidos desde o in\u00edcio deste m\u00eas de outubro de 2019 em Roma, sob os ausp\u00edcios do papa Francisco, para o S\u00ednodo da Amaz\u00f4nia, que busca repensar os caminhos da Igreja Cat\u00f3lica na regi\u00e3o. (Leia o que escrevi sobre o s\u00ednodo at\u00e9 agora nesta Folha clicando aqui e aqui.) Os trabalhos t\u00eam tido forte participa\u00e7\u00e3o de representantes dos povos ind\u00edgenas. E uma igreja romana localizada a poucos passos da Pra\u00e7a de S\u00e3o Pedro foi justamente o palco de um ato lament\u00e1vel, com tons francamente racistas, para ser sincero.<\/p>\n<p>Na igreja de Santa Maria em Transpontina, os participantes ind\u00edgenas do s\u00ednodo tinham colocado diante do altar v\u00e1rios s\u00edmbolos da Amaz\u00f4nia, entre elas a estatueta de madeira de uma \u00edndia nua e gr\u00e1vida. Cat\u00f3licos tradicionalistas se puseram a criticar a imagem, considerando-a um \u201c\u00eddolo pag\u00e3o\u201d. At\u00e9 que, no come\u00e7o desta semana, um grupo n\u00e3o identificado pegou a estatueta, quebrou-a em peda\u00e7os e jogou os fragmentos no rio Tibre, que corta Roma. Emissoras de TV americanas ligadas ao catolicismo tradicionalista exibiram as imagens.<\/p>\n<p>Agora vem a parte realmente imbecil, al\u00e9m de canalha. Pe\u00e7o desculpas antecipadas pelo uso das letras mai\u00fasculas, mas \u00e9 pra \u00eanfase. Essa imagem N\u00c3O ERA UM OBJETO DE CULTO. N\u00e3o era um \u201c\u00eddolo pag\u00e3o\u201d. Simplesmente porque est\u00e1tuas de \u201cdeusas gr\u00e1vidas da fertilidade\u201d N\u00c3O EXISTEM NAS CULTURAS IND\u00cdGENAS AMAZ\u00d4NICAS.<\/p>\n<p>Quem quiser pode procurar \u00e0 vontade, em qualquer bom manual de antropologia. Os imbecis que se deram ao trabalho de destruir a est\u00e1tua, obviamente, n\u00e3o fazem a menor ideia de como funcionam as culturas das quais t\u00eam asco. Mas nenhum povo amaz\u00f4nico entre os que sobreviveram \u00e0 invas\u00e3o europeia fazem pequenas imagens de deusas da fertilidade. A estatueta de madeira que estava na igreja foi pensada num contexto moderno para simbolizar abund\u00e2ncia de vida, apenas. Poderia at\u00e9 ser vista como Nossa Senhora gr\u00e1vida com fei\u00e7\u00f5es ind\u00edgenas. Mas claro que \u00edndia nua numa igreja s\u00f3 pode ser coisa do Capeta, n\u00e3o \u00e9 mesmo?<\/p>\n<p>Eu n\u00e3o deveria estar surpreso, \u00e9 claro. Canalhas ignorantes t\u00eam se comportado como os donos do mundo ultimamente.<\/p>\n","protected":false},"excerpt":{"rendered":"<p>\u00c9, eu sei que \u201cintoler\u00e2ncia religiosa imbecil\u201d \u00e9 pleonasmo. Mas, desta vez, a coisa foi ainda mais imbecil do que de costume.<\/p>\n","protected":false},"author":1,"featured_media":0,"comment_status":"closed","ping_status":"open","sticky":false,"template":"","format":"standard","meta":{"_exactmetrics_skip_tracking":false,"_exactmetrics_sitenote_active":false,"_exactmetrics_sitenote_note":"","_exactmetrics_sitenote_category":0,"jetpack_post_was_ever_published":false,"_jetpack_newsletter_access":"","_jetpack_dont_email_post_to_subs":false,"_jetpack_newsletter_tier_id":0,"_jetpack_memberships_contains_paywalled_content":false,"_jetpack_memberships_contains_paid_content":false,"footnotes":"","jetpack_publicize_message":"","jetpack_publicize_feature_enabled":true,"jetpack_social_post_already_shared":true,"jetpack_social_options":{"image_generator_settings":{"template":"highway","enabled":false},"version":2}},"categories":[1],"tags":[],"class_list":["post-24532","post","type-post","status-publish","format-standard","hentry","category-notas"],"jetpack_publicize_connections":[],"jetpack_sharing_enabled":true,"jetpack_featured_media_url":"","jetpack_shortlink":"https:\/\/wp.me\/p7wKYW-6nG","jetpack-related-posts":[],"_links":{"self":[{"href":"http:\/\/blogdalucianaoliveira.com.br\/blog\/wp-json\/wp\/v2\/posts\/24532","targetHints":{"allow":["GET"]}}],"collection":[{"href":"http:\/\/blogdalucianaoliveira.com.br\/blog\/wp-json\/wp\/v2\/posts"}],"about":[{"href":"http:\/\/blogdalucianaoliveira.com.br\/blog\/wp-json\/wp\/v2\/types\/post"}],"author":[{"embeddable":true,"href":"http:\/\/blogdalucianaoliveira.com.br\/blog\/wp-json\/wp\/v2\/users\/1"}],"replies":[{"embeddable":true,"href":"http:\/\/blogdalucianaoliveira.com.br\/blog\/wp-json\/wp\/v2\/comments?post=24532"}],"version-history":[{"count":1,"href":"http:\/\/blogdalucianaoliveira.com.br\/blog\/wp-json\/wp\/v2\/posts\/24532\/revisions"}],"predecessor-version":[{"id":24534,"href":"http:\/\/blogdalucianaoliveira.com.br\/blog\/wp-json\/wp\/v2\/posts\/24532\/revisions\/24534"}],"wp:attachment":[{"href":"http:\/\/blogdalucianaoliveira.com.br\/blog\/wp-json\/wp\/v2\/media?parent=24532"}],"wp:term":[{"taxonomy":"category","embeddable":true,"href":"http:\/\/blogdalucianaoliveira.com.br\/blog\/wp-json\/wp\/v2\/categories?post=24532"},{"taxonomy":"post_tag","embeddable":true,"href":"http:\/\/blogdalucianaoliveira.com.br\/blog\/wp-json\/wp\/v2\/tags?post=24532"}],"curies":[{"name":"wp","href":"https:\/\/api.w.org\/{rel}","templated":true}]}}