{"id":24539,"date":"2019-10-25T17:15:32","date_gmt":"2019-10-25T21:15:32","guid":{"rendered":"http:\/\/blogdalucianaoliveira.com.br\/blog\/?p=24539"},"modified":"2019-10-25T17:15:32","modified_gmt":"2019-10-25T21:15:32","slug":"o-injusto-linchamento-de-raul-seixas-no-tribunal-lavajatista-das-redes-sociais","status":"publish","type":"post","link":"http:\/\/blogdalucianaoliveira.com.br\/blog\/2019\/10\/25\/o-injusto-linchamento-de-raul-seixas-no-tribunal-lavajatista-das-redes-sociais\/","title":{"rendered":"O injusto linchamento de Raul Seixas no tribunal lavajatista das redes sociais"},"content":{"rendered":"<p><img data-recalc-dims=\"1\" decoding=\"async\" src=\"https:\/\/i0.wp.com\/publisher-publish.s3.eu-central-1.amazonaws.com\/pb-brasil247\/swp\/jtjeq9\/media\/20191025221012_6f1bc937-18d2-4ba3-8e5a-5b97272f95e8.jpeg?w=600&#038;ssl=1\" \/><\/p>\n<div class=\"article__lead\">\n<p>&#8220;Triste momento este que vivemos no Brasil. As redes sociais, em vez de contribu\u00edrem para conscientizar politicamente a sociedade e para disseminar informa\u00e7\u00f5es corretas, favorecem o comportamento de manada: as pessoas seguem, sem pensar, as turbas movidas pelo \u00f3dio para linchar o desafeto da vez&#8221;, escreve Cynara Menezes sobre.<\/p>\n<\/div>\n<p><!--more--><\/p>\n<p><b>Por Cynara Menezes, no\u00a0<\/b><a href=\"http:\/\/www.socialistamorena.com.br\/o-injusto-linchamento-de-raul-seixas-no-tribunal-lavajatista-das-redes-sociais\/\"><b>Socialista Morena<\/b><\/a><b>\u00a0e para o\u00a0<\/b><a href=\"https:\/\/catarse.me\/jornalistaspelademocracia\"><b>Jornalistas pela Democracia<\/b><\/a><\/p>\n<p><a href=\"http:\/\/www.socialistamorena.com.br\/toca-raul-25-anos-sem-o-maluco-beleza\/\">Sou f\u00e3 declarada de Raul Seixas<\/a>\u00a0e das m\u00fasicas que fez com Paulo Coelho. Admiro ambos, a despeito da m\u00e1 vontade da cr\u00edtica liter\u00e1ria brasileira com a obra do \u201cmago\u201d. Foi, portanto, com espanto e indigna\u00e7\u00e3o que recebi a \u201cnot\u00edcia\u201d de que o cantor baiano poderia ter delatado o parceiro na \u00e9poca da ditadura, surgida a partir de\u00a0<a href=\"https:\/\/www1.folha.uol.com.br\/ilustrada\/2019\/10\/livro-sobre-raul-seixas-cita-suspeita-de-que-ele-entregou-paulo-coelho-a-ditadura.shtml\">uma mat\u00e9ria publicada pela\u00a0<i>Folha de S.Paulo<\/i><\/a>\u00a0na quarta-feira, 23 de outubro, sobre uma nova biografia de Raul escrita pelo jornalista Jotab\u00ea Medeiros,\u00a0<i>N\u00e3o Diga Que a Can\u00e7\u00e3o Est\u00e1 Perdida<\/i>\u00a0(editora todavia).<\/p>\n<p>No livro, aparece um documento que indicaria que o m\u00fasico \u201cdedurou\u201d o escritor e sua namorada, Adalgisa Rios, que acabaram presos. Paulo foi torturado por duas semanas em 1974, mesma \u00e9poca em que o cantor foi ao DOPS depor e ficou apenas 30 minutos. A reportagem afian\u00e7a que Jotab\u00ea acredita que o escritor \u201cn\u00e3o tem d\u00favidas de que Raul o entregou\u201d. Paulo Coelho chegou a divulgar a reportagem da\u00a0<i>Folha<\/i>\u00a0com o coment\u00e1rio: \u201cFiquei quieto por 45 anos. Achei que levava segredo para o t\u00famulo\u201d.<\/p>\n<figure><img data-recalc-dims=\"1\" loading=\"lazy\" decoding=\"async\" src=\"https:\/\/i0.wp.com\/publisher-publish.s3.eu-central-1.amazonaws.com\/pb-brasil247\/swp\/jtjeq9\/media\/2019102522108_ef405254df5a0f8805aaee23ec4ffd876fea5721570479f2f68245302befd13c.png?resize=538%2C599&#038;ssl=1\" alt=\"\" width=\"538\" height=\"599\" data-media-id=\"editor_4\" data-image-id=\"2019102522108_ef405254df5a0f8805aaee23ec4ffd876fea5721570479f2f68245302befd13c\" data-rendition-name=\"original\" \/><\/figure>\n<p>De cara, a tentativa de \u201csimonaliza\u00e7\u00e3o\u201d de Raul me pareceu injusta, primeiro porque o cantor est\u00e1 morto h\u00e1 30 anos e n\u00e3o pode se defender. E, mais importante, porque o \u201cdocumento\u201d revelado \u00e9 absurdamente inconclusivo. Com base nele, n\u00e3o \u00e9 poss\u00edvel afirmar nada, quanto mais apontar Raul como dedo-duro. Al\u00e9m disso, o que exatamente o cantor poderia \u201cdedurar\u201d? Paulo afirma n\u00e3o ter sido militante de nenhuma organiza\u00e7\u00e3o; e n\u00e3o estava foragido ou na clandestinidade. Delatar o qu\u00ea? Reagi com firmeza no twitter, lamentando o julgamento precipitado sobre o cantor.<\/p>\n<div class=\"embed-block\">\n<div class=\"SandboxRoot env-bp-350\" data-twitter-event-id=\"0\">\n<div id=\"twitter-widget-0\" class=\"EmbeddedTweet EmbeddedTweet--cta js-clickToOpenTarget\" lang=\"pt\" data-click-to-open-target=\"https:\/\/twitter.com\/cynaramenezes\/status\/1187015377001299968\" data-iframe-title=\"Tweet do Twitter\" data-scribe=\"page:tweet\" data-twitter-event-id=\"6\">\n<div class=\"EmbeddedTweet-tweetContainer\">\n<div class=\"EmbeddedTweet-tweet\">\n<blockquote class=\"Tweet h-entry js-tweetIdInfo subject expanded\" cite=\"https:\/\/twitter.com\/cynaramenezes\/status\/1187015377001299968\" data-tweet-id=\"1187015377001299968\" data-scribe=\"section:subject\">\n<div class=\"Tweet-header\"><a class=\"TweetAuthor-avatar  Identity-avatar u-linkBlend\" href=\"https:\/\/twitter.com\/cynaramenezes\" data-scribe=\"element:user_link\"><img data-recalc-dims=\"1\" decoding=\"async\" class=\"Avatar\" src=\"https:\/\/i0.wp.com\/pbs.twimg.com\/profile_images\/429549634\/euzed_normal.jpg?w=600&#038;ssl=1\" alt=\"\" data-scribe=\"element:avatar\" data-src-2x=\"https:\/\/pbs.twimg.com\/profile_images\/429549634\/euzed_bigger.jpg\" data-src-1x=\"https:\/\/pbs.twimg.com\/profile_images\/429549634\/euzed_normal.jpg\" \/><\/a><\/p>\n<div class=\"TweetAuthor js-inViewportScribingTarget\" data-scribe=\"component:author\">\n<div class=\"TweetAuthor-nameScreenNameContainer\"><span class=\"TweetAuthor-decoratedName\"><span class=\"TweetAuthor-name Identity-name customisable-highlight\" title=\"cynara menezes\" data-scribe=\"element:name\">cynara menezes<\/span><\/span><\/p>\n<div class=\"Icon Icon--verified \" title=\"Conta Verificada\"><\/div>\n<p><span class=\"TweetAuthor-decoratedName\"><span class=\"TweetAuthor-verifiedBadge\" data-scribe=\"element:verified_badge\"><b class=\"u-hiddenVisually\">\u2714<\/b><\/span><\/span><span class=\"TweetAuthor-screenName Identity-screenName\" dir=\"ltr\" title=\"@cynaramenezes\" data-scribe=\"element:screen_name\">@cynaramenezes<\/span><\/div>\n<\/div>\n<div class=\"Tweet-brand\"><\/div>\n<\/div>\n<div class=\"Tweet-body e-entry-content\" data-scribe=\"component:tweet\">\n<div class=\"Tweet-target js-inViewportScribingTarget\"><\/div>\n<p class=\"Tweet-text e-entry-title\" dir=\"ltr\" lang=\"pt\">agora est\u00e3o acusando raul seixas de ser dedo-duro, \u00e9 isso? acho um absurdo acusar gente que n\u00e3o pode mais se defender por uma &#8220;suspeita&#8221; n\u00e3o comprovada<\/p>\n<div class=\"TweetInfo\">\n<div class=\"TweetInfo-like\">\n<div data-scribe=\"element:heart\"><\/div>\n<p><a class=\"TweetInfo-heart\" title=\"Curtiu\" href=\"https:\/\/twitter.com\/intent\/like?tweet_id=1187015377001299968\" data-scribe=\"component:actions\"><span class=\"TweetInfo-heartStat\" data-scribe=\"element:heart_count\">442<\/span><\/a><\/div>\n<div class=\"TweetInfo-timeGeo\"><a class=\"u-linkBlend u-url customisable-highlight long-permalink\" href=\"https:\/\/twitter.com\/cynaramenezes\/status\/1187015377001299968\" data-datetime=\"2019-10-23T14:38:14+0000\" data-scribe=\"element:full_timestamp\"><time class=\"dt-updated\" title=\"Hor\u00e1rio da publica\u00e7\u00e3o: 23 de outubro de 2019 14:38:14 (UTC)\" datetime=\"2019-10-23T14:38:14+0000\">11:38 &#8211; 23 de out de 2019<\/time><\/a><\/div>\n<div class=\"tweet-InformationCircle\" data-scribe=\"element:notice\"><a class=\"Icon Icon--informationCircleWhite js-inViewportScribingTarget\" title=\"Informa\u00e7\u00f5es e privacidade no Twitter Ads\" href=\"https:\/\/support.twitter.com\/articles\/20175256\"><span class=\"u-hiddenVisually\">Informa\u00e7\u00f5es e privacidade no Twitter Ads<\/span><\/a><\/div>\n<\/div>\n<\/div>\n<\/blockquote>\n<\/div>\n<div class=\"CallToAction-icon\" data-scribe=\"element:conversation_icon\"><\/div>\n<div class=\"CallToAction-text\" data-scribe=\"element:conversation_text\">107 pessoas est\u00e3o falando sobre isso<\/div>\n<div class=\"CallToAction-chevron\" data-scribe=\"element:cta_chevron\"><\/div>\n<\/div>\n<\/div>\n<div class=\"resize-sensor\"><\/div>\n<\/div>\n<\/div>\n<div class=\"embed-block\">\n<div class=\"SandboxRoot env-bp-350\" data-twitter-event-id=\"1\">\n<div id=\"twitter-widget-1\" class=\"EmbeddedTweet EmbeddedTweet--cta js-clickToOpenTarget\" lang=\"pt\" data-click-to-open-target=\"https:\/\/twitter.com\/cynaramenezes\/status\/1187017718790262785\" data-iframe-title=\"Tweet do Twitter\" data-scribe=\"page:tweet\" data-twitter-event-id=\"10\">\n<div class=\"EmbeddedTweet-tweetContainer\">\n<div class=\"EmbeddedTweet-tweet\">\n<blockquote class=\"Tweet h-entry js-tweetIdInfo subject expanded\" cite=\"https:\/\/twitter.com\/cynaramenezes\/status\/1187017718790262785\" data-tweet-id=\"1187017718790262785\" data-scribe=\"section:subject\">\n<div class=\"Tweet-header\"><a class=\"TweetAuthor-avatar  Identity-avatar u-linkBlend\" href=\"https:\/\/twitter.com\/cynaramenezes\" data-scribe=\"element:user_link\"><img data-recalc-dims=\"1\" decoding=\"async\" class=\"Avatar\" src=\"https:\/\/i0.wp.com\/pbs.twimg.com\/profile_images\/429549634\/euzed_normal.jpg?w=600&#038;ssl=1\" alt=\"\" data-scribe=\"element:avatar\" data-src-2x=\"https:\/\/pbs.twimg.com\/profile_images\/429549634\/euzed_bigger.jpg\" data-src-1x=\"https:\/\/pbs.twimg.com\/profile_images\/429549634\/euzed_normal.jpg\" \/><\/a><\/p>\n<div class=\"TweetAuthor js-inViewportScribingTarget\" data-scribe=\"component:author\">\n<div class=\"TweetAuthor-nameScreenNameContainer\"><span class=\"TweetAuthor-decoratedName\"><span class=\"TweetAuthor-name Identity-name customisable-highlight\" title=\"cynara menezes\" data-scribe=\"element:name\">cynara menezes<\/span><\/span><\/p>\n<div class=\"Icon Icon--verified \" title=\"Conta Verificada\"><\/div>\n<p><span class=\"TweetAuthor-decoratedName\"><span class=\"TweetAuthor-verifiedBadge\" data-scribe=\"element:verified_badge\"><b class=\"u-hiddenVisually\">\u2714<\/b><\/span><\/span><span class=\"TweetAuthor-screenName Identity-screenName\" dir=\"ltr\" title=\"@cynaramenezes\" data-scribe=\"element:screen_name\">@cynaramenezes<\/span><\/div>\n<\/div>\n<div class=\"Tweet-brand\"><\/div>\n<\/div>\n<div class=\"Tweet-body e-entry-content\" data-scribe=\"component:tweet\">\n<div class=\"Tweet-target js-inViewportScribingTarget\"><\/div>\n<p class=\"Tweet-text e-entry-title\" dir=\"ltr\" lang=\"pt\">parece que n\u00e3o bastou o que fizeram com wilson simonal enquanto ELE ERA VIVO E PODIA SE DEFENDER e agora est\u00e3o fazendo com raul seixas que EST\u00c1 MORTO E N\u00c3O PODE SE DEFENDER<\/p>\n<div class=\"TweetInfo\">\n<div class=\"TweetInfo-like\">\n<div data-scribe=\"element:heart\"><\/div>\n<p><a class=\"TweetInfo-heart\" title=\"Curtiu\" href=\"https:\/\/twitter.com\/intent\/like?tweet_id=1187017718790262785\" data-scribe=\"component:actions\"><span class=\"TweetInfo-heartStat\" data-scribe=\"element:heart_count\">323<\/span><\/a><\/div>\n<div class=\"TweetInfo-timeGeo\"><a class=\"u-linkBlend u-url customisable-highlight long-permalink\" href=\"https:\/\/twitter.com\/cynaramenezes\/status\/1187017718790262785\" data-datetime=\"2019-10-23T14:47:32+0000\" data-scribe=\"element:full_timestamp\"><time class=\"dt-updated\" title=\"Hor\u00e1rio da publica\u00e7\u00e3o: 23 de outubro de 2019 14:47:32 (UTC)\" datetime=\"2019-10-23T14:47:32+0000\">11:47 &#8211; 23 de out de 2019<\/time><\/a><\/div>\n<div class=\"tweet-InformationCircle\" data-scribe=\"element:notice\"><a class=\"Icon Icon--informationCircleWhite js-inViewportScribingTarget\" title=\"Informa\u00e7\u00f5es e privacidade no Twitter Ads\" href=\"https:\/\/support.twitter.com\/articles\/20175256\"><span class=\"u-hiddenVisually\">Informa\u00e7\u00f5es e privacidade no Twitter Ads<\/span><\/a><\/div>\n<\/div>\n<\/div>\n<\/blockquote>\n<\/div>\n<div class=\"CallToAction-icon\" data-scribe=\"element:conversation_icon\"><\/div>\n<div class=\"CallToAction-text\" data-scribe=\"element:conversation_text\">80 pessoas est\u00e3o falando sobre isso<\/div>\n<div class=\"CallToAction-chevron\" data-scribe=\"element:cta_chevron\"><\/div>\n<\/div>\n<\/div>\n<div class=\"resize-sensor\"><\/div>\n<\/div>\n<\/div>\n<p>De nada adiantou meu protesto: a fraca \u201csuspeita\u201d se transformou em certeza no tribunal lavajatista das redes sociais. Raul Seixas\u00a0<a href=\"https:\/\/twitter.com\/search?q=raul%20seixas%20x9&amp;src=typed_query&amp;f=live\">virou \u201cX-9\u201d<\/a>\u00a0e foi \u201ccancelado\u201d, g\u00edria da rede para decretar a \u201cmorte\u201d de algu\u00e9m ap\u00f3s alguma den\u00fancia. O assassinato da reputa\u00e7\u00e3o de Raul, nunca acusado de algo parecido, parecia consumado.<\/p>\n<div class=\"embed-block\">\n<div class=\"SandboxRoot env-bp-350\" data-twitter-event-id=\"2\">\n<div id=\"twitter-widget-2\" class=\"EmbeddedTweet EmbeddedTweet--cta js-clickToOpenTarget\" lang=\"pt\" data-click-to-open-target=\"https:\/\/twitter.com\/kribshna\/status\/1187007081964064769\" data-iframe-title=\"Tweet do Twitter\" data-scribe=\"page:tweet\" data-twitter-event-id=\"7\">\n<div class=\"EmbeddedTweet-tweetContainer\">\n<div class=\"EmbeddedTweet-tweet\">\n<blockquote class=\"Tweet h-entry js-tweetIdInfo subject expanded\" cite=\"https:\/\/twitter.com\/kribshna\/status\/1187007081964064769\" data-tweet-id=\"1187007081964064769\" data-scribe=\"section:subject\">\n<div class=\"Tweet-header\"><a class=\"TweetAuthor-avatar  Identity-avatar u-linkBlend\" href=\"https:\/\/twitter.com\/kribshna\" data-scribe=\"element:user_link\"><img data-recalc-dims=\"1\" decoding=\"async\" class=\"Avatar\" src=\"https:\/\/i0.wp.com\/pbs.twimg.com\/profile_images\/1170897142392721414\/kDuLMaV8_normal.jpg?w=600&#038;ssl=1\" alt=\"\" data-scribe=\"element:avatar\" data-src-2x=\"https:\/\/pbs.twimg.com\/profile_images\/1170897142392721414\/kDuLMaV8_bigger.jpg\" data-src-1x=\"https:\/\/pbs.twimg.com\/profile_images\/1170897142392721414\/kDuLMaV8_normal.jpg\" \/><\/a><\/p>\n<div class=\"TweetAuthor js-inViewportScribingTarget\" data-scribe=\"component:author\">\n<div class=\"TweetAuthor-nameScreenNameContainer\"><span class=\"TweetAuthor-decoratedName\"><span class=\"TweetAuthor-name Identity-name customisable-highlight\" title=\"krish\" data-scribe=\"element:name\">krish<\/span><\/span><span class=\"TweetAuthor-screenName Identity-screenName\" dir=\"ltr\" title=\"@kribshna\" data-scribe=\"element:screen_name\">@kribshna<\/span><\/div>\n<\/div>\n<div class=\"Tweet-brand\"><\/div>\n<\/div>\n<div class=\"Tweet-body e-entry-content\" data-scribe=\"component:tweet\">\n<div class=\"Tweet-target js-inViewportScribingTarget\"><\/div>\n<p class=\"Tweet-text e-entry-title\" dir=\"ltr\" lang=\"pt\">Raul Seixas CANCELADO<a class=\"link customisable\" dir=\"ltr\" title=\"https:\/\/www1.folha.uol.com.br\/ilustrada\/2019\/10\/livro-sobre-raul-seixas-cita-suspeita-de-que-ele-entregou-paulo-coelho-a-ditadura.shtml\" href=\"https:\/\/t.co\/bAa0Bfd9Ul\" target=\"_blank\" rel=\"nofollow noopener\" data-expanded-url=\"https:\/\/www1.folha.uol.com.br\/ilustrada\/2019\/10\/livro-sobre-raul-seixas-cita-suspeita-de-que-ele-entregou-paulo-coelho-a-ditadura.shtml\" data-scribe=\"element:url\"><span class=\"u-hiddenVisually\">https:\/\/<\/span>www1.folha.uol.com.br\/ilustrada\/2019<span class=\"u-hiddenVisually\">\/10\/livro-sobre-raul-seixas-cita-suspeita-de-que-ele-entregou-paulo-coelho-a-ditadura.shtml\u00a0<\/span>\u2026<\/a><\/p>\n<div class=\"Tweet-card\">\n<div class=\"PrerenderedCard is-loaded is-constrainedByMaxWidth\" data-card-name=\"summary_large_image\" data-css=\"https:\/\/ton.twimg.com\/tfw\/css\/syndication_bundle_v1_73385286cca9d2256f6bf3993470820d4827b058.css\" data-scribe=\"component:card\">\n<div class=\"TwitterCardsGrid TwitterCard\">\n<div class=\"TwitterCardsGrid-col--12 TwitterCardsGrid-col--spacerBottom CardContent\">\n<div class=\"SummaryCard-image TwitterCardsGrid-col--12\">\n<div class=\"tcu-imageContainer tcu-imageAspect--2to1\">\n<div class=\"tcu-imageWrapper tcu-image-1187007081964064769 js-cspForcedStyle\" data-style=\"background-image: url(https:\/\/pbs.twimg.com\/card_img\/1186871638261993472\/x4nbz7mb?format=jpg&amp;name=600x314); background-size: cover;\"><img decoding=\"async\" class=\"u-block\" src=\"https:\/\/pbs.twimg.com\/card_img\/1186871638261993472\/x4nbz7mb?format=jpg&amp;name=600x314\" alt=\"\" \/><\/div>\n<\/div>\n<\/div>\n<div class=\"SummaryCard-contentContainer TwitterCardsGrid-col--12\">\n<div class=\"SummaryCard-content TwitterCardsGrid-ltr\">\n<h2 class=\"TwitterCard-title js-cardClick tcu-textEllipse--multiline\" dir=\"ltr\">Livro sobre Raul Seixas cita suspeita de que ele entregou Paulo Coelho \u00e0 ditadura &#8211; 23\/10\/2019 -&#8230;<\/h2>\n<p class=\"tcu-resetMargin u-block TwitterCardsGrid-col--spacerTop tcu-textEllipse--multiline\" dir=\"ltr\">&#8216;N\u00e3o Diga que a Can\u00e7\u00e3o Est\u00e1 Perdida&#8217;, de Jotab\u00ea Medeiros, traz documento que sugere colabora\u00e7\u00e3o com militares<\/p>\n<p><span class=\"u-block TwitterCardsGrid-col--spacerTop SummaryCard-destination\" dir=\"ltr\">folha.uol.com.br<\/span><\/div>\n<\/div>\n<\/div>\n<\/div>\n<\/div>\n<\/div>\n<div class=\"TweetInfo\">\n<div class=\"TweetInfo-like\">\n<div data-scribe=\"element:heart\"><\/div>\n<p><a class=\"TweetInfo-heart\" title=\"Curtiu\" href=\"https:\/\/twitter.com\/intent\/like?tweet_id=1187007081964064769\" data-scribe=\"component:actions\"><span class=\"TweetInfo-heartStat\" data-scribe=\"element:heart_count\">428<\/span><\/a><\/div>\n<div class=\"TweetInfo-timeGeo\"><a class=\"u-linkBlend u-url customisable-highlight long-permalink\" href=\"https:\/\/twitter.com\/kribshna\/status\/1187007081964064769\" data-datetime=\"2019-10-23T14:05:16+0000\" data-scribe=\"element:full_timestamp\"><time class=\"dt-updated\" title=\"Hor\u00e1rio da publica\u00e7\u00e3o: 23 de outubro de 2019 14:05:16 (UTC)\" datetime=\"2019-10-23T14:05:16+0000\">11:05 &#8211; 23 de out de 2019<\/time><\/a><\/div>\n<div class=\"tweet-InformationCircle\" data-scribe=\"element:notice\"><a class=\"Icon Icon--informationCircleWhite js-inViewportScribingTarget\" title=\"Informa\u00e7\u00f5es e privacidade no Twitter Ads\" href=\"https:\/\/support.twitter.com\/articles\/20175256\"><span class=\"u-hiddenVisually\">Informa\u00e7\u00f5es e privacidade no Twitter Ads<\/span><\/a><\/div>\n<\/div>\n<\/div>\n<\/blockquote>\n<\/div>\n<div class=\"CallToAction-icon\" data-scribe=\"element:conversation_icon\"><\/div>\n<div class=\"CallToAction-text\" data-scribe=\"element:conversation_text\">122 pessoas est\u00e3o falando sobre isso<\/div>\n<div class=\"CallToAction-chevron\" data-scribe=\"element:cta_chevron\"><\/div>\n<\/div>\n<\/div>\n<div class=\"resize-sensor\"><\/div>\n<\/div>\n<\/div>\n<p>A jornalista Rosana Hermann rebateu meu tweet original, direcionado a Paulo Coelho, em que eu afirmava n\u00e3o achar bacana levantar suspeitas t\u00e3o graves contra algu\u00e9m que j\u00e1 n\u00e3o pode se defender. Para Rosana, o que falei seria o mesmo que impedir algu\u00e9m de atacar o torturador Brilhante Ustra, contra quem existem dezenas de provas e depoimentos e que foi submetido a julgamento ainda vivo, em 2008 (ele morreria em 2015). Ou seja, equipararam Raul Seixas a Ustra!<\/p>\n<div class=\"contentAd contentAd--noBackground marginBottom30\"><\/div>\n<div class=\"embed-block\">\n<div class=\"SandboxRoot env-bp-350\" data-twitter-event-id=\"3\">\n<div id=\"twitter-widget-3\" class=\"EmbeddedTweet EmbeddedTweet--cta js-clickToOpenTarget\" lang=\"pt\" data-click-to-open-target=\"https:\/\/twitter.com\/rosana\/status\/1187016273277997056\" data-iframe-title=\"Tweet do Twitter\" data-scribe=\"page:tweet\" data-twitter-event-id=\"8\">\n<div class=\"EmbeddedTweet-ancestor EmbeddedTweet-ancestor--repliesRefresh\" data-scribe=\"section:conversation\">\n<blockquote class=\"Tweet Tweet--compact h-entry reply js-tweetIdInfo\" cite=\"https:\/\/twitter.com\/cynaramenezes\/status\/1187014921411846145\" data-tweet-id=\"1187014921411846145\">\n<div class=\"Tweet-ancestorContainer Tweet-ancestorContainer--repliesRefresh\"><a class=\"TweetAuthor-avatar TweetAuthor-avatar--ancestor Identity-avatar u-linkBlend\" href=\"https:\/\/twitter.com\/cynaramenezes\" data-scribe=\"element:user_link\"><img data-recalc-dims=\"1\" decoding=\"async\" class=\"Avatar\" src=\"https:\/\/i0.wp.com\/pbs.twimg.com\/profile_images\/429549634\/euzed_normal.jpg?w=600&#038;ssl=1\" alt=\"\" data-scribe=\"element:avatar\" data-src-2x=\"https:\/\/pbs.twimg.com\/profile_images\/429549634\/euzed_bigger.jpg\" data-src-1x=\"https:\/\/pbs.twimg.com\/profile_images\/429549634\/euzed_normal.jpg\" \/><\/a><\/p>\n<div class=\"Tweet-ancestorContents Tweet-ancestorContents--repliesRefresh\">\n<div class=\"Tweet-header\">\n<div class=\"TweetAuthor js-inViewportScribingTarget TweetAuthor--oneLine\" data-scribe=\"component:author\">\n<div class=\"TweetAuthor-nameScreenNameContainer\"><span class=\"TweetAuthor-decoratedName\"><span class=\"TweetAuthor-name Identity-name customisable-highlight\" title=\"cynara menezes\" data-scribe=\"element:name\">cynara menezes<\/span><\/span><\/p>\n<div class=\"Icon Icon--verified \" title=\"Conta Verificada\"><\/div>\n<p><span class=\"TweetAuthor-decoratedName\"><span class=\"TweetAuthor-verifiedBadge\" data-scribe=\"element:verified_badge\"><b class=\"u-hiddenVisually\">\u2714<\/b><\/span><\/span><span class=\"TweetAuthor-screenName Identity-screenName\" dir=\"ltr\" title=\"@cynaramenezes\" data-scribe=\"element:screen_name\">@cynaramenezes<\/span><\/div>\n<\/div>\n<div class=\"Tweet-metadata\">\u00a0\u00b7\u00a0<a class=\"u-linkBlend u-url permalink customisable-highlight\" href=\"https:\/\/twitter.com\/cynaramenezes\/status\/1187014921411846145\" data-scribe=\"element:mini_timestamp\"><time class=\"dt-updated\" title=\"Hor\u00e1rio da publica\u00e7\u00e3o: 23 de outubro de 2019 14:36:25 (UTC)\" datetime=\"2019-10-23T14:36:25+0000\">23 de out de 2019<\/time><\/a><\/div>\n<div class=\"Tweet-brand\"><\/div>\n<\/div>\n<div class=\"Tweet-inReplyTo\"><a class=\"u-linkBlend\" href=\"https:\/\/twitter.com\/_\/status\/1187002470532337664\" data-scribe=\"element:in_reply_to_user_link\">Respondendo a @paulocoelho @dog_maverick<\/a><\/div>\n<div class=\"Tweet-body e-entry-content\" data-scribe=\"component:tweet\">\n<p class=\"Tweet-text e-entry-title\" dir=\"ltr\" lang=\"pt\">n\u00e3o acho bacana lan\u00e7ar suspeita sobre algu\u00e9m que j\u00e1 n\u00e3o pode se defender<\/p>\n<\/div>\n<\/div>\n<\/div>\n<\/blockquote>\n<\/div>\n<div class=\"EmbeddedTweet-tweetContainer\">\n<div class=\"EmbeddedTweet-tweet\">\n<blockquote class=\"Tweet h-entry js-tweetIdInfo subject expanded\" cite=\"https:\/\/twitter.com\/rosana\/status\/1187016273277997056\" data-tweet-id=\"1187016273277997056\" data-scribe=\"section:subject\">\n<div class=\"Tweet-header\"><a class=\"TweetAuthor-avatar  Identity-avatar u-linkBlend\" href=\"https:\/\/twitter.com\/rosana\" data-scribe=\"element:user_link\"><img data-recalc-dims=\"1\" decoding=\"async\" class=\"Avatar\" src=\"https:\/\/i0.wp.com\/pbs.twimg.com\/profile_images\/1183531958577573888\/6d27eYxT_normal.png?w=600&#038;ssl=1\" alt=\"\" data-scribe=\"element:avatar\" data-src-2x=\"https:\/\/pbs.twimg.com\/profile_images\/1183531958577573888\/6d27eYxT_bigger.png\" data-src-1x=\"https:\/\/pbs.twimg.com\/profile_images\/1183531958577573888\/6d27eYxT_normal.png\" \/><\/a><\/p>\n<div class=\"TweetAuthor js-inViewportScribingTarget\" data-scribe=\"component:author\">\n<div class=\"TweetAuthor-nameScreenNameContainer\"><span class=\"TweetAuthor-decoratedName\"><span class=\"TweetAuthor-name Identity-name customisable-highlight\" title=\"rosana hermann\" data-scribe=\"element:name\">rosana hermann<\/span><\/span><\/p>\n<div class=\"Icon Icon--verified \" title=\"Conta Verificada\"><\/div>\n<p><span class=\"TweetAuthor-decoratedName\"><span class=\"TweetAuthor-verifiedBadge\" data-scribe=\"element:verified_badge\"><b class=\"u-hiddenVisually\">\u2714<\/b><\/span><\/span><span class=\"TweetAuthor-screenName Identity-screenName\" dir=\"ltr\" title=\"@rosana\" data-scribe=\"element:screen_name\">@rosana<\/span><\/div>\n<\/div>\n<\/div>\n<div class=\"Tweet-body e-entry-content\" data-scribe=\"component:tweet\">\n<div class=\"Tweet-target js-inViewportScribingTarget\"><\/div>\n<p class=\"Tweet-text e-entry-title\" dir=\"ltr\" lang=\"pt\">cynara, essa coisa de &#8216;n\u00e3o pode falar dos mortos&#8217; n\u00e3o tem nenhum sentido. \u00e9 como se vc estivesse dizendo que n\u00e3o posso falar mal do Ustra, apenas pq ele n\u00e3o pode se defender. muito errado isso.<\/p>\n<div class=\"TweetInfo\">\n<div class=\"TweetInfo-like\">\n<div data-scribe=\"element:heart\"><\/div>\n<p><a class=\"TweetInfo-heart\" title=\"Curtiu\" href=\"https:\/\/twitter.com\/intent\/like?tweet_id=1187016273277997056\" data-scribe=\"component:actions\"><span class=\"TweetInfo-heartStat\" data-scribe=\"element:heart_count\">2.463<\/span><\/a><\/div>\n<div class=\"TweetInfo-timeGeo\"><a class=\"u-linkBlend u-url customisable-highlight long-permalink\" href=\"https:\/\/twitter.com\/rosana\/status\/1187016273277997056\" data-datetime=\"2019-10-23T14:41:47+0000\" data-scribe=\"element:full_timestamp\"><time class=\"dt-updated\" title=\"Hor\u00e1rio da publica\u00e7\u00e3o: 23 de outubro de 2019 14:41:47 (UTC)\" datetime=\"2019-10-23T14:41:47+0000\">11:41 &#8211; 23 de out de 2019<\/time><\/a><\/div>\n<div class=\"tweet-InformationCircle\" data-scribe=\"element:notice\"><a class=\"Icon Icon--informationCircleWhite js-inViewportScribingTarget\" title=\"Informa\u00e7\u00f5es e privacidade no Twitter Ads\" href=\"https:\/\/support.twitter.com\/articles\/20175256\"><span class=\"u-hiddenVisually\">Informa\u00e7\u00f5es e privacidade no Twitter Ads<\/span><\/a><\/div>\n<\/div>\n<\/div>\n<\/blockquote>\n<\/div>\n<div class=\"CallToAction-icon\" data-scribe=\"element:conversation_icon\"><\/div>\n<div class=\"CallToAction-text\" data-scribe=\"element:conversation_text\">64 pessoas est\u00e3o falando sobre isso<\/div>\n<div class=\"CallToAction-chevron\" data-scribe=\"element:cta_chevron\"><\/div>\n<\/div>\n<\/div>\n<div class=\"resize-sensor\"><\/div>\n<\/div>\n<\/div>\n<p>A partir do tweet de Rosana, passei a ser eu o alvo do linchamento. Fui acusada de tentar \u201cpassar pano\u201d na den\u00fancia; e de \u201cduvidar da palavra da v\u00edtima\u201d. Disseram que eu n\u00e3o tinha \u201clugar de fala\u201d para falar do tema. V\u00e1rios me chamaram de \u201clouca\u201d; e um rapaz me xingou de \u201cputinha\u201d e \u201cvagabunda\u201d por n\u00e3o aceitar que Raul \u201cdedurou Paulo Coelho para comprar maconha\u201d. Ele acabou apagando a postagem.<\/p>\n<blockquote><p><b>Fernando Morais, bi\u00f3grafo de Paulo, afirma que o escritor, em quatro anos de conv\u00edvio, jamais mencionou a suspeita de Raul ter lhe caguetado, e que o \u201cdocumento\u201d apresentado nada mais \u00e9 do que uma ficha do cantor feita pelo DOPS<\/b><\/p><\/blockquote>\n<p>Mas a hist\u00f3ria teria uma reviravolta. O escritor Fernando Morais, bi\u00f3grafo de Paulo,\u00a0<a href=\"https:\/\/nocaute.blog.br\/2019\/10\/24\/livro-nao-prova-que-raul-seixas-%E2%80%A8tenha-delatado-paulo-coelho-a-ditadura\/\">publicou um texto em seu blog Nocaute<\/a>\u00a0afirmando que o escritor, em quatro anos de conv\u00edvio, jamais mencionou a suspeita de Raul ter lhe caguetado, e que o \u201cdocumento\u201d apresentado nada mais \u00e9 do que uma ficha do cantor feita pelo DOPS. \u201cO documento n\u00e3o revela que Raul fez depoimento no dia 22 de abril. N\u00e3o \u00e9 poss\u00edvel saber, sequer, se ele estava presente quando esse documento foi produzido\u201d, diz Morais. \u201cAt\u00e9 que surja alguma nova informa\u00e7\u00e3o, o que esse documento prova \u00e9 que no dia 22 de abril de 1974 o trio Raul-Paulo-Gisa entrou no radar do CIEx\/DOI-Codi.\u201d<\/p>\n<p>O que aconteceu a seguir foi que o escritor recuou. Apagou o tweet original, onde corroborava a suspeita, e publicou outro onde acusa o bi\u00f3grafo de induzi-lo ao erro, exibindo um e-mail onde Jotab\u00ea afirma que Raul \u201cj\u00e1 tinha sido ouvido\u201d e que chamara Paulo ao DOPS sabendo \u201cque ele ficaria por l\u00e1\u201d.<\/p>\n<div class=\"embed-block\">\n<div class=\"SandboxRoot env-bp-350\" data-twitter-event-id=\"4\">\n<div id=\"twitter-widget-4\" class=\"EmbeddedTweet EmbeddedTweet--cta js-clickToOpenTarget\" lang=\"pt\" data-click-to-open-target=\"https:\/\/twitter.com\/paulocoelho\/status\/1187443265156669440\" data-iframe-title=\"Tweet do Twitter\" data-scribe=\"page:tweet\" data-twitter-event-id=\"9\">\n<div class=\"EmbeddedTweet-tweetContainer\">\n<div class=\"EmbeddedTweet-tweet\">\n<blockquote class=\"Tweet h-entry js-tweetIdInfo subject expanded\" cite=\"https:\/\/twitter.com\/paulocoelho\/status\/1187443265156669440\" data-tweet-id=\"1187443265156669440\" data-scribe=\"section:subject\">\n<div class=\"Tweet-header\"><a class=\"TweetAuthor-avatar  Identity-avatar u-linkBlend\" href=\"https:\/\/twitter.com\/paulocoelho\" data-scribe=\"element:user_link\"><img data-recalc-dims=\"1\" decoding=\"async\" class=\"Avatar\" src=\"https:\/\/i0.wp.com\/pbs.twimg.com\/profile_images\/1049667241166471168\/i8pUC23c_normal.jpg?w=600&#038;ssl=1\" alt=\"\" data-scribe=\"element:avatar\" data-src-2x=\"https:\/\/pbs.twimg.com\/profile_images\/1049667241166471168\/i8pUC23c_bigger.jpg\" data-src-1x=\"https:\/\/pbs.twimg.com\/profile_images\/1049667241166471168\/i8pUC23c_normal.jpg\" \/><\/a><\/p>\n<div class=\"TweetAuthor js-inViewportScribingTarget\" data-scribe=\"component:author\">\n<div class=\"TweetAuthor-nameScreenNameContainer\"><span class=\"TweetAuthor-decoratedName\"><span class=\"TweetAuthor-name Identity-name customisable-highlight\" title=\"Paulo Coelho\" data-scribe=\"element:name\">Paulo Coelho<\/span><\/span><\/p>\n<div class=\"Icon Icon--verified \" title=\"Conta Verificada\"><\/div>\n<p><span class=\"TweetAuthor-decoratedName\"><span class=\"TweetAuthor-verifiedBadge\" data-scribe=\"element:verified_badge\"><b class=\"u-hiddenVisually\">\u2714<\/b><\/span><\/span><span class=\"TweetAuthor-screenName Identity-screenName\" dir=\"ltr\" title=\"@paulocoelho\" data-scribe=\"element:screen_name\">@paulocoelho<\/span><\/div>\n<\/div>\n<div class=\"Tweet-brand\"><\/div>\n<\/div>\n<div class=\"Tweet-body e-entry-content\" data-scribe=\"component:tweet\">\n<div class=\"Tweet-target js-inViewportScribingTarget\"><\/div>\n<p class=\"Tweet-text e-entry-title\" dir=\"ltr\" lang=\"pt\">Come\u00e7o a ter s\u00e9rias d\u00favidas dos documentos que o Jotab\u00ea Medeiros me enviou, dizendo e insistindo que Raul tinha me denunciado (emails arquivados)<br \/>\nO que se passou entre Raul e eu fica entre n\u00f3s. Vou deletar o tweet da FSP<br \/>\nAcho que o cara quer apenas vender a porra do livro<\/p>\n<div class=\"TweetInfo\">\n<div class=\"TweetInfo-like\">\n<div data-scribe=\"element:heart\"><\/div>\n<p><a class=\"TweetInfo-heart\" title=\"Curtiu\" href=\"https:\/\/twitter.com\/intent\/like?tweet_id=1187443265156669440\" data-scribe=\"component:actions\"><span class=\"TweetInfo-heartStat\" data-scribe=\"element:heart_count\">7.908<\/span><\/a><\/div>\n<div class=\"TweetInfo-timeGeo\"><a class=\"u-linkBlend u-url customisable-highlight long-permalink\" href=\"https:\/\/twitter.com\/paulocoelho\/status\/1187443265156669440\" data-datetime=\"2019-10-24T18:58:30+0000\" data-scribe=\"element:full_timestamp\"><time class=\"dt-updated\" title=\"Hor\u00e1rio da publica\u00e7\u00e3o: 24 de outubro de 2019 18:58:30 (UTC)\" datetime=\"2019-10-24T18:58:30+0000\">15:58 &#8211; 24 de out de 2019<\/time><\/a><\/div>\n<div class=\"tweet-InformationCircle\" data-scribe=\"element:notice\"><a class=\"Icon Icon--informationCircleWhite js-inViewportScribingTarget\" title=\"Informa\u00e7\u00f5es e privacidade no Twitter Ads\" href=\"https:\/\/support.twitter.com\/articles\/20175256\"><span class=\"u-hiddenVisually\">Informa\u00e7\u00f5es e privacidade no Twitter Ads<\/span><\/a><\/div>\n<\/div>\n<\/div>\n<\/blockquote>\n<\/div>\n<div class=\"CallToAction-icon\" data-scribe=\"element:conversation_icon\"><\/div>\n<div class=\"CallToAction-text\" data-scribe=\"element:conversation_text\">1.551 pessoas est\u00e3o falando sobre isso<\/div>\n<div class=\"CallToAction-chevron\" data-scribe=\"element:cta_chevron\"><\/div>\n<\/div>\n<\/div>\n<div class=\"resize-sensor\"><\/div>\n<\/div>\n<\/div>\n<div class=\"embed-block\">\n<div class=\"SandboxRoot env-bp-350\" data-twitter-event-id=\"5\">\n<div id=\"twitter-widget-5\" class=\"EmbeddedTweet EmbeddedTweet--cta js-clickToOpenTarget\" lang=\"pt\" data-click-to-open-target=\"https:\/\/twitter.com\/paulocoelho\/status\/1187759364461023238\" data-iframe-title=\"Tweet do Twitter\" data-scribe=\"page:tweet\" data-twitter-event-id=\"11\">\n<div class=\"EmbeddedTweet-ancestor EmbeddedTweet-ancestor--repliesRefresh\" data-scribe=\"section:conversation\">\n<blockquote class=\"Tweet Tweet--compact h-entry reply js-tweetIdInfo\" cite=\"https:\/\/twitter.com\/cabanadapoesia\/status\/1187746932107681795\" data-tweet-id=\"1187746932107681795\">\n<div class=\"Tweet-ancestorContainer Tweet-ancestorContainer--repliesRefresh\"><a class=\"TweetAuthor-avatar TweetAuthor-avatar--ancestor Identity-avatar u-linkBlend\" href=\"https:\/\/twitter.com\/cabanadapoesia\" data-scribe=\"element:user_link\"><img data-recalc-dims=\"1\" decoding=\"async\" class=\"Avatar\" src=\"https:\/\/i0.wp.com\/pbs.twimg.com\/profile_images\/1181965102607675392\/H9ZxhwL9_normal.jpg?w=600&#038;ssl=1\" alt=\"\" data-scribe=\"element:avatar\" data-src-2x=\"https:\/\/pbs.twimg.com\/profile_images\/1181965102607675392\/H9ZxhwL9_bigger.jpg\" data-src-1x=\"https:\/\/pbs.twimg.com\/profile_images\/1181965102607675392\/H9ZxhwL9_normal.jpg\" \/><\/a><\/p>\n<div class=\"Tweet-ancestorContents Tweet-ancestorContents--repliesRefresh\">\n<div class=\"Tweet-header\">\n<div class=\"TweetAuthor js-inViewportScribingTarget TweetAuthor--oneLine\" data-scribe=\"component:author\">\n<div class=\"TweetAuthor-nameScreenNameContainer\"><span class=\"TweetAuthor-decoratedName\"><span class=\"TweetAuthor-name Identity-name customisable-highlight\" title=\"claudio rabelo\" data-scribe=\"element:name\">claudio rabelo<\/span><\/span><span class=\"TweetAuthor-screenName Identity-screenName\" dir=\"ltr\" title=\"@cabanadapoesia\" data-scribe=\"element:screen_name\">@cabanadapoesia<\/span><\/div>\n<\/div>\n<div class=\"Tweet-metadata\">\u00a0\u00b7\u00a0<a class=\"u-linkBlend u-url permalink customisable-highlight\" href=\"https:\/\/twitter.com\/cabanadapoesia\/status\/1187746932107681795\" data-scribe=\"element:mini_timestamp\"><time class=\"dt-updated\" title=\"Hor\u00e1rio da publica\u00e7\u00e3o: 25 de outubro de 2019 15:05:10 (UTC)\" datetime=\"2019-10-25T15:05:10+0000\">6<abbr title=\" horas\">h<\/abbr><\/time><\/a><\/div>\n<div class=\"Tweet-brand\"><\/div>\n<\/div>\n<div class=\"Tweet-inReplyTo\"><a class=\"u-linkBlend\" href=\"https:\/\/twitter.com\/_\/status\/1187746522798182400\" data-scribe=\"element:in_reply_to_user_link\">Respondendo a @calencar_spfc e 2 outros<\/a><\/div>\n<div class=\"Tweet-body e-entry-content\" data-scribe=\"component:tweet\">\n<p class=\"Tweet-text e-entry-title\" dir=\"ltr\" lang=\"pt\">\u00e9 um escritor, letrista e jornalista brasileiro. Sua obra O Alquimista \u00e9 o livro brasileiro mais vendido de todos os tempos e \u00e9 considerado um importante fen\u00f4meno liter\u00e1rio do s\u00e9culo XX.<img data-recalc-dims=\"1\" decoding=\"async\" class=\"Emoji Emoji--forText\" title=\"Cara com a l\u00edngua estendida e piscando o olho\" draggable=\"false\" src=\"https:\/\/i0.wp.com\/abs.twimg.com\/emoji\/v2\/72x72\/1f61c.png?w=600&#038;ssl=1\" alt=\"\ud83d\ude1c\" \/><\/p>\n<\/div>\n<\/div>\n<\/div>\n<\/blockquote>\n<\/div>\n<div class=\"EmbeddedTweet-tweetContainer\">\n<div class=\"EmbeddedTweet-tweet\">\n<blockquote class=\"Tweet h-entry js-tweetIdInfo subject expanded\" cite=\"https:\/\/twitter.com\/paulocoelho\/status\/1187759364461023238\" data-tweet-id=\"1187759364461023238\" data-scribe=\"section:subject\">\n<div class=\"Tweet-header\"><a class=\"TweetAuthor-avatar  Identity-avatar u-linkBlend\" href=\"https:\/\/twitter.com\/paulocoelho\" data-scribe=\"element:user_link\"><img data-recalc-dims=\"1\" decoding=\"async\" class=\"Avatar\" src=\"https:\/\/i0.wp.com\/pbs.twimg.com\/profile_images\/1049667241166471168\/i8pUC23c_normal.jpg?w=600&#038;ssl=1\" alt=\"\" data-scribe=\"element:avatar\" data-src-2x=\"https:\/\/pbs.twimg.com\/profile_images\/1049667241166471168\/i8pUC23c_bigger.jpg\" data-src-1x=\"https:\/\/pbs.twimg.com\/profile_images\/1049667241166471168\/i8pUC23c_normal.jpg\" \/><\/a><\/p>\n<div class=\"TweetAuthor js-inViewportScribingTarget\" data-scribe=\"component:author\">\n<div class=\"TweetAuthor-nameScreenNameContainer\"><span class=\"TweetAuthor-decoratedName\"><span class=\"TweetAuthor-name Identity-name customisable-highlight\" title=\"Paulo Coelho\" data-scribe=\"element:name\">Paulo Coelho<\/span><\/span><\/p>\n<div class=\"Icon Icon--verified \" title=\"Conta Verificada\"><\/div>\n<p><span class=\"TweetAuthor-decoratedName\"><span class=\"TweetAuthor-verifiedBadge\" data-scribe=\"element:verified_badge\"><b class=\"u-hiddenVisually\">\u2714<\/b><\/span><\/span><span class=\"TweetAuthor-screenName Identity-screenName\" dir=\"ltr\" title=\"@paulocoelho\" data-scribe=\"element:screen_name\">@paulocoelho<\/span><\/div>\n<\/div>\n<\/div>\n<div class=\"Tweet-body e-entry-content\" data-scribe=\"component:tweet\">\n<div class=\"Tweet-target js-inViewportScribingTarget\"><\/div>\n<p class=\"Tweet-text e-entry-title\" dir=\"ltr\" lang=\"pt\">Se o Fernando Morais n\u00e3o me alertasse&#8230; ainda bem que nao dei uma \u00fanica declara\u00e7ao para o livro. Veja abaixo um email do pseudo-jornalista for\u00e7ando a barra<\/p>\n<div class=\"Tweet-card\">\n<article class=\"MediaCard\n\n           customisable-border\" dir=\"ltr\" data-scribe=\"component:card\"><\/p>\n<div class=\"MediaCard-media\" data-scribe=\"element:photo\">\n<div class=\"MediaCard-widthConstraint js-cspForcedStyle\" data-style=\"max-width: 552px\">\n<div class=\"MediaCard-mediaContainer js-cspForcedStyle MediaCard--roundedTop MediaCard--roundedBottom\" data-style=\"padding-bottom: 84.6014%\"><a class=\"MediaCard-mediaAsset NaturalImage\" href=\"https:\/\/twitter.com\/paulocoelho\/status\/1187759364461023238\/photo\/1\"><img loading=\"lazy\" decoding=\"async\" class=\"NaturalImage-image\" title=\"Ver imagem no Twitter\" src=\"https:\/\/pbs.twimg.com\/media\/EHvE2ImXkAAt44c?format=png&amp;name=small\" alt=\"Ver imagem no Twitter\" width=\"552\" height=\"467\" data-image=\"https:\/\/pbs.twimg.com\/media\/EHvE2ImXkAAt44c\" data-image-format=\"png\" \/><\/a><\/div>\n<\/div>\n<\/div>\n<\/article>\n<\/div>\n<div class=\"TweetInfo\">\n<div class=\"TweetInfo-like\">\n<div data-scribe=\"element:heart\"><\/div>\n<p><a class=\"TweetInfo-heart\" title=\"Curtiu\" href=\"https:\/\/twitter.com\/intent\/like?tweet_id=1187759364461023238\" data-scribe=\"component:actions\"><span class=\"TweetInfo-heartStat\" data-scribe=\"element:heart_count\">7<\/span><\/a><\/div>\n<div class=\"TweetInfo-timeGeo\"><a class=\"u-linkBlend u-url customisable-highlight long-permalink\" href=\"https:\/\/twitter.com\/paulocoelho\/status\/1187759364461023238\" data-datetime=\"2019-10-25T15:54:34+0000\" data-scribe=\"element:full_timestamp\"><time class=\"dt-updated\" title=\"Hor\u00e1rio da publica\u00e7\u00e3o: 25 de outubro de 2019 15:54:34 (UTC)\" datetime=\"2019-10-25T15:54:34+0000\">12:54 &#8211; 25 de out de 2019<\/time><\/a><\/div>\n<div class=\"tweet-InformationCircle\" data-scribe=\"element:notice\"><a class=\"Icon Icon--informationCircleWhite js-inViewportScribingTarget\" title=\"Informa\u00e7\u00f5es e privacidade no Twitter Ads\" href=\"https:\/\/support.twitter.com\/articles\/20175256\"><span class=\"u-hiddenVisually\">Informa\u00e7\u00f5es e privacidade no Twitter Ads<\/span><\/a><\/div>\n<\/div>\n<\/div>\n<\/blockquote>\n<\/div>\n<div class=\"CallToAction-icon\" data-scribe=\"element:profile_icon\"><\/div>\n<div class=\"CallToAction-text\" data-scribe=\"element:profile_text\">Veja outros Tweets de Paulo Coelho<\/div>\n<div class=\"CallToAction-chevron\" data-scribe=\"element:cta_chevron\"><\/div>\n<\/div>\n<\/div>\n<div class=\"resize-sensor\"><\/div>\n<\/div>\n<\/div>\n<p>O jornalista, por sua vez, publicou um texto no facebook onde diz que \u201cem nenhum momento\u201d seu livro afirma que Raul delatou Paulo. O que existia, segundo Jotab\u00ea, era a desconfian\u00e7a do escritor em rela\u00e7\u00e3o ao parceiro, como ele mesmo admitiu, ali\u00e1s, ao compartilhar a mat\u00e9ria da\u00a0<i>Folha<\/i>. O pr\u00f3prio bi\u00f3grafo defende que o documento \u00e9 \u201cinconclusivo\u201d.<\/p>\n<div class=\"embed-block\"><iframe loading=\"lazy\" src=\"https:\/\/www.facebook.com\/plugins\/post.php?href=https%3A%2F%2Fwww.facebook.com%2Fjambo.ruivao%2Fposts%2F2316459678483213&amp;width=500\" width=\"500\" height=\"293\" frameborder=\"0\" scrolling=\"no\" data-mce-fragment=\"1\"><\/iframe><\/div>\n<p><a href=\"https:\/\/g1.globo.com\/pop-arte\/noticia\/2019\/10\/24\/paulo-coelho-diz-ter-duvidas-sobre-documento-em-livro-que-sugere-que-raul-seixas-o-entregou-para-ditadura-autor-explica.ghtml\">Em entrevista ao G1 nesta sexta<\/a>, Jotab\u00ea Medeiros rebate Paulo Coelho e diz que foi o escritor quem lhe mostrou o documento e n\u00e3o o contr\u00e1rio. \u201cO Paulo me disse que, pelo documento, o Raul havia sido incumbido de vigiar ele. Bom, eu fui at\u00e9 o Arquivo P\u00fablico do Rio de Janeiro e peguei o documento, ele achava que poderia ser inventado. O original est\u00e1 l\u00e1, eu tenho fotos, o n\u00famero da pasta, tudo.\u201d<\/p>\n<p>\u201cQuando eu vi o documento ponderei que ele n\u00e3o era conclusivo, e o livro diz que ele n\u00e3o \u00e9 conclusivo. Ele indica que a ditadura determinou que o Raul fosse contatado, mas n\u00e3o se sabe se foi verdade. O Paulo provavelmente surtou, n\u00e3o sei o que aconteceu com ele. Eu n\u00e3o assumi a quest\u00e3o da dela\u00e7\u00e3o, ele achava que eu fosse assumir.\u201d<\/p>\n<p>O que se conclui dessa hist\u00f3ria? Que afinal n\u00e3o h\u00e1 nada que indique que Raul Seixas tenha sido colaborador da ditadura e denunciado seu amigo, co-autor de algumas de suas m\u00fasicas mais famosas. No entanto, a mancha j\u00e1 paira sobre a reputa\u00e7\u00e3o do cantor. Sem prova alguma, Raul foi julgado e condenado como \u201cdedo-duro\u201d. Foi \u201ccancelado\u201d. Infelizmente, o rancor antigo que Paulo parece carregar at\u00e9 hoje em rela\u00e7\u00e3o ao parceiro prejudicou seu julgamento e ele acabou participando ativamente desse processo lament\u00e1vel. Arrependido, voltou atr\u00e1s, mas era tarde.<\/p>\n<blockquote><p><b>A rea\u00e7\u00e3o dos inquisidores virtuais \u00e9 reflexo do que vivemos na pol\u00edtica. Acusa\u00e7\u00f5es sem prova e dela\u00e7\u00f5es de criminosos, replicadas \u00e0 farta pela imprensa, viraram a nova verdade. Hoje mesmo Lula est\u00e1 sendo acusado por um pilantra de ser mandante de um assassinato e o assunto virou capa de revista<\/b><\/p><\/blockquote>\n<p>Triste momento este que vivemos no Brasil. As redes sociais, em vez de contribu\u00edrem para conscientizar politicamente a sociedade e para disseminar informa\u00e7\u00f5es corretas, favorecem o comportamento de manada: as pessoas seguem, sem pensar, as turbas movidas pelo \u00f3dio para linchar o desafeto da vez, como naqueles filmes antigos de terror onde a multid\u00e3o ensandecida carrega tochas para queimar o \u201cmonstro\u201d \u2013e que, no final, muitas vezes se revela uma injusti\u00e7a.<\/p>\n<p>Sinto, nessa rea\u00e7\u00e3o irracional dos inquisidores virtuais, o reflexo do que vivemos na pol\u00edtica nos \u00faltimos anos. Acusa\u00e7\u00f5es sem prova, dela\u00e7\u00f5es premiadas de criminosos feitas sabe-se l\u00e1 sob quais circunst\u00e2ncias, replicadas \u00e0 farta pela imprensa sem nenhuma investiga\u00e7\u00e3o, viraram a nova verdade. Ora, hoje mesmo Lula est\u00e1 sendo acusado por um pilantra de ser mandante de um assassinato, sem qualquer evid\u00eancia disso, e a \u201cden\u00fancia\u201d virou capa de revista. Lula foi mais uma vez \u201cjulgado\u201d e \u201ccondenado\u201d pela opini\u00e3o p\u00fablica a partir da declara\u00e7\u00e3o de um criminoso, com a ajuda (claro!) do presidente da Rep\u00fablica, que apressou-se a dar seu \u201cveredito\u201d.<\/p>\n<p>\u00c9 uma assustadora volta \u00e0 Idade M\u00e9dia, em todos os aspectos. Multid\u00f5es sem ju\u00edzo acreditam em terra plana, confiam sua f\u00e9 a fundamentalistas aloprados, tomam boatos espalhados por fan\u00e1ticos como verdades absolutas, queimam pessoas em fogueiras\u2026 E quem se levantar para defender os direitos dos acusados que se cuide: ser\u00e1 incinerado junto.<\/p>\n","protected":false},"excerpt":{"rendered":"<p>&#8220;Triste momento este que vivemos no Brasil. As redes sociais, em vez de contribu\u00edrem para conscientizar politicamente a sociedade e para disseminar informa\u00e7\u00f5es corretas, favorecem o comportamento de manada: as pessoas seguem, sem pensar, as turbas movidas pelo \u00f3dio para linchar o desafeto da vez&#8221;, escreve Cynara Menezes sobre.<\/p>\n","protected":false},"author":1,"featured_media":0,"comment_status":"closed","ping_status":"open","sticky":false,"template":"","format":"standard","meta":{"_exactmetrics_skip_tracking":false,"_exactmetrics_sitenote_active":false,"_exactmetrics_sitenote_note":"","_exactmetrics_sitenote_category":0,"jetpack_post_was_ever_published":false,"_jetpack_newsletter_access":"","_jetpack_dont_email_post_to_subs":false,"_jetpack_newsletter_tier_id":0,"_jetpack_memberships_contains_paywalled_content":false,"_jetpack_memberships_contains_paid_content":false,"footnotes":"","jetpack_publicize_message":"","jetpack_publicize_feature_enabled":true,"jetpack_social_post_already_shared":true,"jetpack_social_options":{"image_generator_settings":{"template":"highway","enabled":false},"version":2}},"categories":[1],"tags":[],"class_list":["post-24539","post","type-post","status-publish","format-standard","hentry","category-notas"],"jetpack_publicize_connections":[],"jetpack_sharing_enabled":true,"jetpack_featured_media_url":"","jetpack_shortlink":"https:\/\/wp.me\/p7wKYW-6nN","jetpack-related-posts":[],"_links":{"self":[{"href":"http:\/\/blogdalucianaoliveira.com.br\/blog\/wp-json\/wp\/v2\/posts\/24539","targetHints":{"allow":["GET"]}}],"collection":[{"href":"http:\/\/blogdalucianaoliveira.com.br\/blog\/wp-json\/wp\/v2\/posts"}],"about":[{"href":"http:\/\/blogdalucianaoliveira.com.br\/blog\/wp-json\/wp\/v2\/types\/post"}],"author":[{"embeddable":true,"href":"http:\/\/blogdalucianaoliveira.com.br\/blog\/wp-json\/wp\/v2\/users\/1"}],"replies":[{"embeddable":true,"href":"http:\/\/blogdalucianaoliveira.com.br\/blog\/wp-json\/wp\/v2\/comments?post=24539"}],"version-history":[{"count":2,"href":"http:\/\/blogdalucianaoliveira.com.br\/blog\/wp-json\/wp\/v2\/posts\/24539\/revisions"}],"predecessor-version":[{"id":24541,"href":"http:\/\/blogdalucianaoliveira.com.br\/blog\/wp-json\/wp\/v2\/posts\/24539\/revisions\/24541"}],"wp:attachment":[{"href":"http:\/\/blogdalucianaoliveira.com.br\/blog\/wp-json\/wp\/v2\/media?parent=24539"}],"wp:term":[{"taxonomy":"category","embeddable":true,"href":"http:\/\/blogdalucianaoliveira.com.br\/blog\/wp-json\/wp\/v2\/categories?post=24539"},{"taxonomy":"post_tag","embeddable":true,"href":"http:\/\/blogdalucianaoliveira.com.br\/blog\/wp-json\/wp\/v2\/tags?post=24539"}],"curies":[{"name":"wp","href":"https:\/\/api.w.org\/{rel}","templated":true}]}}