{"id":24544,"date":"2019-10-26T09:51:29","date_gmt":"2019-10-26T13:51:29","guid":{"rendered":"http:\/\/blogdalucianaoliveira.com.br\/blog\/?p=24544"},"modified":"2019-10-26T09:51:29","modified_gmt":"2019-10-26T13:51:29","slug":"aulas-para-concurso-de-policia-ensinam-tecnicas-de-tortura-e-execucao","status":"publish","type":"post","link":"http:\/\/blogdalucianaoliveira.com.br\/blog\/2019\/10\/26\/aulas-para-concurso-de-policia-ensinam-tecnicas-de-tortura-e-execucao\/","title":{"rendered":"Aulas para concurso de pol\u00edcia ensinam t\u00e9cnicas de tortura e execu\u00e7\u00e3o"},"content":{"rendered":"<div class=\"articulo-encabezado-texto\">\n<div id=\"articulo-titulares\" class=\"articulo-titulares\">\n<div class=\"articulo-subtitulos\">\n<h2 class=\"articulo-subtitulo\">\u00a0<img data-recalc-dims=\"1\" height=\"332\" width=\"600\" decoding=\"async\" src=\"https:\/\/i0.wp.com\/www.diariodocentrodomundo.com.br\/wp-content\/uploads\/2019\/10\/eduardo-alfacon-600x332.jpg?resize=600%2C332&#038;ssl=1\" \/><\/h2>\n<div class=\"articulo-encabezado-texto\">\n<div id=\"articulo-titulares\" class=\"articulo-titulares\">\n<div class=\"articulo-subtitulos\">\n<h2 class=\"articulo-subtitulo\">Capit\u00e3o aposentado da PM de SP e professor de Direito, Norberto Florindo J\u00fanior explica: &#8220;Vai socorrer?! Com esta m\u00e3o voc\u00ea tampa o nariz e com esta, a boca&#8221;<\/h2>\n<p><!--more--><\/p>\n<\/div>\n<\/div>\n<\/div>\n<aside id=\"compartir_superior\" class=\"compartir\">\n<div class=\"compartir__interior\"><\/div>\n<\/aside>\n<div id=\"cuerpo_noticia\" class=\"articulo-cuerpo\">\n<p>\u201cBandido ferido \u00e9 inadmiss\u00edvel chegar vivo ao pronto-socorro. S\u00f3 se voc\u00ea for um policial de merda. Voc\u00ea vai socorrer o bandido, como?! Com esta m\u00e3o, voc\u00ea vai tampar o nariz e, com esta, a boca. \u00c9 assim que voc\u00ea socorre um bandido\u201d. Assim explica Norberto Florindo J\u00fanior, capit\u00e3o da reserva da\u00a0<a href=\"https:\/\/brasil.elpais.com\/tag\/policia_militar\">Pol\u00edcia Militar<\/a>\u00a0do Estado de S\u00e3o Paulo e advogado, em v\u00eddeo no qual ensina m\u00e9todos de tortura e execu\u00e7\u00e3o no curso da AlfaCon para pessoas que prestam concursos da PM.<\/p>\n<section id=\"sumario_1|html\" class=\"sumario_html centro\"><a name=\"sumario_1\"><\/a><\/p>\n<div class=\"sumario__interior\">\n<div class=\"sumario-texto\">\n<p><iframe loading=\"lazy\" src=\"https:\/\/www.youtube.com\/embed\/vVTxjHeOv0M\" width=\"560\" height=\"315\" frameborder=\"0\" allowfullscreen=\"allowfullscreen\"><\/iframe><\/p>\n<\/div>\n<\/div>\n<\/section>\n<div id=\"elpais_gpt-INTEXT\" data-google-query-id=\"CKOJ3t2HuuUCFdbC4QodxigPmA\">\n<div id=\"google_ads_iframe_7811748\/elpais_web\/brasil\/politica\/intext_0__container__\"><iframe id=\"google_ads_iframe_7811748\/elpais_web\/brasil\/politica\/intext_0\" title=\"3rd party ad content\" name=\"google_ads_iframe_7811748\/elpais_web\/brasil\/politica\/intext_0\" width=\"1\" height=\"1\" frameborder=\"0\" marginwidth=\"0\" marginheight=\"0\" scrolling=\"no\" data-google-container-id=\"8\" data-load-complete=\"true\"><\/iframe><\/div>\n<\/div>\n<p>\u201cEu prestei uns 100 socorros, eu nunca perdi um paciente [risos]. Todos que socorri chegaram mortos, todos. Nunca prevariquei\u201d, continua o professor, que, al\u00e9m de execu\u00e7\u00e3o, tamb\u00e9m d\u00e1 aula de como se torturar pessoas. \u201cN\u00e3o tenho d\u00f3 e torturo at\u00e9 umas horas. E digo mais: para falar em tortura, fala na hora. Tortura n\u00e3o demora, isso de\u00a0<a href=\"https:\/\/brasil.elpais.com\/brasil\/2016\/10\/19\/politica\/1476909547_364512.html\">DOI-Codi<\/a>\u00a0(Destacamento de Opera\u00e7\u00f5es de Informa\u00e7\u00e3o \u2013 Centro de Opera\u00e7\u00f5es de Defesa Interna, que na ditadura militar era o local para torturar presos pol\u00edticos). \u2018Fiquei 15 dias sendo torturado\u2019. N\u00e3o existe isso! Tortura \u00e9 pontual, curto, direto e reto\u201d, prossegue o professor na v\u00eddeo-aula. O curso \u00e9 voltado para pessoas que pretendem seguir a carreira na PM.<\/p>\n<p>Norberto \u00e9 did\u00e1tico e perform\u00e1tico. Relembra seu passado no policiamento ostensivo como forma de exemplificar a pr\u00e1tica da tortura. \u201cNada como uma\u00a0<a href=\"https:\/\/brasil.elpais.com\/tag\/tortura\">tortura<\/a>\u00a0bem aplicada para saber onde est\u00e1 [a droga]. Se voc\u00ea n\u00e3o tortura, deixa comigo, eu fa\u00e7o, tenho problema nenhum. Consci\u00eancia livre, leve e eu sou bom nesse tro\u00e7o, hein?!. Nossa!\u201d, diz, antes de relembrar seu passado nas ruas.<\/p>\n<section id=\"sumario_2|html\" class=\"sumario_html centro\"><a name=\"sumario_2\"><\/a><\/p>\n<div class=\"sumario__interior\">\n<div class=\"sumario-texto\">\n<p><iframe loading=\"lazy\" src=\"https:\/\/www.youtube.com\/embed\/hARbkNtU78Y\" width=\"560\" height=\"315\" frameborder=\"0\" allowfullscreen=\"allowfullscreen\"><\/iframe><\/p>\n<\/div>\n<\/div>\n<\/section>\n<p>\u201cQuando eu fui trabalhar no policiamento da rua, que eu torturava os caras, nem os policias [sic] acreditava:<\/p>\n<p>\u2014 Chefe, voc\u00ea j\u00e1 fazia isso antes?<\/p>\n<p>\u2014 N\u00e3o.<\/p>\n<p>\u2014 Voc\u00ea leva jeito.<\/p>\n<p>\u2014 Voc\u00ea acha? Deve ser alguma coisa de reencarna\u00e7\u00e3o, ent\u00e3o, n\u00e3o sei.<\/p>\n<p>N\u00e3o tenho d\u00f3 e torturo at\u00e9 umas horas\u201d, continua o professor.<\/p>\n<p>O professor de candidatos a concurso para ingressar na Pol\u00edcia Militar ainda se vangloria em outra grava\u00e7\u00e3o, quando um de seus colegas de trabalho o aponta como o primeiro policial a entrar na\u00a0<a href=\"https:\/\/brasil.elpais.com\/brasil\/2015\/01\/08\/cultura\/1420748106_596537.html\">Casa de Deten\u00e7\u00e3o do Carandiru<\/a>, em S\u00e3o Paulo, no dia 2 de outubro de 1992. Naquele dia, 111 presos foram assassinados no que ficou conhecido como\u00a0<a href=\"https:\/\/brasil.elpais.com\/tag\/masacre_carandiru\">massacre do Carandiru<\/a>. No entanto, o nome de Norberto n\u00e3o consta na lista de PMs paulistas processados pela chacina.<\/p>\n<section id=\"sumario_3|html\" class=\"sumario_html centro\"><a name=\"sumario_3\"><\/a><\/p>\n<div class=\"sumario__interior\">\n<div class=\"sumario-texto\">\n<p><iframe loading=\"lazy\" src=\"https:\/\/www.youtube.com\/embed\/gunR1P_q0b0\" width=\"560\" height=\"315\" frameborder=\"0\" allowfullscreen=\"allowfullscreen\"><\/iframe><\/p>\n<\/div>\n<\/div>\n<\/section>\n<p>Suas aulas apresentam mais cenas de exalta\u00e7\u00e3o da letalidade policial. \u201cE matar ent\u00e3o? [risos] Falo para o pessoal: n\u00e3o sou o melhor professor de Direito da AlfaCon, mas sou o que tem mais homic\u00eddio nessa porra aqui\u201d, diz, quando se pode ouvir risos ao fundo em palestra dada em Minas Gerais. \u201cS\u00e3o 28 [<a href=\"https:\/\/brasil.elpais.com\/tag\/homicidios\">homic\u00eddios<\/a>] assinados, um embaixo do outro, mais uns 30 que n\u00e3o assinei [risos]. Vai se foder, j\u00e1 prescreveu tudo! Foda-se, n\u00e3o estou nem a\u00ed\u201d, comemora, depois citando que atuou em cursos de forma\u00e7\u00e3o de soldados, de forma\u00e7\u00e3o de sargentos, na Academia do Barro Branco e na Corregedoria da Pol\u00edcia Militar do Estado de S\u00e3o Paulo.<\/p>\n<p>O capit\u00e3o aposentado da PM paulista atuou como professor de direito na escola da Pol\u00edcia Militar do Estado de S\u00e3o Paulo, conforme documentos obtidos pela\u00a0<strong>Ponte<\/strong>. Norberto processou o Estado de S\u00e3o Paulo em 2012 solicitando seu encaminhamento para a reserva da PM por \u201cproblemas psiqui\u00e1tricos\u201d causados pelo trabalho. No entanto, a Justi\u00e7a de S\u00e3o Paulo negou seu pedido.<\/p>\n<p>Norberto respondeu a processo interno na corpora\u00e7\u00e3o por uso de\u00a0<a href=\"https:\/\/brasil.elpais.com\/tag\/cocaina\">coca\u00edna<\/a>\u00a0no alojamento da Diretoria de Ensino da PM. \u00c0 \u00e9poca, ele dava aulas de Direito aos militares. Em condena\u00e7\u00e3o de um ano e seis meses de reclus\u00e3o em regime aberto, o juiz do TJM (Tribunal de Justi\u00e7a Militar) Clovis Santinon condenou a atitude de Florindo.<\/p>\n<p>\u201c\u00c9 de se destacar que o apelante [Norberto] \u00e9 capit\u00e3o PM e, como tal, n\u00e3o h\u00e1 como negar que \u00e9 o elo entre a tropa e o comando da corpora\u00e7\u00e3o. Sua conduta \u00e9, portanto, rigorosamente observada por oficiais em in\u00edcio de carreira e tamb\u00e9m por pra\u00e7as\u201d, critica Santinon. \u201cSeu proceder deve servir de arqu\u00e9tipo para seus pares [\u2026] tinha plena consci\u00eancia tanto da ilicitude de sua conduta delituosa quanto da repercuss\u00e3o negativa de sua conduta na tropa\u201d, afirma.<\/p>\n<p>A\u00a0<strong>Ponte<\/strong>\u00a0entrou em contato com Norberto atrav\u00e9s de seu perfil no Facebook para solicitar entrevista e posicionamento sobre os conte\u00fados de seus v\u00eddeos, mas n\u00e3o obteve resposta at\u00e9 o momento. Ainda questionou a AlfaCon, escola de concursos, sobre os v\u00eddeos feitos pelo seu professor, e aguarda um posicionamento oficial do portal de servi\u00e7os educacionais, como se definem. A escola informou que pediria autoriza\u00e7\u00e3o ao professor para repassar o seu contato, o que n\u00e3o aconteceu at\u00e9 a publica\u00e7\u00e3o desta reportagem.<\/p>\n<p>A reportagem tamb\u00e9m questionou a SSP (Secretaria da Seguran\u00e7a P\u00fablica) de S\u00e3o Paulo, comandada pelo general Jo\u00e3o Camilo Pires de Campos neste governo de Jo\u00e3o Doria, e a PM, liderada pelo comandante Marcelo Vieira Salles, sobre as faltas de Norberto \u00e0 \u00e9poca em que era PM. Pasta e corpora\u00e7\u00e3o n\u00e3o se posicionaram at\u00e9 o momento.<\/p>\n<p>Em resposta \u00e0 solicita\u00e7\u00e3o da\u00a0<strong>Ponte<\/strong>, a\u00a0<a href=\"https:\/\/brasil.elpais.com\/tag\/estatuto_advocacia_ordem_advogados_brasil\">OAB<\/a>\u00a0nacional, na qual Norberto Florindo J\u00fanior aparece como associado pelo estado de S\u00e3o Paulo, explicou, por e-mail, que \u201cn\u00e3o comenta casos concretos, seguindo normas do C\u00f3digo de \u00c9tica e Disciplina\u201d. A OAB-SP n\u00e3o se posicionou at\u00e9 o momento.<\/p>\n<p class=\"nota_pie\"><a href=\"https:\/\/ponte.org\/aulas-para-concurso-de-policia-ensinam-tecnicas-de-tortura-e-execucao\/\">Esta reportagem<\/a>\u00a0foi publicada originalmente no site\u00a0<a href=\"https:\/\/ponte.org\/\">Ponte Jornalismo<\/a>.<\/p>\n<\/div>\n<div class=\"articulo-trust\"><\/div>\n<\/div>\n<\/div>\n<\/div>\n<p>&nbsp;<\/p>\n<aside id=\"compartir_superior\" class=\"compartir\"><\/aside>\n","protected":false},"excerpt":{"rendered":"<p>\u00a0 Capit\u00e3o aposentado da PM de SP e professor de Direito, Norberto Florindo J\u00fanior explica: &#8220;Vai socorrer?! Com esta m\u00e3o voc\u00ea tampa o nariz e com esta, a boca&#8221;<\/p>\n","protected":false},"author":1,"featured_media":0,"comment_status":"closed","ping_status":"open","sticky":false,"template":"","format":"standard","meta":{"_exactmetrics_skip_tracking":false,"_exactmetrics_sitenote_active":false,"_exactmetrics_sitenote_note":"","_exactmetrics_sitenote_category":0,"jetpack_post_was_ever_published":false,"_jetpack_newsletter_access":"","_jetpack_dont_email_post_to_subs":false,"_jetpack_newsletter_tier_id":0,"_jetpack_memberships_contains_paywalled_content":false,"_jetpack_memberships_contains_paid_content":false,"footnotes":"","jetpack_publicize_message":"","jetpack_publicize_feature_enabled":true,"jetpack_social_post_already_shared":true,"jetpack_social_options":{"image_generator_settings":{"template":"highway","enabled":false},"version":2}},"categories":[1],"tags":[],"class_list":["post-24544","post","type-post","status-publish","format-standard","hentry","category-notas"],"jetpack_publicize_connections":[],"jetpack_sharing_enabled":true,"jetpack_featured_media_url":"","jetpack_shortlink":"https:\/\/wp.me\/p7wKYW-6nS","jetpack-related-posts":[],"_links":{"self":[{"href":"http:\/\/blogdalucianaoliveira.com.br\/blog\/wp-json\/wp\/v2\/posts\/24544","targetHints":{"allow":["GET"]}}],"collection":[{"href":"http:\/\/blogdalucianaoliveira.com.br\/blog\/wp-json\/wp\/v2\/posts"}],"about":[{"href":"http:\/\/blogdalucianaoliveira.com.br\/blog\/wp-json\/wp\/v2\/types\/post"}],"author":[{"embeddable":true,"href":"http:\/\/blogdalucianaoliveira.com.br\/blog\/wp-json\/wp\/v2\/users\/1"}],"replies":[{"embeddable":true,"href":"http:\/\/blogdalucianaoliveira.com.br\/blog\/wp-json\/wp\/v2\/comments?post=24544"}],"version-history":[{"count":1,"href":"http:\/\/blogdalucianaoliveira.com.br\/blog\/wp-json\/wp\/v2\/posts\/24544\/revisions"}],"predecessor-version":[{"id":24545,"href":"http:\/\/blogdalucianaoliveira.com.br\/blog\/wp-json\/wp\/v2\/posts\/24544\/revisions\/24545"}],"wp:attachment":[{"href":"http:\/\/blogdalucianaoliveira.com.br\/blog\/wp-json\/wp\/v2\/media?parent=24544"}],"wp:term":[{"taxonomy":"category","embeddable":true,"href":"http:\/\/blogdalucianaoliveira.com.br\/blog\/wp-json\/wp\/v2\/categories?post=24544"},{"taxonomy":"post_tag","embeddable":true,"href":"http:\/\/blogdalucianaoliveira.com.br\/blog\/wp-json\/wp\/v2\/tags?post=24544"}],"curies":[{"name":"wp","href":"https:\/\/api.w.org\/{rel}","templated":true}]}}