{"id":24546,"date":"2019-10-26T09:56:25","date_gmt":"2019-10-26T13:56:25","guid":{"rendered":"http:\/\/blogdalucianaoliveira.com.br\/blog\/?p=24546"},"modified":"2019-10-26T09:56:25","modified_gmt":"2019-10-26T13:56:25","slug":"governo-bolsonaro-ignora-tecnicos-e-diz-que-limpeza-do-oleo-e-suficiente-para-liberar-praias","status":"publish","type":"post","link":"http:\/\/blogdalucianaoliveira.com.br\/blog\/2019\/10\/26\/governo-bolsonaro-ignora-tecnicos-e-diz-que-limpeza-do-oleo-e-suficiente-para-liberar-praias\/","title":{"rendered":"Governo Bolsonaro ignora t\u00e9cnicos e diz que limpeza do \u00f3leo \u00e9 suficiente para liberar praias"},"content":{"rendered":"<div id=\"article_header\" class=\"article-header basic | \">\n<h1 class=\"font_secondary color_gray_ultra_dark \"><img data-recalc-dims=\"1\" decoding=\"async\" class=\"width_full\" src=\"https:\/\/i0.wp.com\/brasil.elpais.com\/resizer\/1hmxBuxrtAIsOhgNVFUwVrFSMoM%3D\/1500x0\/smart\/arc-anglerfish-eu-central-1-prod-prisa.s3.amazonaws.com\/public\/EGFRVFA3RMMVCFTQYQJVNJAJ2Q.jpg?w=600&#038;ssl=1\" alt=\"Pescadores recolhem \u00f3leo na praia de Janga, em Paulista, Pernambuco.\" \/><\/h1>\n<div id=\"article_header\" class=\"article-header basic | \">\n<h1 class=\"font_secondary color_gray_ultra_dark \">Ap\u00f3s se reunir com representantes do setor tur\u00edstico de Pernambuco, ministro do Turismo visita o Estado e anuncia 200 milh\u00f5es de reais em linhas de cr\u00e9dito para empreendimentos afetados pela chegada do \u00f3leo no litoral<\/h1>\n<p><!--more--><\/p>\n<p>No El Pa\u00eds<\/p>\n<p class=\"\">Em sua terceira crise ambiental do ano \u2014rompimento da barragem de\u00a0<a href=\"https:\/\/brasil.elpais.com\/tag\/brumadinho\" data-link-track-dtm=\"\">Brumadinho<\/a>, aumento das queimadas na\u00a0<a href=\"https:\/\/brasil.elpais.com\/tag\/amazonia\" data-link-track-dtm=\"\">Amaz\u00f4nia<\/a>\u00a0e, agora, contamina\u00e7\u00e3o de petr\u00f3leo no litoral do Nordeste\u2014, o Governo Bolsonaro mais uma vez \u00e9 questionado formalmente por procuradores federais e criticado por seguir ignorando os protocolos e o que dizem especialistas e Organiza\u00e7\u00f5es N\u00e3o-Governamentais a respeito dos problemas. Nesta sexta-feira, o ministro do Turismo,\u00a0<a href=\"https:\/\/brasil.elpais.com\/tag\/marcelo_alvaro_antonio_de_carvalho\" data-link-track-dtm=\"\">Marcelo \u00c1lvaro Ant\u00f4nio<\/a>\u00a0(PSL), desembarcou em Pernambuco para se reunir com o setor tur\u00edstico do litoral sul do Estado, onde est\u00e3o praias como Carneiros, Porto de Galinhas, Maraca\u00edpe, Muro Alto. Chegou a molhar os p\u00e9s nesta \u00faltima e garantiu que as praias contaminadas pela mancha de petr\u00f3leo e que depois foram limpas j\u00e1 est\u00e3o aptas para banho. No total,\u00a0<a href=\"https:\/\/brasil.elpais.com\/brasil\/2019\/10\/24\/album\/1571951039_227089.html\" data-link-track-dtm=\"\">28 praias de Pernambuco foram atingidas<\/a>. Segundo o Governo estadual, mais de 1.350 toneladas de piche foram retirados na \u00faltima semana.<\/p>\n<p class=\"\">\u201cEu n\u00e3o entrei na \u00e1gua com \u00f3leo, entrei na \u00e1gua limpa, em uma praia limpa, com os turistas transitando pela praia e utilizando o mar. A gente sabe que existem as praias impactadas e que foram limpas e est\u00e3o aptas para banho\u201d, afirmou o ministro. Dirigindo-se \u00e0 imprensa, pediu para que esse momento dif\u00edcil seja vencido \u201ccom responsabilidade\u201d, de forma a n\u00e3o passar o que ele considera ser informa\u00e7\u00f5es equivocadas que podem afetar o turismo local. \u201cEssas praias\u00a0<a href=\"https:\/\/brasil.elpais.com\/brasil\/2019\/10\/26\/politica\/1572045554_113161.html\" data-link-track-dtm=\"\">est\u00e3o em total condi\u00e7\u00e3o de receber os turistas<\/a>\u00a0e os banhistas. Mesmo as praias que foram impactadas existe a possibilidade do turismo e de sua utiliza\u00e7\u00e3o\u201d, insistiu, em coletiva de imprensa ao lado do Secret\u00e1rio de Turismo de Pernambuco, Rodrigo Novaes, al\u00e9m de comandantes da Marinha e do\u00a0<a href=\"https:\/\/brasil.elpais.com\/tag\/ejercito_brasileno\" data-link-track-dtm=\"\">Ex\u00e9rcito<\/a>\u00a0que est\u00e3o coordenando as a\u00e7\u00f5es federais.<\/p>\n<p class=\"\">O mesmo otimismo do ministro n\u00e3o pode ser encontrado nas declara\u00e7\u00f5es dos especialistas que v\u00eam se pronunciando sobre o tema. Na \u00faltima quarta-feira, por exemplo, o ocean\u00f3grafo Moacyr Ara\u00fajo, vice-reitor da\u00a0<a href=\"https:\/\/www.ufpe.br\/\" target=\"_blank\" data-link-track-dtm=\"\">Universidade Federal de Pernambuco<\/a>\u00a0(UFPE), afirmou que pessoas devem evitar entrar nas \u00e1reas atingidas pelo \u00f3leo e consumir pescados e frutos do mar at\u00e9 que seja identificado o n\u00edvel de contamina\u00e7\u00e3o. Para isso, outros dois ocean\u00f3grafos da UFPE foram chamados pelo Governo estadual, liderado por\u00a0<a href=\"https:\/\/brasil.elpais.com\/tag\/paulo_henrique_saraiva_camara\" data-link-track-dtm=\"\">Paulo C\u00e2mara<\/a>\u00a0(PSB), para averiguar o n\u00edvel de contamina\u00e7\u00e3o das \u00e1guas. Os resultados ainda devem demorar algumas semanas. \u201cMuitas vezes a gente n\u00e3o v\u00ea o \u00f3leo, mas ele deixou um \u2018legado\u2019 para tr\u00e1s. Estamos aqui para identificar os compostos pois alguns t\u00eam potencial t\u00f3xico muito alto\u201d, explicou a ocean\u00f3grafa Eliete Zanardi.<\/p>\n<section class=\"article_body | color_gray_dark\">\n<p class=\"\">O\u00a0<a href=\"https:\/\/brasil.elpais.com\/tag\/petroleo\" data-link-track-dtm=\"\">petr\u00f3leo<\/a>\u00a0\u00e9 um combust\u00edvel f\u00f3ssil que possui mais de 200 hidrocarbonetos. O benzeno, por ser cancer\u00edgeno, \u00e9 considerado o mais t\u00f3xico de todos. Ainda que o piche que chega \u00e0s praias seja retirado, esses componentes qu\u00edmicos podem continuar circulando pela corrente mar\u00edtima sem que ningu\u00e9m perceba a olho nu. &#8220;O cen\u00e1rio otimista \u00e9 que algumas dessas \u00e1reas n\u00e3o tenha a presen\u00e7a do benzeno, mesmo as que tiveram algum contato com o \u00f3leo&#8221;, explicou o ge\u00f3grafo e geocientista Tiago Marinho ao EL PA\u00cdS. &#8220;O pessimista \u00e9 a contamina\u00e7\u00e3o por benzeno. O ser humano n\u00e3o pode tomar banho se houver 0,7 mg por litro de \u00e1gua. A praia ficaria ent\u00e3o impr\u00f3pria para banho e para a pesca&#8221;. Somente o processo investiga\u00e7\u00e3o poder\u00e1\u00a0<a href=\"https:\/\/brasil.elpais.com\/brasil\/2019\/10\/17\/politica\/1571342074_018737.html\" data-link-track-dtm=\"\">definir o n\u00edvel de contamina\u00e7\u00e3o de cada praia<\/a>\u00a0afetada \u2014e se os danos ambientais no litoral no Nordeste amea\u00e7am se estender para o turismo e a pesca, pilares fundamentais da economia local.<\/p>\n<p class=\"\">Nem o ministro do Turismo nem o Secret\u00e1rio de Turismo levam essas investiga\u00e7\u00f5es em conta. Questionados pelos jornalistas em que laudos t\u00e9cnicos se baseavam para dizer que as praias estavam pr\u00f3prias para o banho, n\u00e3o souberam responder. Limitaram-se a dizer que o Minist\u00e9rio da Sa\u00fade e a Secretaria Estadual de Sa\u00fade disseram o mesmo. De fato, a possibilidade de intoxica\u00e7\u00e3o de banhistas tamb\u00e9m foi minimizada pelo ministro da Sa\u00fade, Luiz Henrique Mandetta. Nesta quinta, foi questionado se as praias afetadas deveriam ser interditada, ao menos temporariamente. \u201cN\u00e3o, porque a toxicidade \u00e9 insignificante, \u00e9 m\u00ednima. Na composi\u00e7\u00e3o, o que seria [mais t\u00f3xico] \u00e9 o benzeno, mas \u00e9 m\u00ednimo\u201d, afirmou, sem apresentar qualquer tipo de laudo t\u00e9cnico. Al\u00e9m disso, atribuiu a intoxica\u00e7\u00e3o de alguns volunt\u00e1rios n\u00e3o ao petr\u00f3leo, mas sim ao uso de subst\u00e2ncias para retir\u00e1-lo da pele. \u201cA gente tem visto as pessoas procurarem unidades de sa\u00fade, mas eles informam que retiraram aquele \u00f3leo que gruda com benzina, com gasolina, com querosene, colocaram subst\u00e2ncias ainda mais abrasivas, mais t\u00f3xicas do que a pr\u00f3pria subst\u00e2ncia\u201d<\/p>\n<p class=\"\">O turismo \u00e9 importante especialmente no litoral de Pernambuco. A praia de Porto de Galinhas, que n\u00e3o chegou a ser afetada, \u00e9 a mais visitada do estado, com 1,2 milh\u00e3o de visitantes em 2018, segundo dados da Porto Convention. Donos de pousadas e representantes do trade tur\u00edstico da regi\u00e3o garantem que n\u00e3o houve um movimento massivo de cancelamento de reservas, mas temem os impactos da trag\u00e9dia ambiental. Ap\u00f3s se reunir com o ministro do Turismo na quarta-feira, em Bras\u00edlia, representantes conseguiram o compromisso de mais a\u00e7\u00f5es informativas e de publicidade do turismo local. Tamb\u00e9m est\u00e3o encomendando suas pr\u00f3prias an\u00e1lises de qualidade da \u00e1gua. EL PA\u00cdS teve acesso a laudos j\u00e1 prontos, mas que se referiam apenas a presen\u00e7a de coliformes fecais e de \u00f3leo na \u00e1gua. Ficou pendente a an\u00e1lise sobre a presen\u00e7a de hidrocarbonetos, que tamb\u00e9m ser\u00e1 encomendada.<\/p>\n<p class=\"\">Al\u00e9m disso, \u00c1lvaro Ant\u00f4nio anunciou nesta sexta a libera\u00e7\u00e3o de 200 milh\u00f5es de reais em linhas de cr\u00e9dito para pequenos e m\u00e9dios empreendimentos que se viram afetados pela chegada do \u00f3leo no litoral pernambucano. Nessa mesma linha, o secret\u00e1rio estadual Rodrigo Novaes prometeu 9 milh\u00f5es de reais em propagandas sobre o turismo local a partir de novembro. Quer manter a meta de 1,2 milh\u00e3o de visitantes para Porto de Galinhas. Mesmo sem os laudos t\u00e9cnicos em m\u00e3os.<\/p>\n<p class=\"\">Tamb\u00e9m neste m\u00eas, o MPF (Minist\u00e9rio P\u00fablico Federal) entrou com uma a\u00e7\u00e3o contra a Uni\u00e3o por omiss\u00e3o no desastre das manchas de \u00f3leo no Nordeste. A Procuradoria pedia que governo colocasse em a\u00e7\u00e3o o Plano Nacional de Conting\u00eancia para Incidentes de Polui\u00e7\u00e3o por \u00d3leo em \u00c1gua. O Minist\u00e9rio P\u00fablico junto ao TCU pediu a abertura de uma investiga\u00e7\u00e3o para apurar as a\u00e7\u00f5es do governo no combate \u00e0s manchas de \u00f3leo que atingem in\u00fameras praias do Nordeste<\/p>\n<\/section>\n<div class=\"trust_project\"><\/div>\n<\/div>\n<\/div>\n<p>&nbsp;<\/p>\n","protected":false},"excerpt":{"rendered":"<p>Ap\u00f3s se reunir com representantes do setor tur\u00edstico de Pernambuco, ministro do Turismo visita o Estado e anuncia 200 milh\u00f5es de reais em linhas de cr\u00e9dito para empreendimentos afetados pela chegada do \u00f3leo no litoral<\/p>\n","protected":false},"author":1,"featured_media":0,"comment_status":"closed","ping_status":"open","sticky":false,"template":"","format":"standard","meta":{"_exactmetrics_skip_tracking":false,"_exactmetrics_sitenote_active":false,"_exactmetrics_sitenote_note":"","_exactmetrics_sitenote_category":0,"jetpack_post_was_ever_published":false,"_jetpack_newsletter_access":"","_jetpack_dont_email_post_to_subs":false,"_jetpack_newsletter_tier_id":0,"_jetpack_memberships_contains_paywalled_content":false,"_jetpack_memberships_contains_paid_content":false,"footnotes":"","jetpack_publicize_message":"","jetpack_publicize_feature_enabled":true,"jetpack_social_post_already_shared":true,"jetpack_social_options":{"image_generator_settings":{"template":"highway","enabled":false},"version":2}},"categories":[1],"tags":[],"class_list":["post-24546","post","type-post","status-publish","format-standard","hentry","category-notas"],"jetpack_publicize_connections":[],"jetpack_sharing_enabled":true,"jetpack_featured_media_url":"","jetpack_shortlink":"https:\/\/wp.me\/p7wKYW-6nU","jetpack-related-posts":[],"_links":{"self":[{"href":"http:\/\/blogdalucianaoliveira.com.br\/blog\/wp-json\/wp\/v2\/posts\/24546","targetHints":{"allow":["GET"]}}],"collection":[{"href":"http:\/\/blogdalucianaoliveira.com.br\/blog\/wp-json\/wp\/v2\/posts"}],"about":[{"href":"http:\/\/blogdalucianaoliveira.com.br\/blog\/wp-json\/wp\/v2\/types\/post"}],"author":[{"embeddable":true,"href":"http:\/\/blogdalucianaoliveira.com.br\/blog\/wp-json\/wp\/v2\/users\/1"}],"replies":[{"embeddable":true,"href":"http:\/\/blogdalucianaoliveira.com.br\/blog\/wp-json\/wp\/v2\/comments?post=24546"}],"version-history":[{"count":1,"href":"http:\/\/blogdalucianaoliveira.com.br\/blog\/wp-json\/wp\/v2\/posts\/24546\/revisions"}],"predecessor-version":[{"id":24547,"href":"http:\/\/blogdalucianaoliveira.com.br\/blog\/wp-json\/wp\/v2\/posts\/24546\/revisions\/24547"}],"wp:attachment":[{"href":"http:\/\/blogdalucianaoliveira.com.br\/blog\/wp-json\/wp\/v2\/media?parent=24546"}],"wp:term":[{"taxonomy":"category","embeddable":true,"href":"http:\/\/blogdalucianaoliveira.com.br\/blog\/wp-json\/wp\/v2\/categories?post=24546"},{"taxonomy":"post_tag","embeddable":true,"href":"http:\/\/blogdalucianaoliveira.com.br\/blog\/wp-json\/wp\/v2\/tags?post=24546"}],"curies":[{"name":"wp","href":"https:\/\/api.w.org\/{rel}","templated":true}]}}