{"id":24548,"date":"2019-10-26T10:02:49","date_gmt":"2019-10-26T14:02:49","guid":{"rendered":"http:\/\/blogdalucianaoliveira.com.br\/blog\/?p=24548"},"modified":"2019-10-26T10:02:49","modified_gmt":"2019-10-26T14:02:49","slug":"para-os-74-anos-do-eterno-presidente-lula","status":"publish","type":"post","link":"http:\/\/blogdalucianaoliveira.com.br\/blog\/2019\/10\/26\/para-os-74-anos-do-eterno-presidente-lula\/","title":{"rendered":"Para os 74 anos do eterno Presidente Lula"},"content":{"rendered":"<p><img data-recalc-dims=\"1\" decoding=\"async\" src=\"https:\/\/i0.wp.com\/publisher-publish.s3.eu-central-1.amazonaws.com\/pb-brasil247\/swp\/jtjeq9\/media\/2019102518100_f1e73603-2fef-4c5e-b417-9736dd656a79.jpeg?w=600&#038;ssl=1\" \/><\/p>\n<div class=\"bloggerMetadata marginTop30 marginBottom30\">\n<div class=\"bloggerMetadata__infoWrap\">\n<h2>Autor de \u201cSoledad no Recife\u201d, recria\u00e7\u00e3o dos \u00faltimos dias de Soledad Barrett, mulher do Cabo Anselmo, entregue pelo traidor \u00e0 ditadura. Escreveu ainda \u201cO filho renegado de Deus\u201d, Pr\u00eamio Guavira de Literatura 2014, e \u201cA mais longa dura\u00e7\u00e3o da juventude\u201d, romance da gera\u00e7\u00e3o rebelde do Brasil<\/h2>\n<p>&nbsp;<\/p>\n<\/div>\n<\/div>\n<p><!--more--><\/p>\n<p>No 247<\/p>\n<p>Urariano Mota<\/p>\n<p>Nesse domingo, haver\u00e1 festa coletiva na Europa, Estados Unidos e toda Am\u00e9rica Latina. A raz\u00e3o n\u00e3o \u00e9 pequena: festejar o anivers\u00e1rio e reivindicar uma vida em liberdade para Lula, que amarga odioso c\u00e1rcere de persegui\u00e7\u00e3o contra o povo do Brasil.<\/p>\n<p>Repito o que publiquei h\u00e1 dois anos.<\/p>\n<p>Milhares, milh\u00f5es de mensagens v\u00e3o chegar para o presidente\u00a0<a href=\"https:\/\/www.pragmatismopolitico.com.br\/tag\/lula\">Lula<\/a>\u00a0no dia do seu anivers\u00e1rio. Tantas e justas mensagens.<\/p>\n<p>Aqui do meu canto, sem ter mais o que dizer al\u00e9m de que o Brasil ama Lula, que os brasileiros o desejam como a um irm\u00e3o, como a um guerreiro que n\u00e3o d\u00e1 tr\u00e9gua, como a um lutador sem descanso, com um afeto imortal. Incapaz de n\u00e3o repetir, de n\u00e3o mencionar a sua obra de inclus\u00e3o e de esperan\u00e7a que fez chegar aos marginalizados de sempre, hoje eu gostaria de ser um pouquinho s\u00f3 original. Mas n\u00e3o consigo. Ent\u00e3o, por aus\u00eancia absoluta de originalidade, recorto um trecho do que escrevi para o dia em que Lula foi ao bairro de \u00c1gua Fria, no\u00a0<a href=\"https:\/\/www.pragmatismopolitico.com.br\/tag\/recife\">Recife<\/a>, e viu a gente do bairro central da minha inf\u00e2ncia. Num trechinho do registro da sua passagem, anotei:<\/p>\n<p>\u201c<i>S\u00fabito h\u00e1 um estouro, n\u00e3o de fogos nem de boiada. H\u00e1 um rumor que cresce, que se torna incontrol\u00e1vel, que mais lembra um orgasmo coletivo, sofrido, querido e esperado. \u00c9 Lula! \u00c9 Lula! Todos gritam. Os berros se fazem ouvir mais alto, ensurdecedores. Mulheres, meninos, homens chamam a aten\u00e7\u00e3o do Presidente, querem cham\u00e1-lo, e ele n\u00e3o sabe para que lado se dirija. Na hora, uma ideia tenebrosa me ocorre: se ca\u00edsse um raio aqui, neste exato instante, todos morreriam felizes. Mas essa ideia n\u00e3o atinge palavras. Lula vem para o nosso lado. \u00c9 ele. A minha fot\u00f3grafa se esquece em absoluto de mim, o rep\u00f3rter, e avan\u00e7a para o c\u00edrculo estreito onde todos lhe querem tocar a m\u00e3o. Aos gritos. Aos prantos. Aos empurr\u00f5es.<\/i><\/p>\n<p><i>A \u00faltima vez em que vi algo semelhante em \u00c1gua Fria foi em 1965, no \u00faltimo dia de carnaval. Tocou Vassourinhas e n\u00e3o havia for\u00e7a que contivesse o gozo da multid\u00e3o em f\u00faria. Agora sem frevo, sem orquestra, desta vez a multid\u00e3o delira como se estivesse diante de um astro pop. O presidente passa a ideia de um santo, porque tem poderes para ajudar os que padecem, e de fasc\u00ednio, porque mostra como um homem do povo consegue ser importante. Por isso as mulheres gritam, \u201cLula, meu lindo!\u201d, por isso os homens apertam-lhe a m\u00e3o, com for\u00e7a e calor, por isso os meninos levantam a cabe\u00e7a, todos os meninos pobres levantam a cabe\u00e7a. Ent\u00e3o eu percebo que os perif\u00e9ricos n\u00e3o se embriagam somente de \u00e1lcool e frevo. De Lula tamb\u00e9m se embriaga a gente<\/i>\u201d.<\/p>\n<p>Nesse domingo, corre no mundo a bandeira do Lula Livre. Todos queremos a sua liberdade, porque com ele estamos encarcerados. E gritamos em v\u00e1rias l\u00ednguas: parab\u00e9ns, parab\u00e9ns, eterno presidente do Brasil.<\/p>\n","protected":false},"excerpt":{"rendered":"<p>Autor de \u201cSoledad no Recife\u201d, recria\u00e7\u00e3o dos \u00faltimos dias de Soledad Barrett, mulher do Cabo Anselmo, entregue pelo traidor \u00e0 ditadura. Escreveu ainda \u201cO filho renegado de Deus\u201d, Pr\u00eamio Guavira de Literatura 2014, e \u201cA mais longa dura\u00e7\u00e3o da juventude\u201d, romance da gera\u00e7\u00e3o rebelde do Brasil &nbsp;<\/p>\n","protected":false},"author":1,"featured_media":0,"comment_status":"closed","ping_status":"open","sticky":false,"template":"","format":"standard","meta":{"_exactmetrics_skip_tracking":false,"_exactmetrics_sitenote_active":false,"_exactmetrics_sitenote_note":"","_exactmetrics_sitenote_category":0,"jetpack_post_was_ever_published":false,"_jetpack_newsletter_access":"","_jetpack_dont_email_post_to_subs":false,"_jetpack_newsletter_tier_id":0,"_jetpack_memberships_contains_paywalled_content":false,"_jetpack_memberships_contains_paid_content":false,"footnotes":"","jetpack_publicize_message":"","jetpack_publicize_feature_enabled":true,"jetpack_social_post_already_shared":true,"jetpack_social_options":{"image_generator_settings":{"template":"highway","enabled":false},"version":2}},"categories":[1],"tags":[],"class_list":["post-24548","post","type-post","status-publish","format-standard","hentry","category-notas"],"jetpack_publicize_connections":[],"jetpack_sharing_enabled":true,"jetpack_featured_media_url":"","jetpack_shortlink":"https:\/\/wp.me\/p7wKYW-6nW","jetpack-related-posts":[],"_links":{"self":[{"href":"http:\/\/blogdalucianaoliveira.com.br\/blog\/wp-json\/wp\/v2\/posts\/24548","targetHints":{"allow":["GET"]}}],"collection":[{"href":"http:\/\/blogdalucianaoliveira.com.br\/blog\/wp-json\/wp\/v2\/posts"}],"about":[{"href":"http:\/\/blogdalucianaoliveira.com.br\/blog\/wp-json\/wp\/v2\/types\/post"}],"author":[{"embeddable":true,"href":"http:\/\/blogdalucianaoliveira.com.br\/blog\/wp-json\/wp\/v2\/users\/1"}],"replies":[{"embeddable":true,"href":"http:\/\/blogdalucianaoliveira.com.br\/blog\/wp-json\/wp\/v2\/comments?post=24548"}],"version-history":[{"count":1,"href":"http:\/\/blogdalucianaoliveira.com.br\/blog\/wp-json\/wp\/v2\/posts\/24548\/revisions"}],"predecessor-version":[{"id":24549,"href":"http:\/\/blogdalucianaoliveira.com.br\/blog\/wp-json\/wp\/v2\/posts\/24548\/revisions\/24549"}],"wp:attachment":[{"href":"http:\/\/blogdalucianaoliveira.com.br\/blog\/wp-json\/wp\/v2\/media?parent=24548"}],"wp:term":[{"taxonomy":"category","embeddable":true,"href":"http:\/\/blogdalucianaoliveira.com.br\/blog\/wp-json\/wp\/v2\/categories?post=24548"},{"taxonomy":"post_tag","embeddable":true,"href":"http:\/\/blogdalucianaoliveira.com.br\/blog\/wp-json\/wp\/v2\/tags?post=24548"}],"curies":[{"name":"wp","href":"https:\/\/api.w.org\/{rel}","templated":true}]}}