{"id":24550,"date":"2019-10-26T10:06:41","date_gmt":"2019-10-26T14:06:41","guid":{"rendered":"http:\/\/blogdalucianaoliveira.com.br\/blog\/?p=24550"},"modified":"2019-10-26T10:06:41","modified_gmt":"2019-10-26T14:06:41","slug":"meus-dias-em-curitiba-o-relato-de-lula-sobre-o-tempo-na-prisao","status":"publish","type":"post","link":"http:\/\/blogdalucianaoliveira.com.br\/blog\/2019\/10\/26\/meus-dias-em-curitiba-o-relato-de-lula-sobre-o-tempo-na-prisao\/","title":{"rendered":"\u2018Meus dias em Curitiba\u2019, o relato de Lula sobre o tempo na pris\u00e3o"},"content":{"rendered":"<figure id=\"attachment_400800\" class=\"wp-caption aligncenter\"><img data-recalc-dims=\"1\" loading=\"lazy\" decoding=\"async\" class=\"size-large wp-image-400800\" src=\"https:\/\/i0.wp.com\/www.diariodocentrodomundo.com.br\/wp-content\/uploads\/2019\/10\/lula-3-600x374.jpg?resize=600%2C374&#038;ssl=1\" sizes=\"auto, (max-width: 600px) 100vw, 600px\" srcset=\"https:\/\/www.diariodocentrodomundo.com.br\/wp-content\/uploads\/2019\/10\/lula-3-600x374.jpg 600w, https:\/\/www.diariodocentrodomundo.com.br\/wp-content\/uploads\/2019\/10\/lula-3-300x187.jpg 300w, https:\/\/www.diariodocentrodomundo.com.br\/wp-content\/uploads\/2019\/10\/lula-3-768x479.jpg 768w, https:\/\/www.diariodocentrodomundo.com.br\/wp-content\/uploads\/2019\/10\/lula-3-674x420.jpg 674w, https:\/\/www.diariodocentrodomundo.com.br\/wp-content\/uploads\/2019\/10\/lula-3-640x399.jpg 640w, https:\/\/www.diariodocentrodomundo.com.br\/wp-content\/uploads\/2019\/10\/lula-3-681x424.jpg 681w, https:\/\/www.diariodocentrodomundo.com.br\/wp-content\/uploads\/2019\/10\/lula-3.jpg 900w\" alt=\"\" width=\"600\" height=\"374\" \/><figcaption class=\"wp-caption-text\"><strong>Por Luiz In\u00e1cio Lula da Silva*<\/strong><\/figcaption><\/figure>\n<p><!--more--><\/p>\n<p>No DCM<\/p>\n<div class=\"code-block code-block-7\">\u00a0\u201cQuando eu vim para c\u00e1, algumas pessoas me aconselharam a escrever um di\u00e1rio. Eu sinceramente n\u00e3o achei vantajoso escrever, eu sozinho, vivendo sozinho todo dia. Ia escrever o qu\u00ea? \u201cHoje, fui no banheiro, acordei cedo\u201d. Li o di\u00e1rio do Mandela na cadeia. Li a biografia de muita gente, do Get\u00falio, do Marighella, do Padre C\u00edcero de Juazeiro, do Gandhi, do Roosevelt. Acabei de ler a Biografia a Duas Vozes, do Fidel Castro.<\/div>\n<p>Uma coisa que me interessa muito \u00e9 ler sobre a escravid\u00e3o. Estou aprendendo porque o Brasil \u00e9 do jeito que \u00e9, porque ainda existe preconceito. Sempre gostei muito de m\u00fasica e estou ouvindo bastante, recebo um pen drive com m\u00fasicas. Gosto muito de samba, ou\u00e7o Chico, ou\u00e7o Caetano, o Gil, ou\u00e7o muitas m\u00fasicas daquelas, como chama, c\u00e2nticos gregorianos. \u00c0s vezes, eu durmo com cantos gregorianos. Eu recebo muita coisa. E muito debate tamb\u00e9m.<\/p>\n<p>Pe\u00e7o a alguns companheiros que gravem an\u00e1lises de conjuntura para mim. Ent\u00e3o, \u00e0s vezes o Jo\u00e3o Paulo [do MST] grava uma an\u00e1lise de conjuntura, \u00e0s vezes o Geno\u00edno me grava, a [Marilena] Chau\u00ed me grava, o [Luiz] Dulce me grava, a Gleisi [Hoffmann] me grava, o Jess\u00e9 [de Souza], o Eduardo Moreira, o Aloizio Mercadante. Eu vou pedindo \u00e0s pessoas, que v\u00e3o gravando.<\/p>\n<div class=\"code-block code-block-1\"><\/div>\n<p>Como n\u00e3o tem o que fazer, sento para ler, ou sento e fico vendo as pessoas falarem, fico discutindo sozinho com as pessoas, discordando das pessoas. \u00c0s vezes, fico puto como as pessoas falam bobagens a meu respeito. E n\u00e3o estou l\u00e1 para dizer: \u201cN\u00e3o \u00e9 assim, rapaz\u201d.<\/p>\n<p>Assim vou vivendo. Eu vou dormir por volta de meia-noite, 1 hora da manh\u00e3. Acordo todo dia \u00e0s 6h30, fa\u00e7o meu caf\u00e9, fa\u00e7o um caf\u00e9 de qualidade. Acho que n\u00e3o tem ningu\u00e9m que fa\u00e7a um caf\u00e9 melhor do que eu.<\/p>\n<p>Quero que voc\u00eas saibam que essa hist\u00f3ria de eu falar que vou casar \u00e9 verdade. Na verdade, encontrei uma meia cara que est\u00e1 me ajudando a vencer essa barreira aqui. Ent\u00e3o, n\u00e3o vou deixar a solid\u00e3o tomar conta de mim, n\u00e3o vou deixar o \u00f3dio tomar conta de mim, n\u00e3o vou desanimar, n\u00e3o vou ficar deprimido. N\u00e3o conhe\u00e7o a palavra depress\u00e3o. Se j\u00e1 tive, n\u00e3o sei.<\/p>\n<p>Como fui corintiano e fiquei 23 anos sem ganhar um t\u00edtulo, perdendo para o Santos 15 anos consecutivos, vendo Pel\u00e9 humilhando o Corinthians \u2013 eu ia ao est\u00e1dio, chegava l\u00e1 e dava 3 a 0, 4 a 0 \u2013, ent\u00e3o acho que n\u00e3o vou ter depress\u00e3o. Tenho certeza, posso dizer para voc\u00eas comunicarem o pessoal l\u00e1 fora, que vou sair mais maduro, mais preciso naquilo que quero fazer \u2013 vou sair mais lutador do que fui.<\/p>\n<p>Estou bem fisicamente. Obviamente que sei que a natureza \u00e9 implac\u00e1vel, mas como me decidi que vou viver at\u00e9 os 120 anos, que a \u201cCaetana\u201d n\u00e3o venha bater na minha porta, que n\u00e3o tem espa\u00e7o para ela entrar [refer\u00eancia ao livro A Mo\u00e7a Caetana \u2013 A Morte Sertaneja, de Ariano Suassuna\u201d]. Tenho muita coisa para fazer ainda.<\/p>\n<p>Ent\u00e3o, estou assim, nesse momento da minha vida. Obviamente, fico sonhando em sair daqui, decidir onde vou morar. Quando deixei a Presid\u00eancia, tinha vontade de morar no Nordeste, vontade de voltar para meu Pernambuco, vontade de morar n\u00e3o perto da praia, mas num lugar em que pudesse ir \u00e0 praia. Pensava em ir para Bahia, Rio Grande do Norte, mas a Marisa n\u00e3o quis ir porque ela nasceu em S\u00e3o Bernardo [do Campo], e o mundo dela era S\u00e3o Bernardo. Eu n\u00e3o tenho mais o que fazer em S\u00e3o Bernardo.<\/p>\n<p>N\u00e3o sei para onde ir, mas quero me mudar para outro lugar. Quero viver. Espero que o PT me utilize, espero que a CUT me utilize, espero que os sem-terra me utilizem, espero que os LGBT me utilizem, espero que os quilombolas me utilizem, espero que as mulheres me utilizem, espero que todo mundo me utilize para fazer com que eu tenha utilidade nessa minha passagem pelo planeta Terra.<\/p>\n<p>Vou sair daqui tranquilo. N\u00e3o vou dizer que cumpri minha miss\u00e3o, mas vou sair daqui tranquilo, como cidad\u00e3o consciente do seu papel na hist\u00f3ria.<\/p>\n<p>Sou muito agradecido \u00e0s manifesta\u00e7\u00f5es dos artistas. Tenho visto pelo pen drive shows no mundo inteiro. Ali\u00e1s, acho que o PT e os movimentos sociais deveriam fazer da quest\u00e3o cultural uma das bandeiras mais importantes. A gente n\u00e3o pode deixar que esses caras destruam a cultura. A cultura n\u00e3o tem propriedade do Estado. A cultura \u00e9 uma prioridade da sociedade \u2013 ela que se aproveite da cultura e a criatividade que o nosso povo tem nesse pa\u00eds. N\u00e3o podemos abdicar disso.<\/p>\n<p>\u00c9 isso que voc\u00eas v\u00e3o levar daqui. Quero que voc\u00eas digam para todo mundo que estou bem, estou muito disposto a brigar. Tenho certeza de que o Moro n\u00e3o dorme com a consci\u00eancia tranquila como durmo. Tenho consci\u00eancia de que o Dallagnol est\u00e1 precisando tomar rem\u00e9dio para dormir, talvez tarja preta, porque ele sabe que \u00e9 mentiroso, ele sabe que foi canalha no meu processo. Estou aqui, para a raiva deles.<\/p>\n<p>Porque acho que eles ficam com mais raiva quando eles percebem que estou bem. Ent\u00e3o, muito obrigado. Quero que voc\u00eas transmitam um abra\u00e7o a todo mundo. Quando sair daqui, espero que a gente fa\u00e7a uma boa entrevista \u2013 e um churrasco.<\/p>\n<p>H\u00e1 um livro que li que me impressionou muito, chamado Um Defeito de Cor, de uma mo\u00e7a chamada Ana Maria Gon\u00e7alves. Eu li Escravid\u00e3o, do Laurentino Gomes, muito bom. Eu tenho lido muito. Li, da escravid\u00e3o, O Aluf\u00e1 Rufino [de Fl\u00e1vio dos Santos Gomes, Jo\u00e3o Jos\u00e9 Reis e Marcus J. M. de Carvalho]. \u00c9 muito bom. \u00c9 um tema que me apaixonou, porque nunca consegui entender.<\/p>\n<div class=\"code-block code-block-4\"><\/div>\n<p>N\u00e3o sei se voc\u00eas lembram, quando eu era presidente, a gente tentou, foi aprovada uma lei, o Fernando Haddad [ent\u00e3o ministro da Educa\u00e7\u00e3o] deve se lembrar disso, para ensinar a hist\u00f3ria africana no Brasil, que era umas formas que eu achava que a gente iria vencer o preconceito nesse pa\u00eds. N\u00e3o sei se aconteceu. Pelo que estou vendo, at\u00e9 universidade afro-brasileira est\u00e1 sendo destru\u00edda l\u00e1 em Reden\u00e7\u00e3o (CE). Acho que eles est\u00e3o desmontando isso. Mas estou aprendendo muito. As pessoas s\u00e3o muito generosas, as pessoas mandam muitos livros, muito material importante.<\/p>\n<p>Esses dias, recebi uma cartinha bonita daquela menina que est\u00e1 em Oxford e participou da equipe daquele m\u00e9dico que ganhou um pr\u00eamio Nobel de Medicina; uma menina do Rio Grande do Norte que est\u00e1 com ele, \u00e9 brasileira. Ela mandou uma cartinha bonita. Eu recebo muita coisa bonita, muita gente generosa.<\/p>\n<p>Eu n\u00e3o sei se vou ter for\u00e7a para abra\u00e7ar todo mundo quando eu sair daqui. Se a minha bursite n\u00e3o voltar\u2026\u201d<\/p>\n<p>* Luiz In\u00e1cio Lula da Silva foi presidente do Brasil (2003-2010). Est\u00e1 preso injustamente em Curitiba desde abril de 2018<\/p>\n<p>Este depoimento \u00e9 baseado na entrevista que Lula concedeu nesta semana ao Brasil de Fato.<\/p>\n<div id=\"execphp-21\" class=\"td_block_template_1 widget widget_execphp\"><\/div>\n<div id=\"execphp-17\" class=\"td_block_template_1 widget widget_execphp\"><\/div>\n<div id=\"execphp-4\" class=\"td_block_template_1 widget widget_execphp\"><\/div>\n<div class=\"teads-inread sm-screen\"><\/div>\n","protected":false},"excerpt":{"rendered":"<p>Por Luiz In\u00e1cio Lula da Silva*<\/p>\n","protected":false},"author":1,"featured_media":0,"comment_status":"closed","ping_status":"open","sticky":false,"template":"","format":"standard","meta":{"_exactmetrics_skip_tracking":false,"_exactmetrics_sitenote_active":false,"_exactmetrics_sitenote_note":"","_exactmetrics_sitenote_category":0,"jetpack_post_was_ever_published":false,"_jetpack_newsletter_access":"","_jetpack_dont_email_post_to_subs":false,"_jetpack_newsletter_tier_id":0,"_jetpack_memberships_contains_paywalled_content":false,"_jetpack_memberships_contains_paid_content":false,"footnotes":"","jetpack_publicize_message":"","jetpack_publicize_feature_enabled":true,"jetpack_social_post_already_shared":true,"jetpack_social_options":{"image_generator_settings":{"template":"highway","enabled":false},"version":2}},"categories":[1],"tags":[],"class_list":["post-24550","post","type-post","status-publish","format-standard","hentry","category-notas"],"jetpack_publicize_connections":[],"jetpack_sharing_enabled":true,"jetpack_featured_media_url":"","jetpack_shortlink":"https:\/\/wp.me\/p7wKYW-6nY","jetpack-related-posts":[],"_links":{"self":[{"href":"http:\/\/blogdalucianaoliveira.com.br\/blog\/wp-json\/wp\/v2\/posts\/24550","targetHints":{"allow":["GET"]}}],"collection":[{"href":"http:\/\/blogdalucianaoliveira.com.br\/blog\/wp-json\/wp\/v2\/posts"}],"about":[{"href":"http:\/\/blogdalucianaoliveira.com.br\/blog\/wp-json\/wp\/v2\/types\/post"}],"author":[{"embeddable":true,"href":"http:\/\/blogdalucianaoliveira.com.br\/blog\/wp-json\/wp\/v2\/users\/1"}],"replies":[{"embeddable":true,"href":"http:\/\/blogdalucianaoliveira.com.br\/blog\/wp-json\/wp\/v2\/comments?post=24550"}],"version-history":[{"count":1,"href":"http:\/\/blogdalucianaoliveira.com.br\/blog\/wp-json\/wp\/v2\/posts\/24550\/revisions"}],"predecessor-version":[{"id":24551,"href":"http:\/\/blogdalucianaoliveira.com.br\/blog\/wp-json\/wp\/v2\/posts\/24550\/revisions\/24551"}],"wp:attachment":[{"href":"http:\/\/blogdalucianaoliveira.com.br\/blog\/wp-json\/wp\/v2\/media?parent=24550"}],"wp:term":[{"taxonomy":"category","embeddable":true,"href":"http:\/\/blogdalucianaoliveira.com.br\/blog\/wp-json\/wp\/v2\/categories?post=24550"},{"taxonomy":"post_tag","embeddable":true,"href":"http:\/\/blogdalucianaoliveira.com.br\/blog\/wp-json\/wp\/v2\/tags?post=24550"}],"curies":[{"name":"wp","href":"https:\/\/api.w.org\/{rel}","templated":true}]}}