{"id":24552,"date":"2019-10-26T10:12:00","date_gmt":"2019-10-26T14:12:00","guid":{"rendered":"http:\/\/blogdalucianaoliveira.com.br\/blog\/?p=24552"},"modified":"2019-10-26T10:12:00","modified_gmt":"2019-10-26T14:12:00","slug":"protestos-no-chile-a-manifestacao-historica-que-encheu-as-ruas-de-santiago","status":"publish","type":"post","link":"http:\/\/blogdalucianaoliveira.com.br\/blog\/2019\/10\/26\/protestos-no-chile-a-manifestacao-historica-que-encheu-as-ruas-de-santiago\/","title":{"rendered":"Protestos no Chile: a manifesta\u00e7\u00e3o hist\u00f3rica que encheu as ruas de Santiago"},"content":{"rendered":"<p><img data-recalc-dims=\"1\" decoding=\"async\" src=\"https:\/\/i0.wp.com\/ichef.bbci.co.uk\/news\/976\/cpsprodpb\/EEB7\/production\/_109411116_chile2.jpg?w=600&#038;ssl=1\" alt=\"A manifesta\u00e7\u00e3o desta sexta-feira\" \/><\/p>\n<p class=\"story-body__introduction\">Uma enorme manifesta\u00e7\u00e3o tomou as ruas do centro de Santiago na sexta-feira para protestar contra a desigualdade social no Chile e exigir a implementa\u00e7\u00e3o de reformas sociais profundas.<!--more--><\/p>\n<div class=\"byline\"><span class=\"byline__title\">Na BBC News Mundo<\/span><\/div>\n<div class=\"with-extracted-share-icons\"><\/div>\n<p>Segundo dados do governo citados pela m\u00eddia local, mais de 1,2 milh\u00e3o de pessoas estavam concentradas na Plaza Italia, um centro nervoso da capital chilena.<\/p>\n<p>Convocada nas redes sociais ap\u00f3s uma semana de protestos no pa\u00eds, j\u00e1 \u00e9 considerada a maior manifesta\u00e7\u00e3o desde o retorno da democracia ao Chile.<\/p>\n<figure class=\"media-landscape has-caption full-width\"><span class=\"image-and-copyright-container\"><img data-recalc-dims=\"1\" loading=\"lazy\" decoding=\"async\" class=\"responsive-image__img js-image-replace\" src=\"https:\/\/i0.wp.com\/ichef.bbci.co.uk\/news\/660\/cpsprodpb\/8BD9\/production\/_109410853_gettyimages-1178144279.jpg?resize=600%2C338&#038;ssl=1\" alt=\"Manifesta\u00e7\u00e3o no Chile\" width=\"600\" height=\"338\" data-highest-encountered-width=\"660\" \/><span class=\"off-screen\">Direito de imagem<\/span><span class=\"story-image-copyright\">GETTY IMAGES<\/span><\/span><figcaption class=\"media-caption\"><span class=\"off-screen\">Image caption<\/span><span class=\"media-caption__text\">Nas redes sociais, a manifesta\u00e7\u00e3o foi chamada &#8220;A maior marcha do Chile&#8221;<\/span><\/figcaption><\/figure>\n<figure class=\"media-landscape has-caption full-width\"><span class=\"image-and-copyright-container\"><img data-recalc-dims=\"1\" loading=\"lazy\" decoding=\"async\" class=\"responsive-image__img js-image-replace\" src=\"https:\/\/i0.wp.com\/ichef.bbci.co.uk\/news\/660\/cpsprodpb\/13CD7\/production\/_109411118_chile-cristobal-venegas03.png?resize=600%2C338&#038;ssl=1\" alt=\"Manifesta\u00e7\u00e3o no Chile\" width=\"600\" height=\"338\" data-highest-encountered-width=\"660\" \/><span class=\"off-screen\">Direito de imagem<\/span><span class=\"story-image-copyright\">CRISTOBAL VENEGAS<\/span><\/span><figcaption class=\"media-caption\"><span class=\"off-screen\">Image caption<\/span><span class=\"media-caption__text\">As ruas de Santiago estavam lotadas de pessoas que sa\u00edram para pedir o fim da desigualdade<\/span><\/figcaption><\/figure>\n<figure class=\"media-landscape has-caption full-width\"><span class=\"image-and-copyright-container\"><img data-recalc-dims=\"1\" loading=\"lazy\" decoding=\"async\" class=\"responsive-image__img js-image-replace\" src=\"https:\/\/i0.wp.com\/ichef.bbci.co.uk\/news\/660\/cpsprodpb\/17C8D\/production\/_109412479_gettyimages-1178142540.jpg?resize=600%2C338&#038;ssl=1\" alt=\"Manifesta\u00e7\u00e3o no Chile\" width=\"600\" height=\"338\" data-highest-encountered-width=\"660\" \/><span class=\"off-screen\">Direito de imagem<\/span><span class=\"story-image-copyright\">GETTY IMAGES<\/span><\/span><figcaption class=\"media-caption\"><span class=\"off-screen\">Image caption<\/span><span class=\"media-caption__text\">V\u00e1rias bandeiras diziam a frase &#8220;O Chile acordou&#8221;<\/span><\/figcaption><\/figure>\n<p>&#8220;A marcha enorme, alegre e pac\u00edfica de hoje, onde os chilenos pedem um Chile mais justo e solid\u00e1rio, abre grandes caminhos para o futuro e a esperan\u00e7a&#8221;, disse o pr\u00f3prio presidente chileno, Sebastian Pi\u00f1era.<\/p>\n<p>&#8220;Todos ouvimos a mensagem. Todos mudamos. Com uni\u00e3o e ajuda de Deus, percorreremos o caminho para esse Chile melhor para todos&#8221;, afirmou ele no Twitter.<\/p>\n<div id=\"comp-pattern-library\" class=\"distinct-component-group container-parrot wsoj-component\" data-variation=\"default-0\">\n<aside class=\"parrot\">Seu governo foi duramente criticado por ter reagido muito tarde e por ter levado os militares \u00e0s ruas.<\/p>\n<figure class=\"media-landscape has-caption full-width\"><span class=\"image-and-copyright-container\"><img data-recalc-dims=\"1\" loading=\"lazy\" decoding=\"async\" class=\"responsive-image__img js-image-replace\" src=\"https:\/\/i0.wp.com\/ichef.bbci.co.uk\/news\/660\/cpsprodpb\/15F2D\/production\/_109410998_9268ceb7-495a-40e4-a196-3364cd4db52e.jpg?resize=600%2C400&#038;ssl=1\" alt=\"Manifesta\u00e7\u00e3o no Chile\" width=\"600\" height=\"400\" data-highest-encountered-width=\"660\" \/><span class=\"off-screen\">Direito de imagem<\/span><span class=\"story-image-copyright\">REUTERS<\/span><\/span><figcaption class=\"media-caption\"><span class=\"off-screen\">Image caption<\/span><span class=\"media-caption__text\">O slogan &#8220;O Chile acordou&#8221; \u00e9 usado desde o in\u00edcio das manifesta\u00e7\u00f5es<\/span><\/figcaption><\/figure>\n<figure class=\"media-landscape has-caption full-width\"><span class=\"image-and-copyright-container\"><img data-recalc-dims=\"1\" loading=\"lazy\" decoding=\"async\" class=\"responsive-image__img js-image-replace\" src=\"https:\/\/i0.wp.com\/ichef.bbci.co.uk\/news\/660\/cpsprodpb\/4971\/production\/_109410881_hi057553906.jpg?resize=600%2C338&#038;ssl=1\" alt=\"&quot;Corruptos na cadeia&quot; e &quot;Pela dignidade do nosso povo, vamos para a rua sem medo&quot; eram outros lemas da marcha\" width=\"600\" height=\"338\" data-highest-encountered-width=\"660\" \/><span class=\"off-screen\">Direito de imagem<\/span><span class=\"story-image-copyright\">AFP<\/span><\/span><figcaption class=\"media-caption\"><span class=\"off-screen\">Image caption<\/span><span class=\"media-caption__text\">&#8220;Corruptos na cadeia&#8221; e &#8220;Pela dignidade do nosso povo, vamos para a rua sem medo&#8221; eram outros lemas da marcha<\/span><\/figcaption><\/figure>\n<figure class=\"media-landscape has-caption full-width\"><span class=\"image-and-copyright-container\"><img data-recalc-dims=\"1\" loading=\"lazy\" decoding=\"async\" class=\"responsive-image__img js-image-replace\" src=\"https:\/\/i0.wp.com\/ichef.bbci.co.uk\/news\/660\/cpsprodpb\/119AF\/production\/_109411127_7413e5eb-4e2f-4061-b977-06a984a2251a.jpg?resize=600%2C368&#038;ssl=1\" alt=\"Manifesta\u00e7\u00e3o no Chile\" width=\"600\" height=\"368\" data-highest-encountered-width=\"660\" \/><span class=\"off-screen\">Direito de imagem<\/span><span class=\"story-image-copyright\">GETTY IMAGES<\/span><\/span><figcaption class=\"media-caption\"><span class=\"off-screen\">Image caption<\/span><span class=\"media-caption__text\">Tamb\u00e9m via-se o lema &#8220;N\u00e3o estamos em guerra&#8221;, resposta a uma declara\u00e7\u00e3o de Pi\u00f1era sobre as causas de inc\u00eandios em supermercados e esta\u00e7\u00f5es de metr\u00f4<\/span><\/figcaption><\/figure>\n<figure class=\"media-landscape has-caption full-width\"><span class=\"image-and-copyright-container\"><img data-recalc-dims=\"1\" loading=\"lazy\" decoding=\"async\" class=\"responsive-image__img js-image-replace\" src=\"https:\/\/i0.wp.com\/ichef.bbci.co.uk\/news\/660\/cpsprodpb\/47F5\/production\/_109412481_gettyimages-1178165112.jpg?resize=600%2C338&#038;ssl=1\" alt=\"Cerca de 200 pessoas protestaram tocando a m\u00fasica de Victor Jara &quot;O direito de viver em paz&quot;\" width=\"600\" height=\"338\" data-highest-encountered-width=\"660\" \/><span class=\"off-screen\">Direito de imagem<\/span><span class=\"story-image-copyright\">GETTY IMAGES<\/span><\/span><figcaption class=\"media-caption\"><span class=\"off-screen\">Image caption<\/span><span class=\"media-caption__text\">Cerca de 200 pessoas protestaram tocando a m\u00fasica de Victor Jara &#8220;O direito de viver em paz&#8221;<\/span><\/figcaption><\/figure>\n<p>Um dos momentos mais emocionantes da marcha foi provavelmente quando milhares e milhares de pessoas cantaram &#8220;El baile de los que sobran&#8221; (A dan\u00e7a dos que sobraram), m\u00fasica ic\u00f4nica do grupo Los Prisioneros que se tornou popular nos anos 80 como protesto e cr\u00edtica a desigualdade sociais e falta de oportunidades no Chile.<\/p>\n<div class=\"social-embed\">\n<div class=\"social-embed-post social-embed-fallbacktwitter embed-image-wrap\">\n<figure class=\"media-landscape full-width embed-screenshot-js\"><span class=\"image-and-copyright-container\"><img loading=\"lazy\" decoding=\"async\" class=\"responsive-image__img js-image-replace\" src=\"https:\/\/ichef.bbci.co.uk\/news\/130\/socialembed\/https:\/\/twitter.com\/KassWidemann\/status\/1187837369044684800~\/portuguese\/internacional-50193228\" alt=\"Twitter post de @KassWidemann: El baile de los que sobran! @Cooperativa #laCooperativa \" width=\"465\" height=\"439\" data-highest-encountered-width=\"130\" \/><span class=\"off-screen\">Direitos da imagem @KassWidemann<\/span><span class=\"story-image-copyright\">@KASSWIDEMANN<\/span><\/span><\/figure>\n<\/div>\n<\/div>\n<p>Embora a marcha tenha sido pac\u00edfica na maior parte do tempo, grupos encapuzados causaram alguns dist\u00farbios e a pol\u00edcia usou \u00e1gua e g\u00e1s lacrimog\u00eaneo para dispersar os manifestantes.<\/p>\n<p>Tamb\u00e9m houve queima de acessos a uma esta\u00e7\u00e3o de metr\u00f4, saques e queima de barricadas em chamas.<\/p>\n<figure class=\"media-landscape has-caption full-width\"><span class=\"image-and-copyright-container\"><img data-recalc-dims=\"1\" loading=\"lazy\" decoding=\"async\" class=\"responsive-image__img js-image-replace\" src=\"https:\/\/i0.wp.com\/ichef.bbci.co.uk\/news\/660\/cpsprodpb\/16513\/production\/_109411419_chile-cristobal-venegas07.png?resize=600%2C338&#038;ssl=1\" alt=\"incidentes entre manifestantes e a pol\u00edcia chilena\" width=\"600\" height=\"338\" data-highest-encountered-width=\"660\" \/><span class=\"off-screen\">Direito de imagem<\/span><span class=\"story-image-copyright\">CRISTOBAL VENEGAS<\/span><\/span><figcaption class=\"media-caption\"><span class=\"off-screen\">Image caption<\/span><span class=\"media-caption__text\">Ap\u00f3s horas de marcha pac\u00edfica, houve alguns incidentes entre manifestantes e a pol\u00edcia chilena<\/span><\/figcaption><\/figure>\n<figure class=\"media-landscape has-caption full-width\"><span class=\"image-and-copyright-container\"><img data-recalc-dims=\"1\" loading=\"lazy\" decoding=\"async\" class=\"responsive-image__img js-image-replace\" src=\"https:\/\/i0.wp.com\/ichef.bbci.co.uk\/news\/660\/cpsprodpb\/290F\/production\/_109411501_5fd20248-31ac-4a7a-b972-d8573e902176.jpg?resize=600%2C344&#038;ssl=1\" alt=\"A pol\u00edcia usou jatos d'\u00e1gua para dispersar os manifestantes\" width=\"600\" height=\"344\" data-highest-encountered-width=\"660\" \/><span class=\"off-screen\">Direito de imagem<\/span><span class=\"story-image-copyright\">AFP<\/span><\/span><figcaption class=\"media-caption\"><span class=\"off-screen\">Image caption<\/span><span class=\"media-caption__text\">A pol\u00edcia usou jatos d&#8217;\u00e1gua para dispersar os manifestantes<\/span><\/figcaption><\/figure>\n<h2 class=\"story-body__crosshead\">&#8220;Estamos todos lutando pela mesma coisa&#8221;<\/h2>\n<p>A manifesta\u00e7\u00e3o na sexta-feira foi convocada para exigir do governo do presidente Pi\u00f1era medidas concretas para atacar os problemas de desigualdade que afetam o Chile.<\/p>\n<figure class=\"media-landscape has-caption full-width\"><span class=\"image-and-copyright-container\"><img data-recalc-dims=\"1\" loading=\"lazy\" decoding=\"async\" class=\"responsive-image__img js-image-replace\" src=\"https:\/\/i0.wp.com\/ichef.bbci.co.uk\/news\/660\/cpsprodpb\/9615\/production\/_109412483_gettyimages-1178159731.jpg?resize=600%2C338&#038;ssl=1\" alt=\"Manifesta\u00e7\u00e3o no Chile\" width=\"600\" height=\"338\" data-highest-encountered-width=\"660\" \/><span class=\"off-screen\">Direito de imagem<\/span><span class=\"story-image-copyright\">GETTY IMAGES<\/span><\/span><figcaption class=\"media-caption\"><span class=\"off-screen\">Image caption<\/span><span class=\"media-caption__text\">Al\u00e9m dos slogans mais repetidos, como &#8220;N\u00e3o estamos em guerra&#8221; ou &#8220;O Chile acordou&#8221;, muitas outras faixas foram vistas com mensagens diferentes entre os manifestantes<\/span><\/figcaption><\/figure>\n<figure class=\"media-landscape has-caption full-width\"><span class=\"image-and-copyright-container\"><img data-recalc-dims=\"1\" loading=\"lazy\" decoding=\"async\" class=\"responsive-image__img js-image-replace\" src=\"https:\/\/i0.wp.com\/ichef.bbci.co.uk\/news\/660\/cpsprodpb\/E435\/production\/_109412485_gettyimages-1178165051.jpg?resize=600%2C338&#038;ssl=1\" alt=\"Manifesta\u00e7\u00e3o no Chile\" width=\"600\" height=\"338\" data-highest-encountered-width=\"660\" \/><span class=\"off-screen\">Direito de imagem<\/span><span class=\"story-image-copyright\">GETTY IMAGES<\/span><\/span><figcaption class=\"media-caption\"><span class=\"off-screen\">Image caption<\/span><span class=\"media-caption__text\">A atmosfera festiva vivida na sexta-feira estava longe da ansiedade dos primeiros dias da eclos\u00e3o da crise<\/span><\/figcaption><\/figure>\n<p>Aos gritos de &#8220;O Chile acordou&#8221; e &#8220;O povo unido nunca ser\u00e1 vencido&#8221;, enormes colunas de manifestantes avan\u00e7aram ao longo de uma avenida central de Santiago.<\/p>\n<p>Segundo o fot\u00f3grafo chileno Crist\u00f3bal Venegas, \u00e9 a primeira vez em sua vida que ele v\u00ea algo assim nas ruas da capital chilena.<\/p>\n<p>&#8220;Existem pessoas de classe alta e classe baixa aqui, todas juntas lutando pela mesma coisa&#8221;, ele diz \u00e0 BBC Mundo.<\/p>\n<figure class=\"media-landscape has-caption full-width\"><span class=\"image-and-copyright-container\"><img data-recalc-dims=\"1\" loading=\"lazy\" decoding=\"async\" class=\"responsive-image__img js-image-replace\" src=\"https:\/\/i0.wp.com\/ichef.bbci.co.uk\/news\/660\/cpsprodpb\/772F\/production\/_109411503_fc76a506-d82b-448b-9c52-8fd89d76b2d5.jpg?resize=600%2C338&#038;ssl=1\" alt=\"Marcha de Santiago\" width=\"600\" height=\"338\" data-highest-encountered-width=\"660\" \/><span class=\"off-screen\">Direito de imagem<\/span><span class=\"story-image-copyright\">REUTERS<\/span><\/span><figcaption class=\"media-caption\"><span class=\"off-screen\">Image caption<\/span><span class=\"media-caption__text\">Cidad\u00e3os de diferentes origens se juntaram para protestar nesta sexta-feira em Santiago<\/span><\/figcaption><\/figure>\n<figure class=\"media-landscape has-caption full-width\"><span class=\"image-and-copyright-container\"><img data-recalc-dims=\"1\" loading=\"lazy\" decoding=\"async\" class=\"responsive-image__img js-image-replace\" src=\"https:\/\/i0.wp.com\/ichef.bbci.co.uk\/news\/660\/cpsprodpb\/000B\/production\/_109411000_d9de5379-6529-425a-be08-f63e82753f61.jpg?resize=600%2C338&#038;ssl=1\" alt=\"Marcha de Santiago\" width=\"600\" height=\"338\" data-highest-encountered-width=\"660\" \/><span class=\"off-screen\">Direito de imagem<\/span><span class=\"story-image-copyright\">REUTERS<\/span><\/span><figcaption class=\"media-caption\"><span class=\"off-screen\">Image caption<\/span><span class=\"media-caption__text\">Tamb\u00e9m foram ouvidos gritos pedindo a ren\u00fancia de Pi\u00f1era<\/span><\/figcaption><\/figure>\n<p>De sua parte, a professora aposentada Clotilde Soto, 82 anos, disse \u00e0 ag\u00eancia Reuters na manifesta\u00e7\u00e3o que &#8220;isso me lembra a Marcha do N\u00e3o antes do plebiscito de 1988&#8221;, lembrando da consulta p\u00fablica que em 5 de outubro de 1988 tirou Augusto Pinochet do poder.<\/p>\n<p>&#8220;E hoje estou marchando para ver se as coisas finalmente mudam realmente no meu pa\u00eds. N\u00e3o quero morrer sem ver uma mudan\u00e7a&#8221;, disse ela, enquanto se deslocava pelo centro de Santiago.<\/p>\n<h2 class=\"story-body__crosshead\">&#8220;Um pa\u00eds digno&#8221;<\/h2>\n<p>Embora n\u00e3o tenha havido dist\u00farbios na maior parte da manifesta\u00e7\u00e3o, Venegas falou por telefone com a BBC Mundo da marcha em meio ao som de sirenes e balas de borracha.<\/p>\n<figure class=\"media-landscape has-caption full-width\"><span class=\"image-and-copyright-container\"><img data-recalc-dims=\"1\" loading=\"lazy\" decoding=\"async\" class=\"responsive-image__img js-image-replace\" src=\"https:\/\/i0.wp.com\/ichef.bbci.co.uk\/news\/660\/cpsprodpb\/C743\/production\/_109411015_chile-cristobal-venegas01.png?resize=600%2C338&#038;ssl=1\" alt=\"Manifesta\u00e7\u00e3o no Chile\" width=\"600\" height=\"338\" data-highest-encountered-width=\"660\" \/><span class=\"off-screen\">Direito de imagem<\/span><span class=\"story-image-copyright\">CRISTOBAL VENEGAS<\/span><\/span><figcaption class=\"media-caption\"><span class=\"off-screen\">Image caption<\/span><span class=\"media-caption__text\">Embora a marcha tenha sido pac\u00edfica, inc\u00eandios intencionais podiam ser observados no centro de Santiago<\/span><\/figcaption><\/figure>\n<figure class=\"media-landscape has-caption full-width\"><span class=\"image-and-copyright-container\"><img data-recalc-dims=\"1\" loading=\"lazy\" decoding=\"async\" class=\"responsive-image__img js-image-replace\" src=\"https:\/\/i0.wp.com\/ichef.bbci.co.uk\/news\/660\/cpsprodpb\/A47F\/production\/_109411124_chile-cristobal-venegas05.png?resize=600%2C338&#038;ssl=1\" alt=\"Violinista em ato no Chile\" width=\"600\" height=\"338\" data-highest-encountered-width=\"660\" \/><span class=\"off-screen\">Direito de imagem<\/span><span class=\"story-image-copyright\">CRISTOBAL VENEGAS<\/span><\/span><figcaption class=\"media-caption\"><span class=\"off-screen\">Image caption<\/span><span class=\"media-caption__text\">O fot\u00f3grafo Crist\u00f3bal Venegas, autor desta imagem, contou que esse violinista come\u00e7ou a tocar seu instrumento para incentivar as pessoas que protestavam<\/span><\/figcaption><\/figure>\n<p>O fot\u00f3grafo relatou que a pol\u00edcia estava atirando em alguns grupos e havia m\u00e9dicos volunt\u00e1rios ajudando os feridos.<\/p>\n<p>&#8220;As pessoas est\u00e3o morrendo porque n\u00e3o t\u00eam como sobreviver e fico indignado que tenhamos que viver para trabalhar&#8221;, refletiu.<\/p>\n<p>&#8220;Espero que o Chile se torne um pa\u00eds mais digno de se viver&#8221;, concluiu ele, esperan\u00e7oso.<\/p>\n<figure class=\"media-landscape has-caption full-width\"><span class=\"image-and-copyright-container\"><img data-recalc-dims=\"1\" loading=\"lazy\" decoding=\"async\" class=\"responsive-image__img js-image-replace\" src=\"https:\/\/i0.wp.com\/ichef.bbci.co.uk\/news\/660\/cpsprodpb\/EE53\/production\/_109411016_chile-cristobal-venegas02.png?resize=600%2C338&#038;ssl=1\" alt=\"Manifesta\u00e7\u00e3o no Chile\" width=\"600\" height=\"338\" data-highest-encountered-width=\"660\" \/><span class=\"off-screen\">Direito de imagem<\/span><span class=\"story-image-copyright\">CRISTOBAL VENEGAS<\/span><\/span><figcaption class=\"media-caption\"><span class=\"off-screen\">Image caption<\/span><span class=\"media-caption__text\">Uma das reivindica\u00e7\u00f5es da popula\u00e7\u00e3o chilena \u00e9 a modifica\u00e7\u00e3o do sistema de pens\u00f5es<\/span><\/figcaption><\/figure>\n<figure class=\"media-landscape has-caption full-width\"><span class=\"image-and-copyright-container\"><img data-recalc-dims=\"1\" loading=\"lazy\" decoding=\"async\" class=\"responsive-image__img js-image-replace\" src=\"https:\/\/i0.wp.com\/ichef.bbci.co.uk\/news\/660\/cpsprodpb\/2F4F\/production\/_109411121_chile-cristobal-venegas04.png?resize=600%2C338&#038;ssl=1\" alt=\"Manifesta\u00e7\u00e3o no Chile\" width=\"600\" height=\"338\" data-highest-encountered-width=\"660\" \/><span class=\"off-screen\">Direito de imagem<\/span><span class=\"story-image-copyright\">CRISTOBAL VENEGAS<\/span><\/span><figcaption class=\"media-caption\"><span class=\"off-screen\">Image caption<\/span><span class=\"media-caption__text\">O setor da sa\u00fade \u00e9 dos mais afetados na situa\u00e7\u00e3o em que o Chile est\u00e1<\/span><\/figcaption><\/figure>\n<figure class=\"media-landscape has-caption full-width\"><span class=\"image-and-copyright-container\"><img data-recalc-dims=\"1\" loading=\"lazy\" decoding=\"async\" class=\"responsive-image__img js-image-replace\" src=\"https:\/\/i0.wp.com\/ichef.bbci.co.uk\/news\/660\/cpsprodpb\/13E03\/production\/_109411418_chile-cristobal-venegas06.png?resize=600%2C338&#038;ssl=1\" alt=\"Manifestante com estilingue\" width=\"600\" height=\"338\" data-highest-encountered-width=\"660\" \/><span class=\"off-screen\">Direito de imagem<\/span><span class=\"story-image-copyright\">CRISTOBAL VENEGAS<\/span><\/span><figcaption class=\"media-caption\"><span class=\"off-screen\">Image caption<\/span><span class=\"media-caption__text\">Os protestos desde a semana passada levaram as autoridades a declarar estado de emerg\u00eancia e toque de recolher em v\u00e1rias \u00e1reas do pa\u00eds<\/span><\/figcaption><\/figure>\n<figure class=\"media-landscape has-caption full-width\"><span class=\"image-and-copyright-container\"><img data-recalc-dims=\"1\" loading=\"lazy\" decoding=\"async\" class=\"responsive-image__img js-image-replace\" src=\"https:\/\/i0.wp.com\/ichef.bbci.co.uk\/news\/660\/cpsprodpb\/13255\/production\/_109412487_gettyimages-1178155052.jpg?resize=600%2C338&#038;ssl=1\" alt=\"Manifesta\u00e7\u00e3o no Chile\" width=\"600\" height=\"338\" data-highest-encountered-width=\"660\" \/><span class=\"off-screen\">Direito de imagem<\/span><span class=\"story-image-copyright\">GETTY IMAGES<\/span><\/span><figcaption class=\"media-caption\"><span class=\"off-screen\">Image caption<\/span><span class=\"media-caption__text\">Muitos acreditam que, entre as mudan\u00e7as necess\u00e1rias, \u00e9 necess\u00e1rio escrever uma nova constitui\u00e7\u00e3o<\/span><\/figcaption><\/figure>\n<p>O Chile est\u00e1 passando por uma onda de protestos que come\u00e7ou na semana passada, depois que o governo anunciou um aumento no custo da passagem do metr\u00f4 de Santiago. Os atos deixam um saldo de pelo menos 19 mortos e centenas de feridos.<\/p>\n<p>Ap\u00f3s fortes mobiliza\u00e7\u00f5es nas ruas, o que levou as autoridades a declarar estado de emerg\u00eancia e toque de recolher em v\u00e1rias \u00e1reas do pa\u00eds, Pi\u00f1era decidiu retirar a medida que, de qualquer forma, n\u00e3o havia servido para encerrar as manifesta\u00e7\u00f5es.<\/p>\n<p>Na \u00faltima ter\u00e7a-feira, Pi\u00f1era anunciou um pacote de medidas sociais que inclu\u00edam o estabelecimento de um sal\u00e1rio m\u00ednimo garantido, entre outras iniciativas, mas que foi considerado insuficiente por seus cr\u00edticos.<\/p>\n<\/aside>\n<\/div>\n","protected":false},"excerpt":{"rendered":"<p>Uma enorme manifesta\u00e7\u00e3o tomou as ruas do centro de Santiago na sexta-feira para protestar contra a desigualdade social no Chile e exigir a implementa\u00e7\u00e3o de reformas sociais profundas.<\/p>\n","protected":false},"author":1,"featured_media":0,"comment_status":"closed","ping_status":"open","sticky":false,"template":"","format":"standard","meta":{"_exactmetrics_skip_tracking":false,"_exactmetrics_sitenote_active":false,"_exactmetrics_sitenote_note":"","_exactmetrics_sitenote_category":0,"jetpack_post_was_ever_published":false,"_jetpack_newsletter_access":"","_jetpack_dont_email_post_to_subs":false,"_jetpack_newsletter_tier_id":0,"_jetpack_memberships_contains_paywalled_content":false,"_jetpack_memberships_contains_paid_content":false,"footnotes":"","jetpack_publicize_message":"","jetpack_publicize_feature_enabled":true,"jetpack_social_post_already_shared":true,"jetpack_social_options":{"image_generator_settings":{"template":"highway","enabled":false},"version":2}},"categories":[1],"tags":[],"class_list":["post-24552","post","type-post","status-publish","format-standard","hentry","category-notas"],"jetpack_publicize_connections":[],"jetpack_sharing_enabled":true,"jetpack_featured_media_url":"","jetpack_shortlink":"https:\/\/wp.me\/p7wKYW-6o0","jetpack-related-posts":[],"_links":{"self":[{"href":"http:\/\/blogdalucianaoliveira.com.br\/blog\/wp-json\/wp\/v2\/posts\/24552","targetHints":{"allow":["GET"]}}],"collection":[{"href":"http:\/\/blogdalucianaoliveira.com.br\/blog\/wp-json\/wp\/v2\/posts"}],"about":[{"href":"http:\/\/blogdalucianaoliveira.com.br\/blog\/wp-json\/wp\/v2\/types\/post"}],"author":[{"embeddable":true,"href":"http:\/\/blogdalucianaoliveira.com.br\/blog\/wp-json\/wp\/v2\/users\/1"}],"replies":[{"embeddable":true,"href":"http:\/\/blogdalucianaoliveira.com.br\/blog\/wp-json\/wp\/v2\/comments?post=24552"}],"version-history":[{"count":1,"href":"http:\/\/blogdalucianaoliveira.com.br\/blog\/wp-json\/wp\/v2\/posts\/24552\/revisions"}],"predecessor-version":[{"id":24553,"href":"http:\/\/blogdalucianaoliveira.com.br\/blog\/wp-json\/wp\/v2\/posts\/24552\/revisions\/24553"}],"wp:attachment":[{"href":"http:\/\/blogdalucianaoliveira.com.br\/blog\/wp-json\/wp\/v2\/media?parent=24552"}],"wp:term":[{"taxonomy":"category","embeddable":true,"href":"http:\/\/blogdalucianaoliveira.com.br\/blog\/wp-json\/wp\/v2\/categories?post=24552"},{"taxonomy":"post_tag","embeddable":true,"href":"http:\/\/blogdalucianaoliveira.com.br\/blog\/wp-json\/wp\/v2\/tags?post=24552"}],"curies":[{"name":"wp","href":"https:\/\/api.w.org\/{rel}","templated":true}]}}