{"id":24557,"date":"2019-10-27T18:42:10","date_gmt":"2019-10-27T22:42:10","guid":{"rendered":"http:\/\/blogdalucianaoliveira.com.br\/blog\/?p=24557"},"modified":"2019-10-27T18:42:10","modified_gmt":"2019-10-27T22:42:10","slug":"ministerio-publico-tem-um-cometa-para-enterrar-na-gente-diz-queiroz-em-audio","status":"publish","type":"post","link":"http:\/\/blogdalucianaoliveira.com.br\/blog\/2019\/10\/27\/ministerio-publico-tem-um-cometa-para-enterrar-na-gente-diz-queiroz-em-audio\/","title":{"rendered":"Minist\u00e9rio P\u00fablico tem um &#8216;cometa para enterrar na gente&#8217;, diz Queiroz em \u00e1udio"},"content":{"rendered":"<p><img data-recalc-dims=\"1\" loading=\"lazy\" decoding=\"async\" data-attachment-id=\"24558\" data-permalink=\"http:\/\/blogdalucianaoliveira.com.br\/blog\/2019\/10\/27\/ministerio-publico-tem-um-cometa-para-enterrar-na-gente-diz-queiroz-em-audio\/6846484a-c9ea-4da0-ab10-32ee86b5d3af\/\" data-orig-file=\"https:\/\/i0.wp.com\/blogdalucianaoliveira.com.br\/blog\/wp-content\/uploads\/2019\/10\/6846484A-C9EA-4DA0-AB10-32EE86B5D3AF.jpeg?fit=768%2C512\" data-orig-size=\"768,512\" data-comments-opened=\"0\" data-image-meta=\"{&quot;aperture&quot;:&quot;0&quot;,&quot;credit&quot;:&quot;&quot;,&quot;camera&quot;:&quot;&quot;,&quot;caption&quot;:&quot;&quot;,&quot;created_timestamp&quot;:&quot;0&quot;,&quot;copyright&quot;:&quot;&quot;,&quot;focal_length&quot;:&quot;0&quot;,&quot;iso&quot;:&quot;0&quot;,&quot;shutter_speed&quot;:&quot;0&quot;,&quot;title&quot;:&quot;&quot;,&quot;orientation&quot;:&quot;0&quot;}\" data-image-title=\"6846484A-C9EA-4DA0-AB10-32EE86B5D3AF\" data-image-description=\"\" data-image-caption=\"\" data-medium-file=\"https:\/\/i0.wp.com\/blogdalucianaoliveira.com.br\/blog\/wp-content\/uploads\/2019\/10\/6846484A-C9EA-4DA0-AB10-32EE86B5D3AF.jpeg?fit=300%2C200\" data-large-file=\"https:\/\/i0.wp.com\/blogdalucianaoliveira.com.br\/blog\/wp-content\/uploads\/2019\/10\/6846484A-C9EA-4DA0-AB10-32EE86B5D3AF.jpeg?fit=600%2C400\" src=\"https:\/\/i0.wp.com\/blogdalucianaoliveira.com.br\/blog\/wp-content\/uploads\/2019\/10\/6846484A-C9EA-4DA0-AB10-32EE86B5D3AF.jpeg?resize=600%2C400\" alt=\"6846484A-C9EA-4DA0-AB10-32EE86B5D3AF\" width=\"600\" height=\"400\" class=\"alignnone size-full wp-image-24558\" srcset=\"https:\/\/i0.wp.com\/blogdalucianaoliveira.com.br\/blog\/wp-content\/uploads\/2019\/10\/6846484A-C9EA-4DA0-AB10-32EE86B5D3AF.jpeg?w=768 768w, https:\/\/i0.wp.com\/blogdalucianaoliveira.com.br\/blog\/wp-content\/uploads\/2019\/10\/6846484A-C9EA-4DA0-AB10-32EE86B5D3AF.jpeg?resize=300%2C200 300w, https:\/\/i0.wp.com\/blogdalucianaoliveira.com.br\/blog\/wp-content\/uploads\/2019\/10\/6846484A-C9EA-4DA0-AB10-32EE86B5D3AF.jpeg?resize=450%2C300 450w\" sizes=\"auto, (max-width: 600px) 100vw, 600px\" \/><\/p>\n<p>Fala de ex-assessor de Fl\u00e1vio Bolsonaro sugere temor das investiga\u00e7\u00f5es na Promotoria no Rio.<!--more--><\/p>\n<p>Ana Luiza Albuquerque<br \/>\nCatia Seabra<br \/>\nItalo Nogueira<br \/>\nFSP<\/p>\n<p>Ex-assessor do senador Fl\u00e1vio Bolsonaro (PSL-RJ), o policial aposentado Fabr\u00edcio Queiroz demonstrou em conversas preocupa\u00e7\u00e3o com a investiga\u00e7\u00e3o do Minist\u00e9rio P\u00fablico do Rio contra os dois e a comparou com um problema &#8220;do tamanho de um cometa&#8221;.<\/p>\n<p>Em \u00e1udios de WhatsApp obtidos pela Folha, ele se diz abandonado e v\u00ea seu grupo pol\u00edtico temeroso, quando poderia estar exercendo sua for\u00e7a pol\u00edtica. \u00c0 dist\u00e2ncia, aponta falhas na condu\u00e7\u00e3o do governo e considera que o presidente Jair Bolsonaro (PSL) deveria usar a estrutura policial contra aqueles que lhe causam dificuldades.<\/p>\n<p>\u201c\u00c9 o que eu falo, o cara l\u00e1 est\u00e1 hiperprotegido. Eu n\u00e3o vejo ningu\u00e9m mover nada para tentar me ajudar a\u00ed. Ver e tal\u2026 \u00c9 s\u00f3 porrada. O MP [Minist\u00e9rio P\u00fablico] t\u00e1 com uma pica do tamanho de um cometa para enterrar na gente. N\u00e3o vi ningu\u00e9m agir\u201d, disse o policial militar aposentado em \u00e1udio de julho deste ano.<\/p>\n<p>N\u00e3o \u00e9 poss\u00edvel determinar a quem ele se refere como protegido. Os \u00e1udios foram enviados por Queiroz a um interlocutor n\u00e3o identificado, por meio do WhatsApp. A fonte que repassou as grava\u00e7\u00f5es \u00e0 reportagem pediu para n\u00e3o ter o nome revelado. <\/p>\n<p>Queiroz \u00e9 piv\u00f4 da investiga\u00e7\u00e3o contra Fl\u00e1vio Bolsonaro conduzida pelo Minist\u00e9rio P\u00fablico do Rio de Janeiro. Os promotores do Gaecc (Grupo de Atua\u00e7\u00e3o ao Combate \u00e0 Corrup\u00e7\u00e3o) investigam as pr\u00e1ticas de lavagem de dinheiro, peculato e organiza\u00e7\u00e3o criminosa no gabinete do filho do presidente Jair Bolsonaro no per\u00edodo em que foi deputado estadual.<\/p>\n<p>Desde que o caso foi revelado, Queiroz teve raras apari\u00e7\u00f5es p\u00fablicas. De acordo com sua defesa, ele est\u00e1 em S\u00e3o Paulo desde dezembro do ano passado para o tratamento de um c\u00e2ncer.<\/p>\n<p>Jair e Fl\u00e1vio Bolsonaro afirmam que n\u00e3o conversam com Queiroz desde que a at\u00edpica movimenta\u00e7\u00e3o financeira do ex-assessor veio \u00e0 tona, no fim de 2018. <\/p>\n<p>Mesmo supostamente distante, o PM aposentado revela tristeza com a situa\u00e7\u00e3o pol\u00edtica dos aliados. \u201cEra para a gente ser a maior for\u00e7a, a gente. Est\u00e1 todo mundo temendo, todo mundo batendo cabe\u00e7a\u201d, disse ele ao interlocutor.<\/p>\n<p>Ele tamb\u00e9m critica a cobertura da imprensa e diz sentir pena do presidente em raz\u00e3o das crises sucessivas do governo, inclusive a causada pela investiga\u00e7\u00e3o contra si.<\/p>\n<p>O procedimento contra Queiroz foi aberto ap\u00f3s o Coaf (Conselho de Controle das Atividades Financeiras) identificar uma movimenta\u00e7\u00e3o de R$ 1,2 milh\u00e3o nas contas do ex-assessor de janeiro de 2016 a janeiro de 2017.<\/p>\n<p>Al\u00e9m do volume movimentado, chamou a aten\u00e7\u00e3o a forma com que as opera\u00e7\u00f5es se davam: dep\u00f3sitos e saques em dinheiro vivo em datas pr\u00f3ximas do pagamento de servidores da Assembleia Legislativa do Rio de Janeiro.<\/p>\n<p>Queiroz afirmou que recebia parte dos valores dos sal\u00e1rios dos colegas de gabinete. Ele diz que usava esse dinheiro para remunerar assessores informais de Fl\u00e1vio, sem o conhecimento do ent\u00e3o deputado. A sua defesa, contudo, nunca apontou os benefici\u00e1rios finais dos valores.<\/p>\n<p>Embora estivesse empregado no gabinete de Fl\u00e1vio entre 2007 e 2018, a origem da rela\u00e7\u00e3o de Queiroz com a fam\u00edlia Bolsonaro \u00e9 o presidente da Rep\u00fablica. Os dois se conhecem desde 1984 e pescavam juntos em Angra dos Reis.<\/p>\n<p>O PM aposentado tamb\u00e9m depositou R$ 24 mil na conta da primeira-dama Michelle Bolsonaro em 2016. O presidente afirma se tratar de parte da quita\u00e7\u00e3o de um empr\u00e9stimo de R$ 40 mil.<\/p>\n<p>A Justi\u00e7a fluminense quebrou os sigilos banc\u00e1rio e fiscal de Queiroz, Fl\u00e1vio e outras 101 pessoas f\u00edsicas e jur\u00eddicas envolvidas com o senador. A investiga\u00e7\u00e3o, contudo, foi paralisada por decis\u00e3o do ministro Dias Toffoli, do STF (Supremo Tribunal Federal), sob alega\u00e7\u00e3o de que o Coaf enviou informa\u00e7\u00f5es financeiras com mais detalhes do que o autorizado pela lei. O caso ser\u00e1 analisado no plen\u00e1rio da corte no m\u00eas que vem.<\/p>\n<p>Na quarta-feira (24), o jornal O Globo divulgou uma grava\u00e7\u00e3o em que o ex-assessor fala sobre cargos que poderiam ser ocupados no Congresso.<\/p>\n<p>&#8220;Tem mais de 500 cargos l\u00e1, cara, na C\u00e2mara, no Senado&#8230; Pode indicar para qualquer comiss\u00e3o, alguma coisa, sem vincular a eles [fam\u00edlia Bolsonaro] em nada. Vinte continho pra gente ca\u00eda bem, pra c&#8230;, ca\u00eda bem pra c&#8230; N\u00e3o precisa vincular a um nome&#8221;, disse Queiroz, em grava\u00e7\u00e3o de abril.<\/p>\n<p>O presidente Jair Bolsonaro classificou a grava\u00e7\u00e3o como &#8220;\u00e1udio bobo&#8221;. Ele tamb\u00e9m afirmou que n\u00e3o tem ci\u00eancia sobre as atividades do amigo: &#8220;O Queiroz cuida da vida dele, eu cuido da minha&#8221;. <\/p>\n<p>Posteriormente, a Folha teve acesso a esse \u00e1udio e conseguiu outras grava\u00e7\u00f5es. <\/p>\n<p>OUTRO LADO<\/p>\n<p>O advogado Paulo Klein, que defende Queiroz, afirmou que seu cliente n\u00e3o teme a investiga\u00e7\u00e3o do Minist\u00e9rio P\u00fablico, como sugere o \u00e1udio.<\/p>\n<p>\u201cEle n\u00e3o tem motivo para estar preocupado porque n\u00e3o cometeu nenhuma ilicitude. O que ele diz \u00e9 uma preocupa\u00e7\u00e3o em decorr\u00eancia da vultosidade do caso, de repercuss\u00e3o nacional. \u00c9 uma linguagem de uma pessoa simples num ambiente informal\u201d, disse Klein.<\/p>\n<p>O defensor afirma ainda que a grava\u00e7\u00e3o corrobora a vers\u00e3o de sua defesa, de que Queiroz permanece distante da fam\u00edlia Bolsonaro desde que o caso se tornou p\u00fablico.<\/p>\n<p>\u201cIsso s\u00f3 mostra que de fato n\u00e3o tem ningu\u00e9m apoiando ele do ponto de vista pol\u00edtico. N\u00e3o existe uma manobra pol\u00edtica como muitos dizem. Ele n\u00e3o tem nenhum apoio pol\u00edtico, nem de ningu\u00e9m a n\u00e3o ser da pr\u00f3pria fam\u00edlia e do advogado\u201d, declarou o advogado.<\/p>\n<p>Em nota, o advogado de Fl\u00e1vio Bolsonaro, Frederick Wassef, afirmou que n\u00e3o pode confirmar a autenticidade do material sem ter tido acesso aos \u00e1udios na \u00edntegra. Ele disse que s\u00f3 poder\u00e1 se manifestar se souber a origem das grava\u00e7\u00f5es, o interlocutor, o contexto e o per\u00edodo em que as afirma\u00e7\u00f5es foram feitas.<\/p>\n<p>&#8220;As informa\u00e7\u00f5es repassadas pela reportagem mostram apenas que o \u00e1udio n\u00e3o cita o senador e nem permite saber a qual procedimento do Minist\u00e9rio P\u00fablico essa pessoa se refere. N\u00e3o se pode associar esse \u00e1udio e seu conte\u00fado ao senador Fl\u00e1vio Bolsonaro.&#8221;<\/p>\n<p>A Presid\u00eancia da Rep\u00fablica afirmou que n\u00e3o comentaria o caso.<\/p>\n<p>QUEST\u00d5ES AINDA SEM RESPOSTA NO CASO QUEIROZ<\/p>\n<p>Quem eram os assessores informais que Queiroz afirma ter remunerado com o sal\u00e1rio de outros funcion\u00e1rios do gabinete de Fl\u00e1vio?<br \/>\nPor que o \u00fanico assessor que prestou depoimento ao Minist\u00e9rio P\u00fablico do Rio de Janeiro n\u00e3o confirmou esta vers\u00e3o de Queiroz?<br \/>\nComo Fl\u00e1vio desconhecia as atividades de um dos seus principais assessores por dez anos?<br \/>\nSe Fl\u00e1vio possui apenas uma empresa que foi aberta em seu nome, em 2015, como ele obteve R$ 4,2 milh\u00f5es para comprar dois im\u00f3veis de 2012 a 2014?<br \/>\nPor qual motivo Jair Bolsonaro emprestou dinheiro a algu\u00e9m que costumava movimentar centenas de milhares de reais?<br \/>\nDe que forma foi feito esse empr\u00e9stimo pelo presidente e onde est\u00e1 o comprovante da transa\u00e7\u00e3o?<br \/>\nOnde est\u00e3o os comprovantes da venda e compra de carros alegadas por Queiroz?<br \/>\nPor que h\u00e1 diverg\u00eancia entre as datas do sinal descrita na escritura de permuta de im\u00f3veis com o atleta F\u00e1bio Guerra e as de dep\u00f3sito em esp\u00e9cie fracionado na conta de Fl\u00e1vio?<br \/>\nINCONSIST\u00caNCIAS NO PEDIDO DO MP-RJ<\/p>\n<p>Pessoas n\u00e3o nomeadas por Fl\u00e1vio Bolsonaro &#8211; H\u00e1 tr\u00eas casos de pessoas sem v\u00ednculo pol\u00edtico com Fl\u00e1vio que foram alvo de quebra de sigilo. Elas estavam nomeadas no gabinete da lideran\u00e7a do PSL na Assembleia Legislativa do Rio de Janeiro quando o senador assumiu o cargo e, em seguida, as demitiu<\/p>\n<p>Remunera\u00e7\u00e3o de Queiroz\u2002- Ao comparar gastos com vencimentos de Fabr\u00edcio Queiroz, o Minist\u00e9rio P\u00fablico considera apenas sal\u00e1rio da Assembleia e ignora remunera\u00e7\u00e3o que ele recebe da Pol\u00edcia Militar<\/p>\n<p>Saques &#8211; H\u00e1 erro na indica\u00e7\u00e3o do volume de saques feitos por Queiroz em dois dos tr\u00eas per\u00edodos apontados<\/p>\n<p>Laranja potencial\u2002- Promotoria atribui ao gabinete de Fl\u00e1vio servidora da TV Alerj que acumulava cargo com outro emprego externo<\/p>\n<p>Patrim\u00f4nio &#8211; Ao falar sobre um neg\u00f3cio que envolve 12 salas comerciais, os promotores do Minist\u00e9rio P\u00fablico do Rio escreveram que Fl\u00e1vio adquiriu os im\u00f3veis por mais de R$ 2,6 milh\u00f5es, quando, na verdade, ele deteve apenas os direitos sobre os im\u00f3veis, que ainda n\u00e3o estavam quitados e continuaram sendo pagos em presta\u00e7\u00f5es por outra empresa que assumiu a d\u00edvida.<\/p>\n","protected":false},"excerpt":{"rendered":"<p>Fala de ex-assessor de Fl\u00e1vio Bolsonaro sugere temor das investiga\u00e7\u00f5es na Promotoria no Rio.<\/p>\n","protected":false},"author":1,"featured_media":0,"comment_status":"closed","ping_status":"open","sticky":false,"template":"","format":"standard","meta":{"_exactmetrics_skip_tracking":false,"_exactmetrics_sitenote_active":false,"_exactmetrics_sitenote_note":"","_exactmetrics_sitenote_category":0,"jetpack_post_was_ever_published":false,"_jetpack_newsletter_access":"","_jetpack_dont_email_post_to_subs":false,"_jetpack_newsletter_tier_id":0,"_jetpack_memberships_contains_paywalled_content":false,"_jetpack_memberships_contains_paid_content":false,"footnotes":"","jetpack_publicize_message":"","jetpack_publicize_feature_enabled":true,"jetpack_social_post_already_shared":true,"jetpack_social_options":{"image_generator_settings":{"template":"highway","enabled":false},"version":2}},"categories":[1],"tags":[],"class_list":["post-24557","post","type-post","status-publish","format-standard","hentry","category-notas"],"jetpack_publicize_connections":[],"jetpack_sharing_enabled":true,"jetpack_featured_media_url":"","jetpack_shortlink":"https:\/\/wp.me\/p7wKYW-6o5","jetpack-related-posts":[],"_links":{"self":[{"href":"http:\/\/blogdalucianaoliveira.com.br\/blog\/wp-json\/wp\/v2\/posts\/24557","targetHints":{"allow":["GET"]}}],"collection":[{"href":"http:\/\/blogdalucianaoliveira.com.br\/blog\/wp-json\/wp\/v2\/posts"}],"about":[{"href":"http:\/\/blogdalucianaoliveira.com.br\/blog\/wp-json\/wp\/v2\/types\/post"}],"author":[{"embeddable":true,"href":"http:\/\/blogdalucianaoliveira.com.br\/blog\/wp-json\/wp\/v2\/users\/1"}],"replies":[{"embeddable":true,"href":"http:\/\/blogdalucianaoliveira.com.br\/blog\/wp-json\/wp\/v2\/comments?post=24557"}],"version-history":[{"count":1,"href":"http:\/\/blogdalucianaoliveira.com.br\/blog\/wp-json\/wp\/v2\/posts\/24557\/revisions"}],"predecessor-version":[{"id":24559,"href":"http:\/\/blogdalucianaoliveira.com.br\/blog\/wp-json\/wp\/v2\/posts\/24557\/revisions\/24559"}],"wp:attachment":[{"href":"http:\/\/blogdalucianaoliveira.com.br\/blog\/wp-json\/wp\/v2\/media?parent=24557"}],"wp:term":[{"taxonomy":"category","embeddable":true,"href":"http:\/\/blogdalucianaoliveira.com.br\/blog\/wp-json\/wp\/v2\/categories?post=24557"},{"taxonomy":"post_tag","embeddable":true,"href":"http:\/\/blogdalucianaoliveira.com.br\/blog\/wp-json\/wp\/v2\/tags?post=24557"}],"curies":[{"name":"wp","href":"https:\/\/api.w.org\/{rel}","templated":true}]}}