{"id":24560,"date":"2019-10-27T22:09:27","date_gmt":"2019-10-28T02:09:27","guid":{"rendered":"http:\/\/blogdalucianaoliveira.com.br\/blog\/?p=24560"},"modified":"2019-10-27T22:09:27","modified_gmt":"2019-10-28T02:09:27","slug":"alberto-fernandez-e-eleito-presidente-da-argentina","status":"publish","type":"post","link":"http:\/\/blogdalucianaoliveira.com.br\/blog\/2019\/10\/27\/alberto-fernandez-e-eleito-presidente-da-argentina\/","title":{"rendered":"Alberto Fern\u00e1ndez \u00e9 eleito presidente da Argentina"},"content":{"rendered":"<p><img data-recalc-dims=\"1\" loading=\"lazy\" decoding=\"async\" data-attachment-id=\"24561\" data-permalink=\"http:\/\/blogdalucianaoliveira.com.br\/blog\/2019\/10\/27\/alberto-fernandez-e-eleito-presidente-da-argentina\/8834a614-3f81-48c8-9b25-2f2bf310f204\/\" data-orig-file=\"https:\/\/i0.wp.com\/blogdalucianaoliveira.com.br\/blog\/wp-content\/uploads\/2019\/10\/8834A614-3F81-48C8-9B25-2F2BF310F204.jpeg?fit=640%2C381\" data-orig-size=\"640,381\" data-comments-opened=\"0\" data-image-meta=\"{&quot;aperture&quot;:&quot;0&quot;,&quot;credit&quot;:&quot;&quot;,&quot;camera&quot;:&quot;&quot;,&quot;caption&quot;:&quot;&quot;,&quot;created_timestamp&quot;:&quot;0&quot;,&quot;copyright&quot;:&quot;&quot;,&quot;focal_length&quot;:&quot;0&quot;,&quot;iso&quot;:&quot;0&quot;,&quot;shutter_speed&quot;:&quot;0&quot;,&quot;title&quot;:&quot;&quot;,&quot;orientation&quot;:&quot;0&quot;}\" data-image-title=\"8834A614-3F81-48C8-9B25-2F2BF310F204\" data-image-description=\"\" data-image-caption=\"\" data-medium-file=\"https:\/\/i0.wp.com\/blogdalucianaoliveira.com.br\/blog\/wp-content\/uploads\/2019\/10\/8834A614-3F81-48C8-9B25-2F2BF310F204.jpeg?fit=300%2C179\" data-large-file=\"https:\/\/i0.wp.com\/blogdalucianaoliveira.com.br\/blog\/wp-content\/uploads\/2019\/10\/8834A614-3F81-48C8-9B25-2F2BF310F204.jpeg?fit=600%2C357\" class=\"alignnone size-full wp-image-24561\" src=\"https:\/\/i0.wp.com\/blogdalucianaoliveira.com.br\/blog\/wp-content\/uploads\/2019\/10\/8834A614-3F81-48C8-9B25-2F2BF310F204.jpeg?resize=600%2C357\" alt=\"8834A614-3F81-48C8-9B25-2F2BF310F204\" width=\"600\" height=\"357\" srcset=\"https:\/\/i0.wp.com\/blogdalucianaoliveira.com.br\/blog\/wp-content\/uploads\/2019\/10\/8834A614-3F81-48C8-9B25-2F2BF310F204.jpeg?w=640 640w, https:\/\/i0.wp.com\/blogdalucianaoliveira.com.br\/blog\/wp-content\/uploads\/2019\/10\/8834A614-3F81-48C8-9B25-2F2BF310F204.jpeg?resize=300%2C179 300w, https:\/\/i0.wp.com\/blogdalucianaoliveira.com.br\/blog\/wp-content\/uploads\/2019\/10\/8834A614-3F81-48C8-9B25-2F2BF310F204.jpeg?resize=504%2C300 504w\" sizes=\"auto, (max-width: 600px) 100vw, 600px\" \/><\/p>\n<p>Candidato Kirchnerista promove a retomada da esquerda no pa\u00eds.<!--more--><\/p>\n<p>Reda\u00e7\u00e3o<br \/>\nBrasil de Fato<\/p>\n<p>A chapa Frente de Todos, de Alberto Fern\u00e1ndez e sua vice Cristina Kirchner, foi eleita\u00a0no primeiro turno, nas elei\u00e7\u00f5es presidenciais da Argentina, realizadas neste domingo (27).<\/p>\n<p>Fern\u00e1ndez teve\u00a047% dos votos derrotando o atual\u00a0presidente argentino\u00a0Mauricio Macri, que alcan\u00e7ou apenas 40% dos votos.<\/p>\n<p>Durante toda a campanha\u00a0o lema de Fern\u00e1ndez foi &#8220;colocar a Argentina novamente de p\u00e9&#8221;. O novo presidente, que assume o cargo no pr\u00f3ximo dia 10 de dezembro, assumir\u00e1 um pa\u00eds que sofre uma de suas piores crises.<\/p>\n<p>A infla\u00e7\u00e3o acumulada, em outubro, alcan\u00e7ou 53,5% e a desigualdade tem batidos n\u00fameros assustadores. Os casos de tuberculose, por exemplo, aumentaram drasticamente\u00a0pela falta de moradia adequada.<\/p>\n<p>Fern\u00e1ndez, 60,\u00a0\u00e9 advogado e\u00a0professor de direito civil e penal na Universidade Federal de Buenos Aires (UFBA) e ter\u00e1 ao seu lado a ex-presidente\u00a0Cristina Kirchner, que governou o pa\u00eds\u00a0entre 2007 e 2015.<\/p>\n<p>A vit\u00f3ria da esquerda foi sinalizada em agosto, durante as elei\u00e7\u00f5es prim\u00e1rias, quando Fern\u00e1ndez obteve mais de 15 pontos percentuais de vantagem contra seu advers\u00e1rio, Mauricio Macri.<\/p>\n<p class=\"ckeditor-img-caption\"><img data-recalc-dims=\"1\" decoding=\"async\" src=\"https:\/\/i0.wp.com\/farm66.staticflickr.com\/65535\/48971532466_e5dda56321_o.png?w=600&#038;ssl=1\" alt=\"\" \/><\/p>\n<p>Reprodu\u00e7\u00e3o (Instagram)<\/p>\n<p>Durante a apura\u00e7\u00e3o, Fern\u00e1ndez publicou uma foto em seu Twitter mostrando a letra &#8216;L&#8221; com as m\u00e3os, s\u00edmbolo do movimento Lula Livre, parabenizando o ex-presidente que completou 74 anos neste domingo (27).\u00a0&#8220;Tamb\u00e9m hoje faz anivers\u00e1rio meu amigo Lula, um homem extraordin\u00e1rio que est\u00e1 preso injustamente h\u00e1 um ano e meio&#8221;, escreveu.<\/p>\n<p>O advogado visitou o ex-presidente na Superintend\u00eancia da Pol\u00edcia Federal, em Curitiba, em agosto desse ano.<\/p>\n<p class=\"editor\">Edi\u00e7\u00e3o: Camila Salmazio<\/p>\n<div class=\"content-footer\"><\/div>\n<p>&nbsp;<\/p>\n","protected":false},"excerpt":{"rendered":"<p>Candidato Kirchnerista promove a retomada da esquerda no pa\u00eds.<\/p>\n","protected":false},"author":1,"featured_media":0,"comment_status":"closed","ping_status":"open","sticky":false,"template":"","format":"standard","meta":{"_exactmetrics_skip_tracking":false,"_exactmetrics_sitenote_active":false,"_exactmetrics_sitenote_note":"","_exactmetrics_sitenote_category":0,"jetpack_post_was_ever_published":false,"_jetpack_newsletter_access":"","_jetpack_dont_email_post_to_subs":false,"_jetpack_newsletter_tier_id":0,"_jetpack_memberships_contains_paywalled_content":false,"_jetpack_memberships_contains_paid_content":false,"footnotes":"","jetpack_publicize_message":"","jetpack_publicize_feature_enabled":true,"jetpack_social_post_already_shared":true,"jetpack_social_options":{"image_generator_settings":{"template":"highway","enabled":false},"version":2}},"categories":[1],"tags":[],"class_list":["post-24560","post","type-post","status-publish","format-standard","hentry","category-notas"],"jetpack_publicize_connections":[],"jetpack_sharing_enabled":true,"jetpack_featured_media_url":"","jetpack_shortlink":"https:\/\/wp.me\/p7wKYW-6o8","jetpack-related-posts":[],"_links":{"self":[{"href":"http:\/\/blogdalucianaoliveira.com.br\/blog\/wp-json\/wp\/v2\/posts\/24560","targetHints":{"allow":["GET"]}}],"collection":[{"href":"http:\/\/blogdalucianaoliveira.com.br\/blog\/wp-json\/wp\/v2\/posts"}],"about":[{"href":"http:\/\/blogdalucianaoliveira.com.br\/blog\/wp-json\/wp\/v2\/types\/post"}],"author":[{"embeddable":true,"href":"http:\/\/blogdalucianaoliveira.com.br\/blog\/wp-json\/wp\/v2\/users\/1"}],"replies":[{"embeddable":true,"href":"http:\/\/blogdalucianaoliveira.com.br\/blog\/wp-json\/wp\/v2\/comments?post=24560"}],"version-history":[{"count":1,"href":"http:\/\/blogdalucianaoliveira.com.br\/blog\/wp-json\/wp\/v2\/posts\/24560\/revisions"}],"predecessor-version":[{"id":24562,"href":"http:\/\/blogdalucianaoliveira.com.br\/blog\/wp-json\/wp\/v2\/posts\/24560\/revisions\/24562"}],"wp:attachment":[{"href":"http:\/\/blogdalucianaoliveira.com.br\/blog\/wp-json\/wp\/v2\/media?parent=24560"}],"wp:term":[{"taxonomy":"category","embeddable":true,"href":"http:\/\/blogdalucianaoliveira.com.br\/blog\/wp-json\/wp\/v2\/categories?post=24560"},{"taxonomy":"post_tag","embeddable":true,"href":"http:\/\/blogdalucianaoliveira.com.br\/blog\/wp-json\/wp\/v2\/tags?post=24560"}],"curies":[{"name":"wp","href":"https:\/\/api.w.org\/{rel}","templated":true}]}}