{"id":24563,"date":"2019-10-28T08:25:21","date_gmt":"2019-10-28T12:25:21","guid":{"rendered":"http:\/\/blogdalucianaoliveira.com.br\/blog\/?p=24563"},"modified":"2019-10-28T08:25:55","modified_gmt":"2019-10-28T12:25:55","slug":"chile-tem-a-terceira-maior-concentracao-de-renda-no-1-mais-rico","status":"publish","type":"post","link":"http:\/\/blogdalucianaoliveira.com.br\/blog\/2019\/10\/28\/chile-tem-a-terceira-maior-concentracao-de-renda-no-1-mais-rico\/","title":{"rendered":"Chile tem a terceira maior concentra\u00e7\u00e3o de renda no 1% mais rico"},"content":{"rendered":"<p><img data-recalc-dims=\"1\" loading=\"lazy\" decoding=\"async\" data-attachment-id=\"24564\" data-permalink=\"http:\/\/blogdalucianaoliveira.com.br\/blog\/2019\/10\/28\/chile-tem-a-terceira-maior-concentracao-de-renda-no-1-mais-rico\/2b5ca665-43fe-40bc-a0ab-363fc588cbb3\/\" data-orig-file=\"https:\/\/i0.wp.com\/blogdalucianaoliveira.com.br\/blog\/wp-content\/uploads\/2019\/10\/2B5CA665-43FE-40BC-A0AB-363FC588CBB3.jpeg?fit=768%2C461\" data-orig-size=\"768,461\" data-comments-opened=\"0\" data-image-meta=\"{&quot;aperture&quot;:&quot;0&quot;,&quot;credit&quot;:&quot;&quot;,&quot;camera&quot;:&quot;&quot;,&quot;caption&quot;:&quot;&quot;,&quot;created_timestamp&quot;:&quot;0&quot;,&quot;copyright&quot;:&quot;&quot;,&quot;focal_length&quot;:&quot;0&quot;,&quot;iso&quot;:&quot;0&quot;,&quot;shutter_speed&quot;:&quot;0&quot;,&quot;title&quot;:&quot;&quot;,&quot;orientation&quot;:&quot;0&quot;}\" data-image-title=\"2B5CA665-43FE-40BC-A0AB-363FC588CBB3\" data-image-description=\"\" data-image-caption=\"\" data-medium-file=\"https:\/\/i0.wp.com\/blogdalucianaoliveira.com.br\/blog\/wp-content\/uploads\/2019\/10\/2B5CA665-43FE-40BC-A0AB-363FC588CBB3.jpeg?fit=300%2C180\" data-large-file=\"https:\/\/i0.wp.com\/blogdalucianaoliveira.com.br\/blog\/wp-content\/uploads\/2019\/10\/2B5CA665-43FE-40BC-A0AB-363FC588CBB3.jpeg?fit=600%2C360\" class=\"alignnone size-full wp-image-24564\" src=\"https:\/\/i0.wp.com\/blogdalucianaoliveira.com.br\/blog\/wp-content\/uploads\/2019\/10\/2B5CA665-43FE-40BC-A0AB-363FC588CBB3.jpeg?resize=600%2C360\" alt=\"2B5CA665-43FE-40BC-A0AB-363FC588CBB3\" width=\"600\" height=\"360\" srcset=\"https:\/\/i0.wp.com\/blogdalucianaoliveira.com.br\/blog\/wp-content\/uploads\/2019\/10\/2B5CA665-43FE-40BC-A0AB-363FC588CBB3.jpeg?w=768 768w, https:\/\/i0.wp.com\/blogdalucianaoliveira.com.br\/blog\/wp-content\/uploads\/2019\/10\/2B5CA665-43FE-40BC-A0AB-363FC588CBB3.jpeg?resize=300%2C180 300w, https:\/\/i0.wp.com\/blogdalucianaoliveira.com.br\/blog\/wp-content\/uploads\/2019\/10\/2B5CA665-43FE-40BC-A0AB-363FC588CBB3.jpeg?resize=500%2C300 500w\" sizes=\"auto, (max-width: 600px) 100vw, 600px\" \/><\/p>\n<p>Inaugurador do neoliberalismo, pa\u00eds n\u00e3o foi refundado ap\u00f3s ditadura Pinochet, segundo soci\u00f3logo Boaventura de Souza.<!--more--><\/p>\n<p>Na Carta Capital<br \/>\nO 1% mais rico da popula\u00e7\u00e3o do Chile abocanha 24% da gera\u00e7\u00e3o anual de riquezas (PIB) do pa\u00eds. \u00c9 a terceira maior concentra\u00e7\u00e3o mundial de renda no topo da pir\u00e2mide, segundo um relat\u00f3rio anual sobre desigualdades globais produzido por um instituto de pesquisas franc\u00eas, a Escola de Economia de Paris. S\u00f3 menor do que no Catar (29%) e no Brasil (28%).<\/p>\n<p>De modo geral, sem considerar apenas o 1% mais endinheirado, o Chile era o 15o mais desigual em 2017, conforme o Relat\u00f3rio de Desenvolvimento Humano, pesquisa peri\u00f3dica de uma das ag\u00eancias Na\u00e7\u00f5es Unidas, o PNUD. Nesse relat\u00f3rio, o Brasil era o 10o mais desigual.<\/p>\n<p>A desigualdade extrema \u00e9 uma das raz\u00f5es da convuls\u00e3o social que explodiu nos \u00faltimos dias no Chile, governado por um dos dez homens mais ricos do pa\u00eds, o empres\u00e1rio neoliberal Sebasti\u00e1n Pi\u00f1era. \u00c9 heran\u00e7a da pol\u00edtica econ\u00f4mica neoliberal adotada na ditadura de Augusto Pinochet (1973 a 1990), at\u00e9 hoje a moldar o pa\u00eds e as condi\u00e7\u00f5es de vida dos 18 milh\u00f5es de chilenos.<\/p>\n<p>\u201cVenderam aos [empres\u00e1rios] privados nossa \u00e1gua, luz, g\u00e1s, educa\u00e7\u00e3o, sa\u00fade, aposentadoria, medicamentos, nossos caminhos, bosques, o salar de Atacama, as geleiras, o transporte. Algo mais? N\u00e3o ser\u00e1 muito. N\u00e3o queremos um Chile de alguns poucos. Queremos um Chile de todos. Basta.\u201d Palavras escritas em 19 de outubro no Twitter por um chileno rico, Claudio Bravo Mu\u00f1oz, goleiro da sele\u00e7\u00e3o e do time ingl\u00eas Manchester City.<\/p>\n<p>A sa\u00edda de cena de Pinochet n\u00e3o significou a refunda\u00e7\u00e3o do pa\u00eds. No Brasil, uma nova Constitui\u00e7\u00e3o nasceu, em 1988, ap\u00f3s o fim do regime militar, em 1985. No Chile, \u201co Estado \u00e9 o mesmo, a Constitui\u00e7\u00e3o de Pinochet foi emendada depois da ditadura, n\u00e3o foi substitu\u00edda por outra\u201d, explicou o soci\u00f3logo portugu\u00eas Boaventura de Souza Santos, em um debate em Bras\u00edlia em 24 de outubro.<\/p>\n<p>Isso significa que as bases de funcionamento econ\u00f4mico do Chile continuam as mesmas, ainda que pol\u00edticos progressistas tenham chegado ao poder, caso da socialista Michele Bachellet, presidente por duas vezes, de 2006 a 2010 e de 2014 a 2018, em ambas sucedida por Pi\u00f1era.<\/p>\n<p>Boaventura comentou que o Chile \u201cera um grande pa\u00eds modelo at\u00e9 a semana passada, um o\u00e1sis\u201d. Da Fran\u00e7a, onde \u00e9 diretor de estudos sobre Am\u00e9rica Latina no Instituto de Estudos Pol\u00edticos de Paris (Scienses Po), o cientista pol\u00edtico Gaspard Estrada espanta-se. \u201cO que acontece no Chile \u00e9 totalmente inesperado, at\u00e9 in\u00e9dito. Era visto por todo mundo com um pa\u00eds tranquilo\u201d, diz.<\/p>\n<p>No debate em que apresentou seu novo livro, Esquerdas do mundo, uni-vos, Boaventura lembrou que \u201co vosso ministro das Finan\u00e7as [Paulo Guedes]\u201d quer um Estado chileno-pinochetista no Brasil. O menor poss\u00edvel, com o m\u00e1ximo de servi\u00e7os e setores privatizados.<\/p>\n<p>Pinochet assumiu o poder ao dar um golpe no presidente socialista Salvador Allende, em 1973, e privatizou o que podia, vide o tu\u00edte do goleiro Bravo Mu\u00f1oz. Uma das exce\u00e7\u00f5es foi a produ\u00e7\u00e3o de cobre, base da economia local. \u00c9 o maior produtor mundial do min\u00e9rio, com cerca de um ter\u00e7o do mercado. Tudo nas m\u00e3os da Corpora\u00e7\u00e3o Nacional de Cobre do Chile, a Codelco, que \u00e9 estatal.<\/p>\n<p>A depend\u00eancia econ\u00f4mica de uma mat\u00e9ria-prima \u00e9 uma das causas da desigualdade e das m\u00e1s condi\u00e7\u00f5es de vida dos chilenos, conforme o economista Paulo Gala, da Funda\u00e7\u00e3o Get\u00falio Vargas de S\u00e3o Paulo. \u201cO Chile \u00e9 desigual pois tem um sistema produtivo ruim, com baixa complexidade e pouca sofistica\u00e7\u00e3o. Faltam oportunidades, faltam bons empregos e faltam bons sal\u00e1rios: n\u00e3o tem nem empresas nem produtos para gerar essas oportunidades\u201d, escreveu em seu blog.<\/p>\n<p>Sem bons sal\u00e1rios, os servi\u00e7os p\u00fablicos privados pesam no bolso da popula\u00e7\u00e3o. O estopim dos protestos foi o aumento, j\u00e1 revogado, do pre\u00e7o do metr\u00f4. Subiria de 800 pesos chilenos, o equivalente a 4,40 reais, para 830 pesos, 4,60 reais. Tarifa parecida com a do metr\u00f4 de S\u00e3o Paulo e do Rio. E bem diferente de Buenos Aires. O metr\u00f4 portenho custa 18 pesos argentinos, ou 1,2 real.<\/p>\n<div id=\"attachment_97755\" class=\"wp-caption aligncenter\">\n<p><img data-recalc-dims=\"1\" loading=\"lazy\" decoding=\"async\" class=\"wp-image-97755 size-large\" src=\"https:\/\/i0.wp.com\/www.cartacapital.com.br\/wp-content\/uploads\/2019\/10\/chile-1024x613.png?resize=600%2C359&#038;ssl=1\" sizes=\"auto, (max-width: 1024px) 100vw, 1024px\" srcset=\"https:\/\/www.cartacapital.com.br\/wp-content\/uploads\/2019\/10\/chile-1024x613.png 1024w, https:\/\/www.cartacapital.com.br\/wp-content\/uploads\/2019\/10\/chile-300x180.png 300w, https:\/\/www.cartacapital.com.br\/wp-content\/uploads\/2019\/10\/chile-768x460.png 768w, https:\/\/www.cartacapital.com.br\/wp-content\/uploads\/2019\/10\/chile-1200x719.png 1200w, https:\/\/www.cartacapital.com.br\/wp-content\/uploads\/2019\/10\/chile.png 1202w\" alt=\"\" width=\"600\" height=\"359\" \/><\/p>\n<p class=\"wp-caption-text\">PRESIDENTE CHILENO SEBASTI\u00c1N PI\u00d1ERA.<br \/>\nFOTO: HO \/ CHILEAN PRESIDENCY \/ AFP<\/p>\n<\/div>\n<p>A pol\u00edtica econ\u00f4mica dos <em>Chicago Boys<\/em>na ditadura Pinochet inaugurou a era neoliberal no mundo, a qual ganharia impulso com a chegada ao poder de Margareth Thatcher na Inglaterra, em 1979, e de Reagan nos Estados Unidos, em 1980.<\/p>\n<p>Uma pol\u00edtica econ\u00f4mica t\u00e3o impopular e sacrificante da popula\u00e7\u00e3o, que exige m\u00e3o de ferro para ser implantada, como em \u00e9pocas de crises ou a partir de golpes. \u00c9 o que diz a canadense Naomi Klein no livrou \u201cDoutrina do Choque\u201d, de 2007.<\/p>\n<p>Algo parecido est\u00e1 em curso no Brasil no governo Jair Bolsonaro, na vis\u00e3o do economista brasileiro Alfredo Saad Filho, professor na Universidade de Londres. Segundo ele, o neoliberalismo vive hoje uma fase \u201cautorit\u00e1ria\u201d, devido \u00e0 brutal concentra\u00e7\u00e3o de renda produzida nos \u00faltimos 40 anos (p\u00f3s-Pinochet, Thatcher e Reagan), e agora precisa de l\u00edderes autorit\u00e1rios para sobreviver e avan\u00e7ar.<\/p>\n<p>Paulo Guedes, diz Saad Filho, \u00e9 dono de um \u201cautoritarismo econ\u00f4mico e de \u2018mercado\u2019\u201d. Para a delega\u00e7\u00e3o ao \u201cmercado\u201d dar certo, segue o professor, \u201c\u00e9 preciso autoritarismo politico: sem repress\u00e3o, o \u2018mercado\u2019 n\u00e3o funciona\u201d. Eis o papel de Bolsonaro: encarnar o l\u00edder autorit\u00e1rio. O Chile foi o primeiro pa\u00eds sul-americano visitado pelo ex-capit\u00e3o depois da posse.<\/p>\n<p>Guedes bebeu nas fontes pinochetistas em sua carreira, conforme descrito em outubro de 2018 por uma reportagem feita no Chile para o jornal espanhol El Pa\u00eds, embora esses detalhes de seu passado n\u00e3o seja muito conhecido no Brasil. \u201cEm seus estudos de p\u00f3s-gradua\u00e7\u00e3o na Universidade de Chicago, onde o homem-forte era Milton Friedman, pai intelectual dos Chicago Boys, Guedes estreitou la\u00e7os com v\u00e1rios estudantes chilenos que depois viriam a ter pap\u00e9is relevantes no regime militar <em>[de Pinochet]<\/em>\u201d, narra a reportagem.<\/p>\n<p>Um dos colaboradores de Pinochet de quem Guedes se aproximou foi o diretor de Or\u00e7amento da ditadura chilena, Jorge Selume Zaror. Este comandou a Faculdade de Economia e Neg\u00f3cios da Universidade do Chile no in\u00edcio dos anos 1980 e convidou Guedes para trabalhar como pesquisador e acad\u00eamico.<\/p>\n<p>A privatiza\u00e7\u00e3o do sistema de previd\u00eancia do Chile aconteceu nessa \u00e9poca, quando Guedes vivia e trabalhava por l\u00e1, conforme o <em>El Pa\u00eds<\/em>. Quem comandou a reforma foi Jorge Pi\u00f1era, irm\u00e3o do atual presidente chileno. Na reforma da Previd\u00eancia rec\u00e9m aprovada por aqui, Guedes queria privatizar o sistema como foi feito no Chile, com a cria\u00e7\u00e3o do regime de capitaliza\u00e7\u00e3o, mas o Congresso barrou.<\/p>\n<p>Em junho, a presidente da associa\u00e7\u00e3o dos aposentados chilenos, Cristina Tapia Poblete, esteve no Brasil e participou de um debate na C\u00e2mara. Deu um testemunho pessoal sobre o que \u00e9 viver em um pa\u00eds com aposentadoria em regime de capitaliza\u00e7\u00e3o.<\/p>\n<p>Trabalhou dos 20 aos 66 anos e ent\u00e3o se aposentou pela Universidade do Chile. Na ativa, ganhava o suficiente para sentir-se da classe m\u00e9dia. Agora vive com um ter\u00e7o do sal\u00e1rio e a sensa\u00e7\u00e3o de ter empobrecido. Em seu pa\u00eds, as aposentadas recebem em m\u00e9dia 28% do holerite de quando ralavam. Os homens, 35%. \u201cUma pol\u00edtica p\u00fablica n\u00e3o pode mudar assim o n\u00edvel de vida das pessoas, \u00e9 uma queda muito dr\u00e1stica\u201d, disse Cristina.<\/p>\n<p>Para debelar a convuls\u00e3o social no Chile, Sebasti\u00e1n Pi\u00f1era anunciou um pacote de medidas. Entras elas, mudan\u00e7as no sistema de Previd\u00eancia.<\/p>\n<p>&nbsp;<\/p>\n<p>&nbsp;<\/p>\n","protected":false},"excerpt":{"rendered":"<p>Inaugurador do neoliberalismo, pa\u00eds n\u00e3o foi refundado ap\u00f3s ditadura Pinochet, segundo soci\u00f3logo Boaventura de Souza.<\/p>\n","protected":false},"author":1,"featured_media":0,"comment_status":"closed","ping_status":"open","sticky":false,"template":"","format":"standard","meta":{"_exactmetrics_skip_tracking":false,"_exactmetrics_sitenote_active":false,"_exactmetrics_sitenote_note":"","_exactmetrics_sitenote_category":0,"jetpack_post_was_ever_published":false,"_jetpack_newsletter_access":"","_jetpack_dont_email_post_to_subs":false,"_jetpack_newsletter_tier_id":0,"_jetpack_memberships_contains_paywalled_content":false,"_jetpack_memberships_contains_paid_content":false,"footnotes":"","jetpack_publicize_message":"","jetpack_publicize_feature_enabled":true,"jetpack_social_post_already_shared":true,"jetpack_social_options":{"image_generator_settings":{"template":"highway","enabled":false},"version":2}},"categories":[1],"tags":[],"class_list":["post-24563","post","type-post","status-publish","format-standard","hentry","category-notas"],"jetpack_publicize_connections":[],"jetpack_sharing_enabled":true,"jetpack_featured_media_url":"","jetpack_shortlink":"https:\/\/wp.me\/p7wKYW-6ob","jetpack-related-posts":[],"_links":{"self":[{"href":"http:\/\/blogdalucianaoliveira.com.br\/blog\/wp-json\/wp\/v2\/posts\/24563","targetHints":{"allow":["GET"]}}],"collection":[{"href":"http:\/\/blogdalucianaoliveira.com.br\/blog\/wp-json\/wp\/v2\/posts"}],"about":[{"href":"http:\/\/blogdalucianaoliveira.com.br\/blog\/wp-json\/wp\/v2\/types\/post"}],"author":[{"embeddable":true,"href":"http:\/\/blogdalucianaoliveira.com.br\/blog\/wp-json\/wp\/v2\/users\/1"}],"replies":[{"embeddable":true,"href":"http:\/\/blogdalucianaoliveira.com.br\/blog\/wp-json\/wp\/v2\/comments?post=24563"}],"version-history":[{"count":2,"href":"http:\/\/blogdalucianaoliveira.com.br\/blog\/wp-json\/wp\/v2\/posts\/24563\/revisions"}],"predecessor-version":[{"id":24566,"href":"http:\/\/blogdalucianaoliveira.com.br\/blog\/wp-json\/wp\/v2\/posts\/24563\/revisions\/24566"}],"wp:attachment":[{"href":"http:\/\/blogdalucianaoliveira.com.br\/blog\/wp-json\/wp\/v2\/media?parent=24563"}],"wp:term":[{"taxonomy":"category","embeddable":true,"href":"http:\/\/blogdalucianaoliveira.com.br\/blog\/wp-json\/wp\/v2\/categories?post=24563"},{"taxonomy":"post_tag","embeddable":true,"href":"http:\/\/blogdalucianaoliveira.com.br\/blog\/wp-json\/wp\/v2\/tags?post=24563"}],"curies":[{"name":"wp","href":"https:\/\/api.w.org\/{rel}","templated":true}]}}