{"id":24567,"date":"2019-10-28T08:30:49","date_gmt":"2019-10-28T12:30:49","guid":{"rendered":"http:\/\/blogdalucianaoliveira.com.br\/blog\/?p=24567"},"modified":"2019-10-28T08:30:49","modified_gmt":"2019-10-28T12:30:49","slug":"bogota-elege-claudia-lopez-prefeita-primeira-mulher-a-comandar-a-capital-da-colombia","status":"publish","type":"post","link":"http:\/\/blogdalucianaoliveira.com.br\/blog\/2019\/10\/28\/bogota-elege-claudia-lopez-prefeita-primeira-mulher-a-comandar-a-capital-da-colombia\/","title":{"rendered":"Bogot\u00e1 elege Claudia L\u00f3pez prefeita, primeira mulher a comandar a capital da Col\u00f4mbia"},"content":{"rendered":"<p><img data-recalc-dims=\"1\" loading=\"lazy\" decoding=\"async\" data-attachment-id=\"24568\" data-permalink=\"http:\/\/blogdalucianaoliveira.com.br\/blog\/2019\/10\/28\/bogota-elege-claudia-lopez-prefeita-primeira-mulher-a-comandar-a-capital-da-colombia\/c21acbaa-7c29-403d-a7c6-4faa725bc702\/\" data-orig-file=\"https:\/\/i0.wp.com\/blogdalucianaoliveira.com.br\/blog\/wp-content\/uploads\/2019\/10\/C21ACBAA-7C29-403D-A7C6-4FAA725BC702.jpeg?fit=640%2C397\" data-orig-size=\"640,397\" data-comments-opened=\"0\" data-image-meta=\"{&quot;aperture&quot;:&quot;0&quot;,&quot;credit&quot;:&quot;&quot;,&quot;camera&quot;:&quot;&quot;,&quot;caption&quot;:&quot;&quot;,&quot;created_timestamp&quot;:&quot;0&quot;,&quot;copyright&quot;:&quot;&quot;,&quot;focal_length&quot;:&quot;0&quot;,&quot;iso&quot;:&quot;0&quot;,&quot;shutter_speed&quot;:&quot;0&quot;,&quot;title&quot;:&quot;&quot;,&quot;orientation&quot;:&quot;0&quot;}\" data-image-title=\"C21ACBAA-7C29-403D-A7C6-4FAA725BC702\" data-image-description=\"\" data-image-caption=\"\" data-medium-file=\"https:\/\/i0.wp.com\/blogdalucianaoliveira.com.br\/blog\/wp-content\/uploads\/2019\/10\/C21ACBAA-7C29-403D-A7C6-4FAA725BC702.jpeg?fit=300%2C186\" data-large-file=\"https:\/\/i0.wp.com\/blogdalucianaoliveira.com.br\/blog\/wp-content\/uploads\/2019\/10\/C21ACBAA-7C29-403D-A7C6-4FAA725BC702.jpeg?fit=600%2C372\" class=\"alignnone size-full wp-image-24568\" src=\"https:\/\/i0.wp.com\/blogdalucianaoliveira.com.br\/blog\/wp-content\/uploads\/2019\/10\/C21ACBAA-7C29-403D-A7C6-4FAA725BC702.jpeg?resize=600%2C372\" alt=\"C21ACBAA-7C29-403D-A7C6-4FAA725BC702\" width=\"600\" height=\"372\" srcset=\"https:\/\/i0.wp.com\/blogdalucianaoliveira.com.br\/blog\/wp-content\/uploads\/2019\/10\/C21ACBAA-7C29-403D-A7C6-4FAA725BC702.jpeg?w=640 640w, https:\/\/i0.wp.com\/blogdalucianaoliveira.com.br\/blog\/wp-content\/uploads\/2019\/10\/C21ACBAA-7C29-403D-A7C6-4FAA725BC702.jpeg?resize=300%2C186 300w, https:\/\/i0.wp.com\/blogdalucianaoliveira.com.br\/blog\/wp-content\/uploads\/2019\/10\/C21ACBAA-7C29-403D-A7C6-4FAA725BC702.jpeg?resize=484%2C300 484w\" sizes=\"auto, (max-width: 600px) 100vw, 600px\" \/><\/p>\n<p>L\u00e9sbica, ex-senadora e ex-candidata a vice pela Alian\u00e7a Verde faz hist\u00f3ria ao ser eleita prefeita da capital. Elei\u00e7\u00f5es locais selam um marco em Bogot\u00e1 e Medell\u00edn e causam um duro golpe ao uribismo.<!--more--><\/p>\n<p>No El Pa\u00eds<\/p>\n<p>A ex-senadora Claudia L\u00f3pez, da Alian\u00e7a Verde, fez hist\u00f3ria neste domingo ao ser eleita a primeira prefeita de Bogot\u00e1, capital da Col\u00f4mbia. A prefeita eleita denunciou em meados da \u00faltima d\u00e9cada o conluio entre pol\u00edtica, narcotr\u00e1fico e paramilitares, provavelmente \u00e9 a representante p\u00fablica que mais recentemente defendeu a luta contra a corrup\u00e7\u00e3o, e agora saiu vitoriosa das urnas ao derrotar Carlos Fernando Gal\u00e1n, filho do candidato presidencial assassinado em 1989. Ex-senadora, assumidamente l\u00e9sbica, forte defensora do processo de paz com as FARC, L\u00f3pez ocupar\u00e1 o segundo lugar em relev\u00e2ncia pol\u00edtica em um pa\u00eds conservador e principalmente cat\u00f3lico. A vit\u00f3ria de Claudia L\u00f3pez e os resultados, de modo geral, das elei\u00e7\u00f5es locais colombianas confirmaram um duro golpe ao uribismo.<\/p>\n<p>Daniel Quintero, candidato independente, foi eleito com ampla vantagem em Medell\u00edn, a segunda cidade da Col\u00f4mbia. Foi uma das surpresas das elei\u00e7\u00f5es locais do pa\u00eds que hoje renovou os governos de mais de 1.100 prefeituras e os 32 departamentos, pela primeira vez em paz. A vit\u00f3ria de Quintero tem uma leitura que vai al\u00e9m do gabinete do prefeito, porque representa uma dura derrota para o Centro Democr\u00e1tico, na terra do ex-presidente \u00c1lvaro Uribe. O partido do Governo, que h\u00e1 um ano e meio recorreu ao atual presidente Iv\u00e1n Duque, tamb\u00e9m n\u00e3o governa o departamento de Antioquia, um dos basti\u00f5es do uribismo. &#8220;Perdemos, reconhe\u00e7o a derrota com humildade. A luta pela democracia n\u00e3o tem fim&#8221;, disse o ex-presidente quando soube dos resultados.<\/p>\n<p>O partido nascido do ex-guerrilheiro, a For\u00e7a Alternativa Revolucion\u00e1ria do Comum, tem uma aceita\u00e7\u00e3o social quase nula, mas o ex-combatente Juli\u00e1n Conrado, conhecido como &#8220;o cantor das FARC&#8221;, conquistou a prefeitura de Turbaco, em Bol\u00edvar, munic\u00edpio de cerca de 70.000 habitantes perto de Cartagena das \u00cdndias. As elei\u00e7\u00f5es tamb\u00e9m s\u00e3o as primeiras a serem realizados ap\u00f3s a assinatura dos acordos entre o Estado e o grupo insurgente. Isso n\u00e3o significa que a campanha n\u00e3o tenha sido abalada pela viol\u00eancia, que se tornou um fen\u00f4meno contra candidatos,  representantes de partidos e l\u00edderes sociais. Houve &#8220;230 registros entre amea\u00e7as, homic\u00eddios e sequestros&#8221;, lembra Ariel \u00c1vila, vice-diretor da Funda\u00e7\u00e3o de Paz e Reconcilia\u00e7\u00e3o.<\/p>\n<p>Os primeiros resultados confirmam, em geral, a eros\u00e3o das forma\u00e7\u00f5es e lideran\u00e7as nacionais em favor de plataformas locais, coaliz\u00f5es e fam\u00edlias pol\u00edticas locais, como no caso de Barranquilla. Essa luta entre poder nacional e local marcar\u00e1, em qualquer caso, o primeiro passo na corrida para as elei\u00e7\u00f5es presidenciais de 2022. Duque, que chegou \u00e0 presid\u00eancia gra\u00e7as ao impulso de Uribe e \u00e0 alta polariza\u00e7\u00e3o com seu oponente, o senador Gustavo Petro, garantiu v\u00e1rias vezes e continua afirmando que n\u00e3o pretende revalidar a posi\u00e7\u00e3o.<\/p>\n","protected":false},"excerpt":{"rendered":"<p>L\u00e9sbica, ex-senadora e ex-candidata a vice pela Alian\u00e7a Verde faz hist\u00f3ria ao ser eleita prefeita da capital. Elei\u00e7\u00f5es locais selam um marco em Bogot\u00e1 e Medell\u00edn e causam um duro golpe ao uribismo.<\/p>\n","protected":false},"author":1,"featured_media":0,"comment_status":"closed","ping_status":"open","sticky":false,"template":"","format":"standard","meta":{"_exactmetrics_skip_tracking":false,"_exactmetrics_sitenote_active":false,"_exactmetrics_sitenote_note":"","_exactmetrics_sitenote_category":0,"jetpack_post_was_ever_published":false,"_jetpack_newsletter_access":"","_jetpack_dont_email_post_to_subs":false,"_jetpack_newsletter_tier_id":0,"_jetpack_memberships_contains_paywalled_content":false,"_jetpack_memberships_contains_paid_content":false,"footnotes":"","jetpack_publicize_message":"","jetpack_publicize_feature_enabled":true,"jetpack_social_post_already_shared":true,"jetpack_social_options":{"image_generator_settings":{"template":"highway","enabled":false},"version":2}},"categories":[1],"tags":[],"class_list":["post-24567","post","type-post","status-publish","format-standard","hentry","category-notas"],"jetpack_publicize_connections":[],"jetpack_sharing_enabled":true,"jetpack_featured_media_url":"","jetpack_shortlink":"https:\/\/wp.me\/p7wKYW-6of","jetpack-related-posts":[],"_links":{"self":[{"href":"http:\/\/blogdalucianaoliveira.com.br\/blog\/wp-json\/wp\/v2\/posts\/24567","targetHints":{"allow":["GET"]}}],"collection":[{"href":"http:\/\/blogdalucianaoliveira.com.br\/blog\/wp-json\/wp\/v2\/posts"}],"about":[{"href":"http:\/\/blogdalucianaoliveira.com.br\/blog\/wp-json\/wp\/v2\/types\/post"}],"author":[{"embeddable":true,"href":"http:\/\/blogdalucianaoliveira.com.br\/blog\/wp-json\/wp\/v2\/users\/1"}],"replies":[{"embeddable":true,"href":"http:\/\/blogdalucianaoliveira.com.br\/blog\/wp-json\/wp\/v2\/comments?post=24567"}],"version-history":[{"count":1,"href":"http:\/\/blogdalucianaoliveira.com.br\/blog\/wp-json\/wp\/v2\/posts\/24567\/revisions"}],"predecessor-version":[{"id":24569,"href":"http:\/\/blogdalucianaoliveira.com.br\/blog\/wp-json\/wp\/v2\/posts\/24567\/revisions\/24569"}],"wp:attachment":[{"href":"http:\/\/blogdalucianaoliveira.com.br\/blog\/wp-json\/wp\/v2\/media?parent=24567"}],"wp:term":[{"taxonomy":"category","embeddable":true,"href":"http:\/\/blogdalucianaoliveira.com.br\/blog\/wp-json\/wp\/v2\/categories?post=24567"},{"taxonomy":"post_tag","embeddable":true,"href":"http:\/\/blogdalucianaoliveira.com.br\/blog\/wp-json\/wp\/v2\/tags?post=24567"}],"curies":[{"name":"wp","href":"https:\/\/api.w.org\/{rel}","templated":true}]}}