{"id":24570,"date":"2019-10-28T11:04:28","date_gmt":"2019-10-28T15:04:28","guid":{"rendered":"http:\/\/blogdalucianaoliveira.com.br\/blog\/?p=24570"},"modified":"2019-10-28T11:04:28","modified_gmt":"2019-10-28T15:04:28","slug":"pepe-mujica-e-eleito-senador-no-uruguai","status":"publish","type":"post","link":"http:\/\/blogdalucianaoliveira.com.br\/blog\/2019\/10\/28\/pepe-mujica-e-eleito-senador-no-uruguai\/","title":{"rendered":"Pepe Mujica \u00e9 eleito senador no Uruguai"},"content":{"rendered":"<p><img data-recalc-dims=\"1\" decoding=\"async\" src=\"https:\/\/i0.wp.com\/imagens.ebc.com.br\/daRn-ef9E2fDQiY0YeXp9bRATH0%3D\/1140x760\/smart\/http%3A\/\/agenciabrasil.ebc.com.br\/sites\/default\/files\/atoms\/image\/923900-brics_14.jpg?w=600\" alt=\"O Presidente do Uruguai, Jos\u00e9 Mujica ap\u00f3s a segunda sess\u00e3o de trabalho da reuni\u00e3o do BRICS (Jos\u00e9 Cruz\/Ag\u00eancia Brasil)\" \/><\/p>\n<p><em>Ap\u00f3s votar, Mujica disse que deve voltar \u00e0s ruas\u00a0para fazer campanha para Mart\u00ednez, na disputa do segundo turno. A coaliz\u00e3o da qual Mujica e Mart\u00ednez fazem parte est\u00e1 h\u00e1 15 anos no poder.<\/em><!--more--><\/p>\n<div class=\"newsCredits\">\n<p>Por\u00a0<span class=\"txtInternacional\">Marieta Cazarr\u00e9 &#8211; Rep\u00f3rter da Ag\u00eancia Brasil\u00a0<span class=\"newsLocation\">\u00a0Montevid\u00e9u<\/span><\/span><\/p>\n<\/div>\n<div class=\"cmp3AdBanners pull-right hidden-print\"><\/div>\n<p>O ex-presidente do Uruguai, Jos\u00e9 Mujica, mais conhecido como Pepe Mujica, foi eleito senador. Ele havia renunciado ao cargo no Senado ano passado, quando justificou que &#8220;estava cansado da longa viagem&#8221; e se afastaria &#8220;antes de morrer de velho&#8221;.<\/p>\n<p>Nas elei\u00e7\u00f5es gerais no Uruguai, ocorridas ontem (27),\u00a0os cidad\u00e3os votaram para presidente e vice, deputados e senadores.<\/p>\n<p>Ao decidir voltar para a pol\u00edtica, Mujica decidiu se candidatar pelo Movimiento de Participaci\u00f3n Popular (MPP), que faz parte da coaliz\u00e3o de esquerda Frente Ampla. O partido vai disputar a presid\u00eancia em segundo turno, tendo \u00e0 frente o candidato Daniel Mart\u00ednez.<\/p>\n<p>Ap\u00f3s votar, Mujica disse que deve voltar \u00e0s ruas\u00a0para fazer campanha para Mart\u00ednez, na disputa do segundo turno. A coaliz\u00e3o da qual Mujica e Mart\u00ednez fazem parte est\u00e1 h\u00e1 15 anos no poder.<\/p>\n<p>Daniel Mart\u00ednez enfrentar\u00e1 Luis Lacalle Pou, candidato de direita pelo Partido Nacional. No primeiro turno, Mart\u00ednez obteve 38,6% dos votos, enquanto Lacalle Pou obteve 28,2%.<\/p>\n<p>Os candidatos que ficaram em terceiro e quarto lugar nas vota\u00e7\u00f5es, Ernesto Talvi (Partido Colorado) e Guido Man\u00edni R\u00edos (Partido Cabildo Abierto), receberam, respectivamente, 12,1% e 10,7% dos votos. Ambos anunciaram que apoiar\u00e3o Lacalle Pou no segundo turno.<\/p>\n<h2>Congresso<\/h2>\n<p>O Uruguai tem 19 departamentos. A vota\u00e7\u00e3o de\u00a0ontem\u00a0deixou clara a polariza\u00e7\u00e3o no pa\u00eds. A Frente Ampla, coaliz\u00e3o de esquerda, obteve maioria em 9 departamentos, enquanto o Partido Nacional, de direita, tamb\u00e9m venceu em 9. O Partido Colorado obteve maioria em 1 departamento.<\/p>\n<p>Com essa divis\u00e3o, nenhum partido conseguir\u00e1 a maioria parlamentar no pr\u00f3ximo governo e\u00a0ter\u00e3o de negociar a aprova\u00e7\u00e3o das leis. Foram renovados 30 assentos no Senado e 99 na C\u00e2mara.<\/p>\n<p>A Frente Ampla elegeu 13 senadores e 41 deputados. O Partido Nacional elegeu 10 senadores e 31 deputados. O Partido Colorado conquistou 4 vagas para o Senado e 13 para a C\u00e2mara. O partido Cabildo Abierto, fundado este ano, conquistou 3 vagas para o Senado e 11 para a C\u00e2mara dos Deputados. O Partido Independente e o Partido da Gente conquistaram, cada um, um assento na C\u00e2mara.<\/p>\n<div class=\"edicao\">Edi\u00e7\u00e3o:\u00a0<span class=\"txtInternacional\">Jos\u00e9 Romildo<\/span><\/div>\n","protected":false},"excerpt":{"rendered":"<p>Ap\u00f3s votar, Mujica disse que deve voltar \u00e0s ruas\u00a0para fazer campanha para Mart\u00ednez, na disputa do segundo turno. A coaliz\u00e3o da qual Mujica e Mart\u00ednez fazem parte est\u00e1 h\u00e1 15 anos no poder.<\/p>\n","protected":false},"author":1,"featured_media":0,"comment_status":"closed","ping_status":"open","sticky":false,"template":"","format":"standard","meta":{"_exactmetrics_skip_tracking":false,"_exactmetrics_sitenote_active":false,"_exactmetrics_sitenote_note":"","_exactmetrics_sitenote_category":0,"jetpack_post_was_ever_published":false,"_jetpack_newsletter_access":"","_jetpack_dont_email_post_to_subs":false,"_jetpack_newsletter_tier_id":0,"_jetpack_memberships_contains_paywalled_content":false,"_jetpack_memberships_contains_paid_content":false,"footnotes":"","jetpack_publicize_message":"","jetpack_publicize_feature_enabled":true,"jetpack_social_post_already_shared":true,"jetpack_social_options":{"image_generator_settings":{"template":"highway","enabled":false},"version":2}},"categories":[1],"tags":[],"class_list":["post-24570","post","type-post","status-publish","format-standard","hentry","category-notas"],"jetpack_publicize_connections":[],"jetpack_sharing_enabled":true,"jetpack_featured_media_url":"","jetpack_shortlink":"https:\/\/wp.me\/p7wKYW-6oi","jetpack-related-posts":[],"_links":{"self":[{"href":"http:\/\/blogdalucianaoliveira.com.br\/blog\/wp-json\/wp\/v2\/posts\/24570","targetHints":{"allow":["GET"]}}],"collection":[{"href":"http:\/\/blogdalucianaoliveira.com.br\/blog\/wp-json\/wp\/v2\/posts"}],"about":[{"href":"http:\/\/blogdalucianaoliveira.com.br\/blog\/wp-json\/wp\/v2\/types\/post"}],"author":[{"embeddable":true,"href":"http:\/\/blogdalucianaoliveira.com.br\/blog\/wp-json\/wp\/v2\/users\/1"}],"replies":[{"embeddable":true,"href":"http:\/\/blogdalucianaoliveira.com.br\/blog\/wp-json\/wp\/v2\/comments?post=24570"}],"version-history":[{"count":1,"href":"http:\/\/blogdalucianaoliveira.com.br\/blog\/wp-json\/wp\/v2\/posts\/24570\/revisions"}],"predecessor-version":[{"id":24571,"href":"http:\/\/blogdalucianaoliveira.com.br\/blog\/wp-json\/wp\/v2\/posts\/24570\/revisions\/24571"}],"wp:attachment":[{"href":"http:\/\/blogdalucianaoliveira.com.br\/blog\/wp-json\/wp\/v2\/media?parent=24570"}],"wp:term":[{"taxonomy":"category","embeddable":true,"href":"http:\/\/blogdalucianaoliveira.com.br\/blog\/wp-json\/wp\/v2\/categories?post=24570"},{"taxonomy":"post_tag","embeddable":true,"href":"http:\/\/blogdalucianaoliveira.com.br\/blog\/wp-json\/wp\/v2\/tags?post=24570"}],"curies":[{"name":"wp","href":"https:\/\/api.w.org\/{rel}","templated":true}]}}