{"id":24576,"date":"2019-10-28T11:25:04","date_gmt":"2019-10-28T15:25:04","guid":{"rendered":"http:\/\/blogdalucianaoliveira.com.br\/blog\/?p=24576"},"modified":"2019-10-28T11:25:04","modified_gmt":"2019-10-28T15:25:04","slug":"a-religiao-do-eu-e-o-rosto-dilacerado-da-amazonia-segundo-o-papa-francisco","status":"publish","type":"post","link":"http:\/\/blogdalucianaoliveira.com.br\/blog\/2019\/10\/28\/a-religiao-do-eu-e-o-rosto-dilacerado-da-amazonia-segundo-o-papa-francisco\/","title":{"rendered":"A \u2018religi\u00e3o do eu\u2019 e o rosto dilacerado da Amaz\u00f4nia, segundo o Papa Francisco"},"content":{"rendered":"<p><img data-recalc-dims=\"1\" decoding=\"async\" src=\"https:\/\/i0.wp.com\/www.vaticannews.va\/content\/dam\/vaticannews\/agenzie\/images\/srv\/2019\/10\/27\/2019-10-27-santa-messa-per-la-conclusione-del-sinodo-dei-vescovi\/1572170250327.JPG\/_jcr_content\/renditions\/cq5dam.thumbnail.cropped.1000.563.jpeg?w=600&#038;ssl=1\" alt=\"1572170250327.JPG\" \/><\/p>\n<p>\u201cQuantas vezes quem est\u00e1 \u00e0 frente, como o fariseu relativamente ao publicano, levanta muros para aumentar as dist\u00e2ncias, tornando os outros ainda mais descartados. Ou ent\u00e3o, considerando-os atrasados e de pouco valor, despreza as suas tradi\u00e7\u00f5es, apaga as suas gestas, ocupa os seus territ\u00f3rios e usurpa os seus bens. Quanta superioridade presumida, que se transforma em opress\u00e3o e explora\u00e7\u00e3o, mesmo hoje! Vimo-lo no\u00a0<a href=\"http:\/\/www.ihu.unisinos.br\/78-noticias\/593830-sinodo-para-a-amazonia-um-documento-com-todos-os-pontos-aprovados-para-reparar-nas-grandes-coisas-e-nao-nas-pequenininhas\" target=\"_blank\" rel=\"noopener noreferrer\">S\u00ednodo<\/a>, quando fal\u00e1vamos da<strong>\u00a0explora\u00e7\u00e3o da cria\u00e7\u00e3o<\/strong>, da\u00a0<strong>popula\u00e7\u00e3o<\/strong>, dos\u00a0<strong>habitantes da Amaz\u00f4nia<\/strong>, da\u00a0<strong>explora\u00e7\u00e3o das pessoas<\/strong>, do\u00a0<strong>tr\u00e1fico das pessoas<\/strong>! Os erros do passado n\u00e3o foram suficientes para deixarmos de saquear os outros e causar ferimentos aos nossos irm\u00e3os e \u00e0 nossa irm\u00e3 terra: vimo-lo no<strong>\u00a0rosto dilacerado da Amaz\u00f4nia<\/strong>\u201d, afirmou o\u00a0<strong>Papa Francisco<\/strong>\u00a0na homilia proferida na missa com que foi conclu\u00eddo o\u00a0<a href=\"http:\/\/www.ihu.unisinos.br\/593836-o-sinodo-foi-um-passo-mas-as-discriminacoes-nao-foram-erradicadas-entrevista-com-marinella-perroni\" target=\"_blank\" rel=\"noopener noreferrer\">S\u00ednodo para a Amaz\u00f4nia<\/a>, no dia 27-10-2019.<!--more--><\/p>\n<p>No Humanitas Unisinos<\/p>\n<p>E o\u00a0<strong>Papa Francisco<\/strong>\u00a0continuou:<\/p>\n<p>\u201cA \u00abreligi\u00e3o do eu\u00bb continua, hip\u00f3crita com os seus ritos e as suas \u00abora\u00e7\u00f5es\u00bb: muitos dos seus praticantes s\u00e3o\u00a0<strong>cat\u00f3licos<\/strong>, confessam-se cat\u00f3licos, mas esqueceram-se de ser crist\u00e3os e humanos, esqueceram-se do verdadeiro culto a Deus, que passa sempre pelo amor ao pr\u00f3ximo. At\u00e9 mesmo crist\u00e3os que rezam e v\u00e3o \u00e0 Missa ao domingo s\u00e3o seguidores desta \u00abreligi\u00e3o do eu\u00bb. Podemos olhar para dentro de n\u00f3s e ver se algu\u00e9m, para n\u00f3s, \u00e9 inferior, descart\u00e1vel\u2026 mesmo s\u00f3 em palavras. Rezemos pedindo a gra\u00e7a de n\u00e3o nos considerarmos superiores, n\u00e3o nos julgarmos \u00edntegros, nem nos tornarmos c\u00ednicos e vilipendiadores. Pe\u00e7amos a Jesus que nos cure de criticar e queixar dos outros, de desprezar seja quem for: s\u00e3o coisas que desagradam a Deus. E providencialmente, nesta Missa de hoje, acompanham-nos n\u00e3o s\u00f3 os<strong>\u00a0ind\u00edgenas da Amaz\u00f4nia<\/strong>, mas tamb\u00e9m os\u00a0<strong><a href=\"http:\/\/www.ihu.unisinos.br\/593837-papa-os-pobres-sao-ridicularizados-ou-silenciados-porque-sao-incomodos-ate-mesmo-na-igreja\" target=\"_blank\" rel=\"noopener noreferrer\">mais pobres<\/a><\/strong>\u00a0das sociedades desenvolvidas, os irm\u00e3os e irm\u00e3s doentes da\u00a0<strong>Comunidade da Arca<\/strong>. Est\u00e3o conosco, na primeira fila\u201d.<\/p>\n<h3>O grito dos pobres \u00e9 o grito de esperan\u00e7a da Igreja<\/h3>\n<p>Logo ap\u00f3s a missa, no tradicional \u2018Angelus\u2019, o\u00a0<strong>Papa Francisco<\/strong>\u00a0voltou a se referir ao\u00a0<strong>grito dos pobres e da terra<\/strong>.<\/p>\n<p>\u201cO grito dos pobres, juntamente com o grito da terra, se uniu ao da\u00a0<strong>Amaz\u00f4nia<\/strong>. Depois de tr\u00eas semanas n\u00e3o podemos fazer de conta que n\u00e3o o ouvimos. As\u00a0<strong>vozes dos pobres<\/strong>, juntamente com aquelas de tantos outros dentro e fora da Assembleia sinodal \u2013 Pastores, jovens, cientistas \u2013 nos desafiam a n\u00e3o permanecermos indiferentes. Muitas vezes ouvimos a frase: \u201cmais tarde \u00e9 muito tarde\u201d: esta frase n\u00e3o pode ser simplesmente um slogan\u201d.<\/p>\n<p>Em outro momento o\u00a0<strong>Papa Francisco<\/strong>\u00a0voltou a se referir ao grito dos pobres:<\/p>\n<p>\u201cQuantas vezes, tamb\u00e9m na Igreja, as\u00a0<strong>vozes dos pobres<\/strong>\u00a0n\u00e3o foram ouvidas e at\u00e9 ironizadas ou caladas porque eram inc\u00f4modas. Rezemos pedindo a gra\u00e7a de saber ouvir o grito dos pobres: \u00e9 o grito de esperan\u00e7a da Igreja. O\u00a0<a href=\"http:\/\/www.ihu.unisinos.br\/42-noticias\/comentario-do-evangelho\/592747-deus-escuta-o-grito-dos-pobres\" target=\"_blank\" rel=\"noopener noreferrer\">grito dos pobres<\/a>\u00a0\u00e9 o grito de esperan\u00e7a da Igreja. Fazendo nosso o\u00a0<strong>grito dos pobres<\/strong>, tamb\u00e9m a nossa ora\u00e7\u00e3o, estamos seguros, atravessar\u00e1 as nuvens\u201d<\/p>\n","protected":false},"excerpt":{"rendered":"<p>\u201cQuantas vezes quem est\u00e1 \u00e0 frente, como o fariseu relativamente ao publicano, levanta muros para aumentar as dist\u00e2ncias, tornando os outros ainda mais descartados. Ou ent\u00e3o, considerando-os atrasados e de pouco valor, despreza as suas tradi\u00e7\u00f5es, apaga as suas gestas, ocupa os seus territ\u00f3rios e usurpa os seus bens. Quanta superioridade presumida, que se transforma&#8230;<a class=\"more-link\" href=\"http:\/\/blogdalucianaoliveira.com.br\/blog\/2019\/10\/28\/a-religiao-do-eu-e-o-rosto-dilacerado-da-amazonia-segundo-o-papa-francisco\/\">Continue a leitura <span class=\"meta-nav\">&raquo;<\/span><\/a><\/p>\n","protected":false},"author":1,"featured_media":0,"comment_status":"closed","ping_status":"open","sticky":false,"template":"","format":"standard","meta":{"_exactmetrics_skip_tracking":false,"_exactmetrics_sitenote_active":false,"_exactmetrics_sitenote_note":"","_exactmetrics_sitenote_category":0,"jetpack_post_was_ever_published":false,"_jetpack_newsletter_access":"","_jetpack_dont_email_post_to_subs":false,"_jetpack_newsletter_tier_id":0,"_jetpack_memberships_contains_paywalled_content":false,"_jetpack_memberships_contains_paid_content":false,"footnotes":"","jetpack_publicize_message":"","jetpack_publicize_feature_enabled":true,"jetpack_social_post_already_shared":true,"jetpack_social_options":{"image_generator_settings":{"template":"highway","enabled":false},"version":2}},"categories":[1],"tags":[],"class_list":["post-24576","post","type-post","status-publish","format-standard","hentry","category-notas"],"jetpack_publicize_connections":[],"jetpack_sharing_enabled":true,"jetpack_featured_media_url":"","jetpack_shortlink":"https:\/\/wp.me\/p7wKYW-6oo","jetpack-related-posts":[],"_links":{"self":[{"href":"http:\/\/blogdalucianaoliveira.com.br\/blog\/wp-json\/wp\/v2\/posts\/24576","targetHints":{"allow":["GET"]}}],"collection":[{"href":"http:\/\/blogdalucianaoliveira.com.br\/blog\/wp-json\/wp\/v2\/posts"}],"about":[{"href":"http:\/\/blogdalucianaoliveira.com.br\/blog\/wp-json\/wp\/v2\/types\/post"}],"author":[{"embeddable":true,"href":"http:\/\/blogdalucianaoliveira.com.br\/blog\/wp-json\/wp\/v2\/users\/1"}],"replies":[{"embeddable":true,"href":"http:\/\/blogdalucianaoliveira.com.br\/blog\/wp-json\/wp\/v2\/comments?post=24576"}],"version-history":[{"count":1,"href":"http:\/\/blogdalucianaoliveira.com.br\/blog\/wp-json\/wp\/v2\/posts\/24576\/revisions"}],"predecessor-version":[{"id":24577,"href":"http:\/\/blogdalucianaoliveira.com.br\/blog\/wp-json\/wp\/v2\/posts\/24576\/revisions\/24577"}],"wp:attachment":[{"href":"http:\/\/blogdalucianaoliveira.com.br\/blog\/wp-json\/wp\/v2\/media?parent=24576"}],"wp:term":[{"taxonomy":"category","embeddable":true,"href":"http:\/\/blogdalucianaoliveira.com.br\/blog\/wp-json\/wp\/v2\/categories?post=24576"},{"taxonomy":"post_tag","embeddable":true,"href":"http:\/\/blogdalucianaoliveira.com.br\/blog\/wp-json\/wp\/v2\/tags?post=24576"}],"curies":[{"name":"wp","href":"https:\/\/api.w.org\/{rel}","templated":true}]}}