{"id":24581,"date":"2019-10-28T17:57:03","date_gmt":"2019-10-28T21:57:03","guid":{"rendered":"http:\/\/blogdalucianaoliveira.com.br\/blog\/?p=24581"},"modified":"2019-10-28T17:57:03","modified_gmt":"2019-10-28T21:57:03","slug":"livro-esgotado-ha-15-anos-sobre-a-importancia-de-villa-lobos-na-mpb-ganha-nova-edicao","status":"publish","type":"post","link":"http:\/\/blogdalucianaoliveira.com.br\/blog\/2019\/10\/28\/livro-esgotado-ha-15-anos-sobre-a-importancia-de-villa-lobos-na-mpb-ganha-nova-edicao\/","title":{"rendered":"Livro esgotado h\u00e1 15 anos sobre a import\u00e2ncia de Villa-Lobos na MPB ganha nova edi\u00e7\u00e3o"},"content":{"rendered":"<p><img data-recalc-dims=\"1\" loading=\"lazy\" decoding=\"async\" data-attachment-id=\"24582\" data-permalink=\"http:\/\/blogdalucianaoliveira.com.br\/blog\/2019\/10\/28\/livro-esgotado-ha-15-anos-sobre-a-importancia-de-villa-lobos-na-mpb-ganha-nova-edicao\/2d7b76de-f8fb-4e26-8602-a03548775859\/\" data-orig-file=\"https:\/\/i0.wp.com\/blogdalucianaoliveira.com.br\/blog\/wp-content\/uploads\/2019\/10\/2D7B76DE-F8FB-4E26-8602-A03548775859.jpeg?fit=1080%2C720\" data-orig-size=\"1080,720\" data-comments-opened=\"0\" data-image-meta=\"{&quot;aperture&quot;:&quot;0&quot;,&quot;credit&quot;:&quot;&quot;,&quot;camera&quot;:&quot;&quot;,&quot;caption&quot;:&quot;&quot;,&quot;created_timestamp&quot;:&quot;0&quot;,&quot;copyright&quot;:&quot;&quot;,&quot;focal_length&quot;:&quot;0&quot;,&quot;iso&quot;:&quot;0&quot;,&quot;shutter_speed&quot;:&quot;0&quot;,&quot;title&quot;:&quot;&quot;,&quot;orientation&quot;:&quot;0&quot;}\" data-image-title=\"2D7B76DE-F8FB-4E26-8602-A03548775859\" data-image-description=\"\" data-image-caption=\"\" data-medium-file=\"https:\/\/i0.wp.com\/blogdalucianaoliveira.com.br\/blog\/wp-content\/uploads\/2019\/10\/2D7B76DE-F8FB-4E26-8602-A03548775859.jpeg?fit=300%2C200\" data-large-file=\"https:\/\/i0.wp.com\/blogdalucianaoliveira.com.br\/blog\/wp-content\/uploads\/2019\/10\/2D7B76DE-F8FB-4E26-8602-A03548775859.jpeg?fit=600%2C400\" class=\"alignnone size-full wp-image-24582\" src=\"https:\/\/i0.wp.com\/blogdalucianaoliveira.com.br\/blog\/wp-content\/uploads\/2019\/10\/2D7B76DE-F8FB-4E26-8602-A03548775859.jpeg?resize=600%2C400\" alt=\"2D7B76DE-F8FB-4E26-8602-A03548775859\" width=\"600\" height=\"400\" srcset=\"https:\/\/i0.wp.com\/blogdalucianaoliveira.com.br\/blog\/wp-content\/uploads\/2019\/10\/2D7B76DE-F8FB-4E26-8602-A03548775859.jpeg?w=1080 1080w, https:\/\/i0.wp.com\/blogdalucianaoliveira.com.br\/blog\/wp-content\/uploads\/2019\/10\/2D7B76DE-F8FB-4E26-8602-A03548775859.jpeg?resize=300%2C200 300w, https:\/\/i0.wp.com\/blogdalucianaoliveira.com.br\/blog\/wp-content\/uploads\/2019\/10\/2D7B76DE-F8FB-4E26-8602-A03548775859.jpeg?resize=768%2C512 768w, https:\/\/i0.wp.com\/blogdalucianaoliveira.com.br\/blog\/wp-content\/uploads\/2019\/10\/2D7B76DE-F8FB-4E26-8602-A03548775859.jpeg?resize=1024%2C683 1024w, https:\/\/i0.wp.com\/blogdalucianaoliveira.com.br\/blog\/wp-content\/uploads\/2019\/10\/2D7B76DE-F8FB-4E26-8602-A03548775859.jpeg?resize=450%2C300 450w\" sizes=\"auto, (max-width: 600px) 100vw, 600px\" \/><\/p>\n<p class=\"yiv3755583995ydp45d2fe57yiv3878176652MsoNormal\" align=\"center\"><i>Com primeira tiragem reduzida apenas no Rio de Janeiro, \u201cVilla-Lobos e a M\u00fasica Popular Brasileira, uma Vis\u00e3o sem Preconceitos\u201d, de Ermelinda Paz, \u00e9 reeditado pela Tipografia Musical, com atualiza\u00e7\u00f5es e nova arte gr\u00e1fica<\/i><!--more--><\/p>\n<p>Quinze anos depois de uma tiragem reduzida e local \u2013 na \u00e9poca, conseguida atrav\u00e9s do patroc\u00ednio da Eletrobr\u00e1s, pela Lei Rouanet \u2013 uma obra prima da literatura musical ganha sua segunda edi\u00e7\u00e3o, agora com distribui\u00e7\u00e3o nacional, revisitada e atualizada. O livro \u201cVilla-Lobos e a M\u00fasica Popular Brasileira, uma Vis\u00e3o sem Preconceitos\u201d (Ed. Tipografia Musical, pre\u00e7o m\u00e9dio R$ 55,00, 207 p\u00e1ginas), da renomada pesquisadora e professora Ermelinda Paz, \u00e9 fruto de um estudo iniciado h\u00e1 30 anos, quando a autora ganhou um concurso de monografias com esse tema.<\/p>\n<p>&nbsp;<\/p>\n<p><img data-recalc-dims=\"1\" loading=\"lazy\" decoding=\"async\" data-attachment-id=\"24583\" data-permalink=\"http:\/\/blogdalucianaoliveira.com.br\/blog\/2019\/10\/28\/livro-esgotado-ha-15-anos-sobre-a-importancia-de-villa-lobos-na-mpb-ganha-nova-edicao\/e4b37902-8df7-4fcc-b7a8-d9f1401cac96\/\" data-orig-file=\"https:\/\/i0.wp.com\/blogdalucianaoliveira.com.br\/blog\/wp-content\/uploads\/2019\/10\/E4B37902-8DF7-4FCC-B7A8-D9F1401CAC96.jpeg?fit=1891%2C2717\" data-orig-size=\"1891,2717\" data-comments-opened=\"0\" data-image-meta=\"{&quot;aperture&quot;:&quot;0&quot;,&quot;credit&quot;:&quot;&quot;,&quot;camera&quot;:&quot;&quot;,&quot;caption&quot;:&quot;&quot;,&quot;created_timestamp&quot;:&quot;1568207076&quot;,&quot;copyright&quot;:&quot;&quot;,&quot;focal_length&quot;:&quot;0&quot;,&quot;iso&quot;:&quot;0&quot;,&quot;shutter_speed&quot;:&quot;0&quot;,&quot;title&quot;:&quot;&quot;,&quot;orientation&quot;:&quot;0&quot;}\" data-image-title=\"E4B37902-8DF7-4FCC-B7A8-D9F1401CAC96\" data-image-description=\"\" data-image-caption=\"\" data-medium-file=\"https:\/\/i0.wp.com\/blogdalucianaoliveira.com.br\/blog\/wp-content\/uploads\/2019\/10\/E4B37902-8DF7-4FCC-B7A8-D9F1401CAC96.jpeg?fit=209%2C300\" data-large-file=\"https:\/\/i0.wp.com\/blogdalucianaoliveira.com.br\/blog\/wp-content\/uploads\/2019\/10\/E4B37902-8DF7-4FCC-B7A8-D9F1401CAC96.jpeg?fit=600%2C862\" class=\"alignnone size-full wp-image-24583\" src=\"https:\/\/i0.wp.com\/blogdalucianaoliveira.com.br\/blog\/wp-content\/uploads\/2019\/10\/E4B37902-8DF7-4FCC-B7A8-D9F1401CAC96.jpeg?resize=600%2C862\" alt=\"E4B37902-8DF7-4FCC-B7A8-D9F1401CAC96\" width=\"600\" height=\"862\" srcset=\"https:\/\/i0.wp.com\/blogdalucianaoliveira.com.br\/blog\/wp-content\/uploads\/2019\/10\/E4B37902-8DF7-4FCC-B7A8-D9F1401CAC96.jpeg?w=1891 1891w, https:\/\/i0.wp.com\/blogdalucianaoliveira.com.br\/blog\/wp-content\/uploads\/2019\/10\/E4B37902-8DF7-4FCC-B7A8-D9F1401CAC96.jpeg?resize=209%2C300 209w, https:\/\/i0.wp.com\/blogdalucianaoliveira.com.br\/blog\/wp-content\/uploads\/2019\/10\/E4B37902-8DF7-4FCC-B7A8-D9F1401CAC96.jpeg?resize=768%2C1103 768w, https:\/\/i0.wp.com\/blogdalucianaoliveira.com.br\/blog\/wp-content\/uploads\/2019\/10\/E4B37902-8DF7-4FCC-B7A8-D9F1401CAC96.jpeg?resize=713%2C1024 713w, https:\/\/i0.wp.com\/blogdalucianaoliveira.com.br\/blog\/wp-content\/uploads\/2019\/10\/E4B37902-8DF7-4FCC-B7A8-D9F1401CAC96.jpeg?w=1200 1200w, https:\/\/i0.wp.com\/blogdalucianaoliveira.com.br\/blog\/wp-content\/uploads\/2019\/10\/E4B37902-8DF7-4FCC-B7A8-D9F1401CAC96.jpeg?w=1800 1800w\" sizes=\"auto, (max-width: 600px) 100vw, 600px\" \/><\/p>\n<p>&nbsp;<\/p>\n<p class=\"yiv3755583995ydp45d2fe57yiv3878176652MsoNormal\">Baseando-se em testemunhos, fotografias, documentos de \u00e9poca, reportagens, Ermelinda reuniu em sua publica\u00e7\u00e3o tudo (ou quase tudo!) que se publicou sobre ele e os discos lan\u00e7ados com suas m\u00fasicas (centenas de obras). Atrav\u00e9s de um texto f\u00e1cil, acess\u00edvel, sem deixar de lado o rigor acad\u00eamico na ampla pesquisa, o livro destrincha a vida de Villa-Lobos desde novo, na segunda d\u00e9cada do s\u00e9culo passado, quando jovem e muito empobrecido pela morte prematura do pai, Villa-Lobos decide vender livros raros que herdara para poder financiar o seu sonho de viajar pelo pa\u00eds. As dificuldades financeiras tamb\u00e9m o levaram a trabalhar como m\u00fasico de operetas e de cinema (na \u00e9poca, grupos ou solistas animavam as ante-salas). A sua contribui\u00e7\u00e3o na educa\u00e7\u00e3o musical juvenil, atrav\u00e9s do Canto Orfe\u00f4nico \u2013 que reunia milhares de jovens e crian\u00e7as em Est\u00e1dios \u2013 tamb\u00e9m foi bastante aprofundada pela autora, que ainda ressalta o verdadeiro objetivo do maestro em educar socialmente atrav\u00e9s da m\u00fasica, n\u00e3o apenas uma exibi\u00e7\u00e3o art\u00edstica ou recreativa. O maestro n\u00e3o apenas levava m\u00fasica para multid\u00f5es, mas tamb\u00e9m se protagonizou como, provavelmente, o primeiro m\u00fasico erudito a reconhecer o valor das manifesta\u00e7\u00f5es populares, compondo inclusive para o viol\u00e3o, um instrumento marginalizado e bastante desprivilegiado na \u00e9poca.<\/p>\n<p class=\"yiv3755583995ydp45d2fe57yiv3878176652MsoNormal\">\u00a0 Filho de um intelectual que gostava de promover saraus musicais em casa, recebendo a nata dos m\u00fasicos populares, como Pixinguinha, Sinh\u00f4, Jo\u00e3o da Baiana e Donga, Villa-Lobos tinha uma especial rela\u00e7\u00e3o de amizade e companheirismo com Cartola \u2013 atrav\u00e9s de testemunhos, o leitor se surpreender\u00e1 com h\u00e1bitos pouco conhecidos do maestro, como seu interesse especial em prestigiar e vivenciar por tantas horas o Buraco Quente (p\u00e9 do morro), na Mangueira.<\/p>\n<p class=\"yiv3755583995ydp45d2fe57yiv3878176652MsoNormal\">Assim como Pixinguinha e outros m\u00fasicos da \u00e9poca, Villa-Lobos tamb\u00e9m tinha o seu mecenas, Carlos Guinle, a quem sempre se preocupava em registrar, em cartas, a devida presta\u00e7\u00e3o de contas e o n\u00e3o desperd\u00edcio \u2013 publicadas no livro, muitas dessas cartas revelam tamb\u00e9m a grande preocupa\u00e7\u00e3o de Villa-Lobos em cuidar bem de sua obra e de afirmar sua gratid\u00e3o pelo patroc\u00ednio. O livro traz tamb\u00e9m depoimentos de m\u00fasicos variados, como Tom Jobim, Wagner Tiso, Edu Lobo, Egberto Gismonti, Elizeth Cardoso, Herivelto Martins, Jo\u00e3o Pernambuco, Vicente Celestino, Nana e Dorival Caymmi, dentre muitos outros grandes nomes da m\u00fasica brasileira, todos revelando o quanto de Villa-Lobos existe em suas composi\u00e7\u00f5es.<\/p>\n<p class=\"yiv3755583995ydp45d2fe57yiv3878176652MsoNormal\">Comprar online <a href=\"http:\/\/www.tipografiamusical.com.br\/loja\" target=\"_blank\" rel=\"nofollow\">www.tipografiamu<wbr \/>sical.com.br\/loj<wbr \/><wbr \/>a<\/a><\/p>\n","protected":false},"excerpt":{"rendered":"<p>Com primeira tiragem reduzida apenas no Rio de Janeiro, \u201cVilla-Lobos e a M\u00fasica Popular Brasileira, uma Vis\u00e3o sem Preconceitos\u201d, de Ermelinda Paz, \u00e9 reeditado pela Tipografia Musical, com atualiza\u00e7\u00f5es e nova arte gr\u00e1fica<\/p>\n","protected":false},"author":1,"featured_media":0,"comment_status":"closed","ping_status":"open","sticky":false,"template":"","format":"standard","meta":{"_exactmetrics_skip_tracking":false,"_exactmetrics_sitenote_active":false,"_exactmetrics_sitenote_note":"","_exactmetrics_sitenote_category":0,"jetpack_post_was_ever_published":false,"_jetpack_newsletter_access":"","_jetpack_dont_email_post_to_subs":false,"_jetpack_newsletter_tier_id":0,"_jetpack_memberships_contains_paywalled_content":false,"_jetpack_memberships_contains_paid_content":false,"footnotes":"","jetpack_publicize_message":"","jetpack_publicize_feature_enabled":true,"jetpack_social_post_already_shared":true,"jetpack_social_options":{"image_generator_settings":{"template":"highway","enabled":false},"version":2}},"categories":[1],"tags":[],"class_list":["post-24581","post","type-post","status-publish","format-standard","hentry","category-notas"],"jetpack_publicize_connections":[],"jetpack_sharing_enabled":true,"jetpack_featured_media_url":"","jetpack_shortlink":"https:\/\/wp.me\/p7wKYW-6ot","jetpack-related-posts":[],"_links":{"self":[{"href":"http:\/\/blogdalucianaoliveira.com.br\/blog\/wp-json\/wp\/v2\/posts\/24581","targetHints":{"allow":["GET"]}}],"collection":[{"href":"http:\/\/blogdalucianaoliveira.com.br\/blog\/wp-json\/wp\/v2\/posts"}],"about":[{"href":"http:\/\/blogdalucianaoliveira.com.br\/blog\/wp-json\/wp\/v2\/types\/post"}],"author":[{"embeddable":true,"href":"http:\/\/blogdalucianaoliveira.com.br\/blog\/wp-json\/wp\/v2\/users\/1"}],"replies":[{"embeddable":true,"href":"http:\/\/blogdalucianaoliveira.com.br\/blog\/wp-json\/wp\/v2\/comments?post=24581"}],"version-history":[{"count":1,"href":"http:\/\/blogdalucianaoliveira.com.br\/blog\/wp-json\/wp\/v2\/posts\/24581\/revisions"}],"predecessor-version":[{"id":24584,"href":"http:\/\/blogdalucianaoliveira.com.br\/blog\/wp-json\/wp\/v2\/posts\/24581\/revisions\/24584"}],"wp:attachment":[{"href":"http:\/\/blogdalucianaoliveira.com.br\/blog\/wp-json\/wp\/v2\/media?parent=24581"}],"wp:term":[{"taxonomy":"category","embeddable":true,"href":"http:\/\/blogdalucianaoliveira.com.br\/blog\/wp-json\/wp\/v2\/categories?post=24581"},{"taxonomy":"post_tag","embeddable":true,"href":"http:\/\/blogdalucianaoliveira.com.br\/blog\/wp-json\/wp\/v2\/tags?post=24581"}],"curies":[{"name":"wp","href":"https:\/\/api.w.org\/{rel}","templated":true}]}}