{"id":24585,"date":"2019-10-29T06:55:48","date_gmt":"2019-10-29T10:55:48","guid":{"rendered":"http:\/\/blogdalucianaoliveira.com.br\/blog\/?p=24585"},"modified":"2019-10-29T06:55:48","modified_gmt":"2019-10-29T10:55:48","slug":"bolsonaros-devem-explicacoes-detalhadas-sobre-o-que-fizeram-nos-veroes-passados","status":"publish","type":"post","link":"http:\/\/blogdalucianaoliveira.com.br\/blog\/2019\/10\/29\/bolsonaros-devem-explicacoes-detalhadas-sobre-o-que-fizeram-nos-veroes-passados\/","title":{"rendered":"Bolsonaros devem explica\u00e7\u00f5es detalhadas sobre o que fizeram nos ver\u00f5es passados"},"content":{"rendered":"<p style=\"text-align: left;\"><img data-recalc-dims=\"1\" loading=\"lazy\" decoding=\"async\" data-attachment-id=\"24558\" data-permalink=\"http:\/\/blogdalucianaoliveira.com.br\/blog\/2019\/10\/27\/ministerio-publico-tem-um-cometa-para-enterrar-na-gente-diz-queiroz-em-audio\/6846484a-c9ea-4da0-ab10-32ee86b5d3af\/\" data-orig-file=\"https:\/\/i0.wp.com\/blogdalucianaoliveira.com.br\/blog\/wp-content\/uploads\/2019\/10\/6846484A-C9EA-4DA0-AB10-32EE86B5D3AF.jpeg?fit=768%2C512\" data-orig-size=\"768,512\" data-comments-opened=\"0\" data-image-meta=\"{&quot;aperture&quot;:&quot;0&quot;,&quot;credit&quot;:&quot;&quot;,&quot;camera&quot;:&quot;&quot;,&quot;caption&quot;:&quot;&quot;,&quot;created_timestamp&quot;:&quot;0&quot;,&quot;copyright&quot;:&quot;&quot;,&quot;focal_length&quot;:&quot;0&quot;,&quot;iso&quot;:&quot;0&quot;,&quot;shutter_speed&quot;:&quot;0&quot;,&quot;title&quot;:&quot;&quot;,&quot;orientation&quot;:&quot;0&quot;}\" data-image-title=\"6846484A-C9EA-4DA0-AB10-32EE86B5D3AF\" data-image-description=\"\" data-image-caption=\"\" data-medium-file=\"https:\/\/i0.wp.com\/blogdalucianaoliveira.com.br\/blog\/wp-content\/uploads\/2019\/10\/6846484A-C9EA-4DA0-AB10-32EE86B5D3AF.jpeg?fit=300%2C200\" data-large-file=\"https:\/\/i0.wp.com\/blogdalucianaoliveira.com.br\/blog\/wp-content\/uploads\/2019\/10\/6846484A-C9EA-4DA0-AB10-32EE86B5D3AF.jpeg?fit=600%2C400\" class=\"alignnone size-full wp-image-24558\" src=\"https:\/\/i0.wp.com\/blogdalucianaoliveira.com.br\/blog\/wp-content\/uploads\/2019\/10\/6846484A-C9EA-4DA0-AB10-32EE86B5D3AF.jpeg?resize=600%2C400\" alt=\"6846484A-C9EA-4DA0-AB10-32EE86B5D3AF\" width=\"600\" height=\"400\" srcset=\"https:\/\/i0.wp.com\/blogdalucianaoliveira.com.br\/blog\/wp-content\/uploads\/2019\/10\/6846484A-C9EA-4DA0-AB10-32EE86B5D3AF.jpeg?w=768 768w, https:\/\/i0.wp.com\/blogdalucianaoliveira.com.br\/blog\/wp-content\/uploads\/2019\/10\/6846484A-C9EA-4DA0-AB10-32EE86B5D3AF.jpeg?resize=300%2C200 300w, https:\/\/i0.wp.com\/blogdalucianaoliveira.com.br\/blog\/wp-content\/uploads\/2019\/10\/6846484A-C9EA-4DA0-AB10-32EE86B5D3AF.jpeg?resize=450%2C300 450w\" sizes=\"auto, (max-width: 600px) 100vw, 600px\" \/><\/p>\n<p style=\"text-align: left;\">Se inocentes, presidente e filhos podem provar que n\u00e3o praticaram mutretas; por que n\u00e3o o fazem?<!--more--><\/p>\n<p>Na FSP<\/p>\n<p>Ranier Bragon<\/p>\n<p>&#8220;O pessoal quer pegar fantasma e rachadinha o tempo todo.&#8221;<\/p>\n<p>A reclama\u00e7\u00e3o de Jair Bolsonaro diz respeito aos \u00e1udios em que Fabr\u00edcio Queiroz comenta com vigor juvenil a pica-cometa de posse do Minist\u00e9rio P\u00fablico e a suspeita da exist\u00eancia de uma funcion\u00e1ria fantasma no gabinete de Carlos Bolsonaro. Sobre esse \u00faltimo ponto, o presidente conseguiu se contradizer na mesma frase.<\/p>\n<p>&#8220;A Cileide (&#8230;) sabia que n\u00e3o ia continuar conosco porque, eu eleito, o Fl\u00e1vio eleito, o eleito viria para Bras\u00edlia. Se bem que ela estava no gabinete do Carlos. Mas \u00e9 mudan\u00e7a normal, n\u00e3o tem nada para espantar.&#8221;<\/p>\n<p>&nbsp;<\/p>\n<div class=\"c-news__body\" data-share-text=\"\" data-news-content-text=\"\" data-disable-copy=\"\" data-continue-reading=\"\" data-continue-reading-hide-others=\".js-continue-reading-hidden\">\n<div class=\"js-continue-reading-content-hidden\">\n<p>Al\u00e9m de Cileide, a <strong>Folha<\/strong> revelou outros casos. <a href=\"https:\/\/www1.folha.uol.com.br\/poder\/2018\/10\/bolsonaro-se-engana-em-versao-sobre-funcionaria-fantasma-revelada-pela-folha.shtml\">Wal<\/a> na verdade vendia a\u00e7a\u00ed. Nadir afirmou nunca ter trabalhado para Carlos. Nathalia, filha de Queiroz, figurava no gabinete de Jair, mas atuava como personal trainer.<\/p>\n<div class=\"rs_skip\">\n<div class=\"widget-image\">\n<figure><img data-recalc-dims=\"1\" decoding=\"async\" class=\"img-responsive\" src=\"https:\/\/i0.wp.com\/f.i.uol.com.br\/fotografia\/2018\/08\/14\/15342457555b72bb7b25c97_1534245755_3x2_md.jpg?w=600&#038;ssl=1\" sizes=\"(min-width: 1024px) 68vw, 100vw\" srcset=\"https:\/\/f.i.uol.com.br\/fotografia\/2018\/08\/14\/15342457555b72bb7b25c97_1534245755_3x2_th.jpg 100w, https:\/\/f.i.uol.com.br\/fotografia\/2018\/08\/14\/15342457555b72bb7b25c97_1534245755_3x2_sm.jpg 480w, https:\/\/f.i.uol.com.br\/fotografia\/2018\/08\/14\/15342457555b72bb7b25c97_1534245755_3x2_md.jpg 768w, https:\/\/f.i.uol.com.br\/fotografia\/2018\/08\/14\/15342457555b72bb7b25c97_1534245755_3x2_lg.jpg 1024w, https:\/\/f.i.uol.com.br\/fotografia\/2018\/08\/14\/15342457555b72bb7b25c97_1534245755_3x2_xl.jpg 1200w, https:\/\/f.i.uol.com.br\/fotografia\/2018\/08\/14\/15342457555b72bb7b25c97_1534245755_3x2_rt.jpg 2400w\" alt=\"0\" \/><figcaption class=\"widget-image__subtitle\">Loja de a\u00e7a\u00ed de Walderice Santos da Concei\u00e7\u00e3o, 49, em Mambucaba (Angra dos Reis) &#8211; <span class=\"widget-image__credits\">Lucas Landau &#8211; 3.mai.2018\/Folhapress<\/span><\/figcaption><\/figure>\n<\/div>\n<\/div>\n<p>Merecem destaque tamb\u00e9m Marta e Gilmar, 2 dos 17 &#8211;sim, 17&#8211; familiares da segunda mulher de Bolsonaro que compunham a lista de pagamento dos gabinetes do cl\u00e3. Localizados pela revista \u00c9poca, os dois disseram jamais ter trabalhado para Carlos. Sobre os outros tamb\u00e9m h\u00e1 cheiro de fantasmagoria. Para onde ia o sal\u00e1rio de toda essa gente?<\/p>\n<p>Bolsonaro confirmou nesta segunda ter discutido com Queiroz a exonera\u00e7\u00e3o de Cileide, mas voltou a afirmar que nunca mais teve contato com o amigo desde que o esc\u00e2ndalo veio \u00e0 tona. A investiga\u00e7\u00e3o foi revelada pelo jornal O Estado de S. Paulo em 6 de dezembro. A exonera\u00e7\u00e3o de Cileide s\u00f3 foi publicada 34 dias depois. Ou h\u00e1 a\u00ed mais uma contradi\u00e7\u00e3o presidencial ou o cl\u00e3 gasta tempo demais entre a tomada de decis\u00e3o e o seu efetivo cumprimento.<\/p>\n<p>Apurar fantasmas e rachadinhas \u00e9 obriga\u00e7\u00e3o da imprensa. O que n\u00e3o \u00e9 normal \u00e9 que a fam\u00edlia Bolsonaro trate suspeitas dessa gravidade com sil\u00eancio prepotente, vers\u00f5es tortas, evasivas, amea\u00e7as a ve\u00edculos de comunica\u00e7\u00e3o ou entrevistas amig\u00e1veis \u00e0 imprensa amiga. A n\u00e3o ser que se considerem califas de uma republiqueta de bananas podres, eles devem explica\u00e7\u00f5es minuciosas. Espanta n\u00e3o terem feito isso at\u00e9 agora.<\/p>\n<\/div>\n<div class=\"c-continue-reading js-continue-reading is-hidden\"><\/div>\n<\/div>\n<div class=\"c-news__author c-author\">\n<div class=\"c-author__content\">\n<p class=\"c-author__bio\">\n<\/div>\n<\/div>\n","protected":false},"excerpt":{"rendered":"<p>Se inocentes, presidente e filhos podem provar que n\u00e3o praticaram mutretas; por que n\u00e3o o fazem?<\/p>\n","protected":false},"author":1,"featured_media":0,"comment_status":"closed","ping_status":"open","sticky":false,"template":"","format":"standard","meta":{"_exactmetrics_skip_tracking":false,"_exactmetrics_sitenote_active":false,"_exactmetrics_sitenote_note":"","_exactmetrics_sitenote_category":0,"jetpack_post_was_ever_published":false,"_jetpack_newsletter_access":"","_jetpack_dont_email_post_to_subs":false,"_jetpack_newsletter_tier_id":0,"_jetpack_memberships_contains_paywalled_content":false,"_jetpack_memberships_contains_paid_content":false,"footnotes":"","jetpack_publicize_message":"","jetpack_publicize_feature_enabled":true,"jetpack_social_post_already_shared":true,"jetpack_social_options":{"image_generator_settings":{"template":"highway","enabled":false},"version":2}},"categories":[1],"tags":[],"class_list":["post-24585","post","type-post","status-publish","format-standard","hentry","category-notas"],"jetpack_publicize_connections":[],"jetpack_sharing_enabled":true,"jetpack_featured_media_url":"","jetpack_shortlink":"https:\/\/wp.me\/p7wKYW-6ox","jetpack-related-posts":[],"_links":{"self":[{"href":"http:\/\/blogdalucianaoliveira.com.br\/blog\/wp-json\/wp\/v2\/posts\/24585","targetHints":{"allow":["GET"]}}],"collection":[{"href":"http:\/\/blogdalucianaoliveira.com.br\/blog\/wp-json\/wp\/v2\/posts"}],"about":[{"href":"http:\/\/blogdalucianaoliveira.com.br\/blog\/wp-json\/wp\/v2\/types\/post"}],"author":[{"embeddable":true,"href":"http:\/\/blogdalucianaoliveira.com.br\/blog\/wp-json\/wp\/v2\/users\/1"}],"replies":[{"embeddable":true,"href":"http:\/\/blogdalucianaoliveira.com.br\/blog\/wp-json\/wp\/v2\/comments?post=24585"}],"version-history":[{"count":1,"href":"http:\/\/blogdalucianaoliveira.com.br\/blog\/wp-json\/wp\/v2\/posts\/24585\/revisions"}],"predecessor-version":[{"id":24586,"href":"http:\/\/blogdalucianaoliveira.com.br\/blog\/wp-json\/wp\/v2\/posts\/24585\/revisions\/24586"}],"wp:attachment":[{"href":"http:\/\/blogdalucianaoliveira.com.br\/blog\/wp-json\/wp\/v2\/media?parent=24585"}],"wp:term":[{"taxonomy":"category","embeddable":true,"href":"http:\/\/blogdalucianaoliveira.com.br\/blog\/wp-json\/wp\/v2\/categories?post=24585"},{"taxonomy":"post_tag","embeddable":true,"href":"http:\/\/blogdalucianaoliveira.com.br\/blog\/wp-json\/wp\/v2\/tags?post=24585"}],"curies":[{"name":"wp","href":"https:\/\/api.w.org\/{rel}","templated":true}]}}