{"id":2459,"date":"2016-07-18T09:02:06","date_gmt":"2016-07-18T13:02:06","guid":{"rendered":"http:\/\/blogdalucianaoliveira.com.br\/blog\/?p=2459"},"modified":"2016-07-18T09:07:47","modified_gmt":"2016-07-18T13:07:47","slug":"temer-e-tao-ruim-que-consegue-se-tornar-menos-conhecido-apos-assumir-a-presidencia","status":"publish","type":"post","link":"http:\/\/blogdalucianaoliveira.com.br\/blog\/2016\/07\/18\/temer-e-tao-ruim-que-consegue-se-tornar-menos-conhecido-apos-assumir-a-presidencia\/","title":{"rendered":"Temer \u00e9 t\u00e3o ruim que consegue se tornar menos conhecido ap\u00f3s assumir a presid\u00eancia"},"content":{"rendered":"<p><img data-recalc-dims=\"1\" loading=\"lazy\" decoding=\"async\" data-attachment-id=\"2465\" data-permalink=\"http:\/\/blogdalucianaoliveira.com.br\/blog\/2016\/07\/18\/temer-e-tao-ruim-que-consegue-se-tornar-menos-conhecido-apos-assumir-a-presidencia\/estranho\/\" data-orig-file=\"https:\/\/i0.wp.com\/blogdalucianaoliveira.com.br\/blog\/wp-content\/uploads\/2016\/07\/estranho.jpg?fit=810%2C456\" data-orig-size=\"810,456\" data-comments-opened=\"0\" data-image-meta=\"{&quot;aperture&quot;:&quot;0&quot;,&quot;credit&quot;:&quot;&quot;,&quot;camera&quot;:&quot;&quot;,&quot;caption&quot;:&quot;&quot;,&quot;created_timestamp&quot;:&quot;0&quot;,&quot;copyright&quot;:&quot;&quot;,&quot;focal_length&quot;:&quot;0&quot;,&quot;iso&quot;:&quot;0&quot;,&quot;shutter_speed&quot;:&quot;0&quot;,&quot;title&quot;:&quot;&quot;,&quot;orientation&quot;:&quot;0&quot;}\" data-image-title=\"estranho\" data-image-description=\"\" data-image-caption=\"\" data-medium-file=\"https:\/\/i0.wp.com\/blogdalucianaoliveira.com.br\/blog\/wp-content\/uploads\/2016\/07\/estranho.jpg?fit=300%2C169\" data-large-file=\"https:\/\/i0.wp.com\/blogdalucianaoliveira.com.br\/blog\/wp-content\/uploads\/2016\/07\/estranho.jpg?fit=600%2C338\" src=\"https:\/\/i0.wp.com\/blogdalucianaoliveira.com.br\/blog\/wp-content\/uploads\/2016\/07\/estranho.jpg?resize=600%2C338\" alt=\"estranho\" width=\"600\" height=\"338\" class=\"alignnone size-full wp-image-2465\" srcset=\"https:\/\/i0.wp.com\/blogdalucianaoliveira.com.br\/blog\/wp-content\/uploads\/2016\/07\/estranho.jpg?w=810 810w, https:\/\/i0.wp.com\/blogdalucianaoliveira.com.br\/blog\/wp-content\/uploads\/2016\/07\/estranho.jpg?resize=300%2C169 300w, https:\/\/i0.wp.com\/blogdalucianaoliveira.com.br\/blog\/wp-content\/uploads\/2016\/07\/estranho.jpg?resize=768%2C432 768w, https:\/\/i0.wp.com\/blogdalucianaoliveira.com.br\/blog\/wp-content\/uploads\/2016\/07\/estranho.jpg?resize=533%2C300 533w\" sizes=\"auto, (max-width: 600px) 100vw, 600px\" \/><\/p>\n<p>H\u00e1 um ano, pesquisa Datafolha revelava que Michel Temer era um dos pol\u00edticos mais desconhecidos pela popula\u00e7\u00e3o brasileira.<!--more--><\/p>\n<p>Ele aparecia em segundo lugar como menos conhecido, indicado por 28% dos entrevistados, atr\u00e1s apenas do ent\u00e3o Ministro da Fazenda, Joaquim Levy, com 43%.<\/p>\n<p>De junho de 2015 pra c\u00e1, Temer conseguiu o inusitado, ser menos conhecido ainda ocupando a Presid\u00eancia da Rep\u00fablica. O mesmo instituto de pesquisa divulgou que agora, 33% dizem que n\u00e3o sabem o nome do interino. Outros 2% citaram o nome de Michel Temer errado.<\/p>\n<p>Com apenas dois meses de governo, o interino j\u00e1 tem metade da rejei\u00e7\u00e3o da presidente Dilma Roussef quando foi afastada. Para 31% dos entrevistados, ele \u00e9 p\u00e9ssimo.<\/p>\n<p>O Datafolha ouviu o mesmo percentual de eleitores nas duas pesquisas, no mesmo percentual de munic\u00edpios.<\/p>\n<p>Nas redes sociais o resultado virou motivo de piada. Dizem que muitos eleitores apontam FORA como o primeiro nome de Temer.<\/p>\n<p><img data-recalc-dims=\"1\" loading=\"lazy\" decoding=\"async\" data-attachment-id=\"2469\" data-permalink=\"http:\/\/blogdalucianaoliveira.com.br\/blog\/2016\/07\/18\/temer-e-tao-ruim-que-consegue-se-tornar-menos-conhecido-apos-assumir-a-presidencia\/image-566\/\" data-orig-file=\"https:\/\/i0.wp.com\/blogdalucianaoliveira.com.br\/blog\/wp-content\/uploads\/2016\/07\/image-116.jpeg?fit=750%2C737\" data-orig-size=\"750,737\" data-comments-opened=\"0\" data-image-meta=\"{&quot;aperture&quot;:&quot;0&quot;,&quot;credit&quot;:&quot;&quot;,&quot;camera&quot;:&quot;&quot;,&quot;caption&quot;:&quot;&quot;,&quot;created_timestamp&quot;:&quot;0&quot;,&quot;copyright&quot;:&quot;&quot;,&quot;focal_length&quot;:&quot;0&quot;,&quot;iso&quot;:&quot;0&quot;,&quot;shutter_speed&quot;:&quot;0&quot;,&quot;title&quot;:&quot;&quot;,&quot;orientation&quot;:&quot;0&quot;}\" data-image-title=\"image\" data-image-description=\"\" data-image-caption=\"\" data-medium-file=\"https:\/\/i0.wp.com\/blogdalucianaoliveira.com.br\/blog\/wp-content\/uploads\/2016\/07\/image-116.jpeg?fit=300%2C295\" data-large-file=\"https:\/\/i0.wp.com\/blogdalucianaoliveira.com.br\/blog\/wp-content\/uploads\/2016\/07\/image-116.jpeg?fit=600%2C590\" src=\"https:\/\/i0.wp.com\/blogdalucianaoliveira.com.br\/blog\/wp-content\/uploads\/2016\/07\/image-116.jpeg?resize=600%2C590\" alt=\"image\" width=\"600\" height=\"590\" class=\"alignnone size-full wp-image-2469\" srcset=\"https:\/\/i0.wp.com\/blogdalucianaoliveira.com.br\/blog\/wp-content\/uploads\/2016\/07\/image-116.jpeg?w=750 750w, https:\/\/i0.wp.com\/blogdalucianaoliveira.com.br\/blog\/wp-content\/uploads\/2016\/07\/image-116.jpeg?resize=300%2C295 300w, https:\/\/i0.wp.com\/blogdalucianaoliveira.com.br\/blog\/wp-content\/uploads\/2016\/07\/image-116.jpeg?resize=305%2C300 305w\" sizes=\"auto, (max-width: 600px) 100vw, 600px\" \/><\/p>\n","protected":false},"excerpt":{"rendered":"<p>H\u00e1 um ano, pesquisa Datafolha revelava que Michel Temer era um dos pol\u00edticos mais desconhecidos pela popula\u00e7\u00e3o brasileira.<\/p>\n","protected":false},"author":1,"featured_media":0,"comment_status":"closed","ping_status":"open","sticky":false,"template":"","format":"standard","meta":{"_exactmetrics_skip_tracking":false,"_exactmetrics_sitenote_active":false,"_exactmetrics_sitenote_note":"","_exactmetrics_sitenote_category":0,"jetpack_post_was_ever_published":false,"_jetpack_newsletter_access":"","_jetpack_dont_email_post_to_subs":false,"_jetpack_newsletter_tier_id":0,"_jetpack_memberships_contains_paywalled_content":false,"_jetpack_memberships_contains_paid_content":false,"footnotes":"","jetpack_publicize_message":"","jetpack_publicize_feature_enabled":true,"jetpack_social_post_already_shared":true,"jetpack_social_options":{"image_generator_settings":{"template":"highway","enabled":false},"version":2}},"categories":[1],"tags":[168,45],"class_list":["post-2459","post","type-post","status-publish","format-standard","hentry","category-notas","tag-datafolha","tag-temer"],"jetpack_publicize_connections":[],"jetpack_sharing_enabled":true,"jetpack_featured_media_url":"","jetpack_shortlink":"https:\/\/wp.me\/p7wKYW-DF","jetpack-related-posts":[],"_links":{"self":[{"href":"http:\/\/blogdalucianaoliveira.com.br\/blog\/wp-json\/wp\/v2\/posts\/2459","targetHints":{"allow":["GET"]}}],"collection":[{"href":"http:\/\/blogdalucianaoliveira.com.br\/blog\/wp-json\/wp\/v2\/posts"}],"about":[{"href":"http:\/\/blogdalucianaoliveira.com.br\/blog\/wp-json\/wp\/v2\/types\/post"}],"author":[{"embeddable":true,"href":"http:\/\/blogdalucianaoliveira.com.br\/blog\/wp-json\/wp\/v2\/users\/1"}],"replies":[{"embeddable":true,"href":"http:\/\/blogdalucianaoliveira.com.br\/blog\/wp-json\/wp\/v2\/comments?post=2459"}],"version-history":[{"count":2,"href":"http:\/\/blogdalucianaoliveira.com.br\/blog\/wp-json\/wp\/v2\/posts\/2459\/revisions"}],"predecessor-version":[{"id":2470,"href":"http:\/\/blogdalucianaoliveira.com.br\/blog\/wp-json\/wp\/v2\/posts\/2459\/revisions\/2470"}],"wp:attachment":[{"href":"http:\/\/blogdalucianaoliveira.com.br\/blog\/wp-json\/wp\/v2\/media?parent=2459"}],"wp:term":[{"taxonomy":"category","embeddable":true,"href":"http:\/\/blogdalucianaoliveira.com.br\/blog\/wp-json\/wp\/v2\/categories?post=2459"},{"taxonomy":"post_tag","embeddable":true,"href":"http:\/\/blogdalucianaoliveira.com.br\/blog\/wp-json\/wp\/v2\/tags?post=2459"}],"curies":[{"name":"wp","href":"https:\/\/api.w.org\/{rel}","templated":true}]}}