{"id":24590,"date":"2019-10-29T11:53:56","date_gmt":"2019-10-29T15:53:56","guid":{"rendered":"http:\/\/blogdalucianaoliveira.com.br\/blog\/?p=24590"},"modified":"2019-10-29T11:53:56","modified_gmt":"2019-10-29T15:53:56","slug":"convocacao-importante","status":"publish","type":"post","link":"http:\/\/blogdalucianaoliveira.com.br\/blog\/2019\/10\/29\/convocacao-importante\/","title":{"rendered":"Convoca\u00e7\u00e3o importante"},"content":{"rendered":"<p><img data-recalc-dims=\"1\" loading=\"lazy\" decoding=\"async\" data-attachment-id=\"24591\" data-permalink=\"http:\/\/blogdalucianaoliveira.com.br\/blog\/2019\/10\/29\/convocacao-importante\/88d479a6-c817-4e13-ac3e-f21382583c18\/\" data-orig-file=\"https:\/\/i0.wp.com\/blogdalucianaoliveira.com.br\/blog\/wp-content\/uploads\/2019\/10\/88D479A6-C817-4E13-AC3E-F21382583C18.jpeg?fit=793%2C1122\" data-orig-size=\"793,1122\" data-comments-opened=\"0\" data-image-meta=\"{&quot;aperture&quot;:&quot;0&quot;,&quot;credit&quot;:&quot;&quot;,&quot;camera&quot;:&quot;&quot;,&quot;caption&quot;:&quot;&quot;,&quot;created_timestamp&quot;:&quot;0&quot;,&quot;copyright&quot;:&quot;&quot;,&quot;focal_length&quot;:&quot;0&quot;,&quot;iso&quot;:&quot;0&quot;,&quot;shutter_speed&quot;:&quot;0&quot;,&quot;title&quot;:&quot;&quot;,&quot;orientation&quot;:&quot;0&quot;}\" data-image-title=\"88D479A6-C817-4E13-AC3E-F21382583C18\" data-image-description=\"\" data-image-caption=\"\" data-medium-file=\"https:\/\/i0.wp.com\/blogdalucianaoliveira.com.br\/blog\/wp-content\/uploads\/2019\/10\/88D479A6-C817-4E13-AC3E-F21382583C18.jpeg?fit=212%2C300\" data-large-file=\"https:\/\/i0.wp.com\/blogdalucianaoliveira.com.br\/blog\/wp-content\/uploads\/2019\/10\/88D479A6-C817-4E13-AC3E-F21382583C18.jpeg?fit=600%2C849\" src=\"https:\/\/i0.wp.com\/blogdalucianaoliveira.com.br\/blog\/wp-content\/uploads\/2019\/10\/88D479A6-C817-4E13-AC3E-F21382583C18.jpeg?resize=600%2C849\" alt=\"88D479A6-C817-4E13-AC3E-F21382583C18\" width=\"600\" height=\"849\" class=\"alignnone size-full wp-image-24591\" srcset=\"https:\/\/i0.wp.com\/blogdalucianaoliveira.com.br\/blog\/wp-content\/uploads\/2019\/10\/88D479A6-C817-4E13-AC3E-F21382583C18.jpeg?w=793 793w, https:\/\/i0.wp.com\/blogdalucianaoliveira.com.br\/blog\/wp-content\/uploads\/2019\/10\/88D479A6-C817-4E13-AC3E-F21382583C18.jpeg?resize=212%2C300 212w, https:\/\/i0.wp.com\/blogdalucianaoliveira.com.br\/blog\/wp-content\/uploads\/2019\/10\/88D479A6-C817-4E13-AC3E-F21382583C18.jpeg?resize=768%2C1087 768w, https:\/\/i0.wp.com\/blogdalucianaoliveira.com.br\/blog\/wp-content\/uploads\/2019\/10\/88D479A6-C817-4E13-AC3E-F21382583C18.jpeg?resize=724%2C1024 724w\" sizes=\"auto, (max-width: 600px) 100vw, 600px\" \/><\/p>\n<p>Quem tanto reclama dos problemas da cidade, tem que participar disso. <\/p>\n<p>VI Ciclo de Debates do ConCidade &#8211; Conselho Municipal da Cidade.<\/p>\n<p>Nesta quinta-feira, dia 31\/10, \u00e0s 19 hs, na UNIR-CENTRO. <\/p>\n<p>Estamos num momento crucial do processo de Revis\u00e3o do nosso Plano Diretor Municipal. <\/p>\n<p>H\u00e1 press\u00e3o para alterar pontos fundamentais do Plano, conquistados e pactuados democraticamente na Confer\u00eancia do dia 15\/08. <\/p>\n<p>Bora l\u00e1!<br \/>\nViver, resistir e testemunhar.<\/p>\n","protected":false},"excerpt":{"rendered":"<p>Quem tanto reclama dos problemas da cidade, tem que participar disso. VI Ciclo de Debates do ConCidade &#8211; Conselho Municipal da Cidade. Nesta quinta-feira, dia 31\/10, \u00e0s 19 hs, na UNIR-CENTRO. Estamos num momento crucial do processo de Revis\u00e3o do nosso Plano Diretor Municipal. H\u00e1 press\u00e3o para alterar pontos fundamentais do Plano, conquistados e pactuados&#8230;<a class=\"more-link\" href=\"http:\/\/blogdalucianaoliveira.com.br\/blog\/2019\/10\/29\/convocacao-importante\/\">Continue a leitura <span class=\"meta-nav\">&raquo;<\/span><\/a><\/p>\n","protected":false},"author":1,"featured_media":0,"comment_status":"closed","ping_status":"open","sticky":false,"template":"","format":"standard","meta":{"_exactmetrics_skip_tracking":false,"_exactmetrics_sitenote_active":false,"_exactmetrics_sitenote_note":"","_exactmetrics_sitenote_category":0,"jetpack_post_was_ever_published":false,"_jetpack_newsletter_access":"","_jetpack_dont_email_post_to_subs":false,"_jetpack_newsletter_tier_id":0,"_jetpack_memberships_contains_paywalled_content":false,"_jetpack_memberships_contains_paid_content":false,"footnotes":"","jetpack_publicize_message":"","jetpack_publicize_feature_enabled":true,"jetpack_social_post_already_shared":true,"jetpack_social_options":{"image_generator_settings":{"template":"highway","enabled":false},"version":2}},"categories":[1],"tags":[],"class_list":["post-24590","post","type-post","status-publish","format-standard","hentry","category-notas"],"jetpack_publicize_connections":[],"jetpack_sharing_enabled":true,"jetpack_featured_media_url":"","jetpack_shortlink":"https:\/\/wp.me\/p7wKYW-6oC","jetpack-related-posts":[],"_links":{"self":[{"href":"http:\/\/blogdalucianaoliveira.com.br\/blog\/wp-json\/wp\/v2\/posts\/24590","targetHints":{"allow":["GET"]}}],"collection":[{"href":"http:\/\/blogdalucianaoliveira.com.br\/blog\/wp-json\/wp\/v2\/posts"}],"about":[{"href":"http:\/\/blogdalucianaoliveira.com.br\/blog\/wp-json\/wp\/v2\/types\/post"}],"author":[{"embeddable":true,"href":"http:\/\/blogdalucianaoliveira.com.br\/blog\/wp-json\/wp\/v2\/users\/1"}],"replies":[{"embeddable":true,"href":"http:\/\/blogdalucianaoliveira.com.br\/blog\/wp-json\/wp\/v2\/comments?post=24590"}],"version-history":[{"count":1,"href":"http:\/\/blogdalucianaoliveira.com.br\/blog\/wp-json\/wp\/v2\/posts\/24590\/revisions"}],"predecessor-version":[{"id":24592,"href":"http:\/\/blogdalucianaoliveira.com.br\/blog\/wp-json\/wp\/v2\/posts\/24590\/revisions\/24592"}],"wp:attachment":[{"href":"http:\/\/blogdalucianaoliveira.com.br\/blog\/wp-json\/wp\/v2\/media?parent=24590"}],"wp:term":[{"taxonomy":"category","embeddable":true,"href":"http:\/\/blogdalucianaoliveira.com.br\/blog\/wp-json\/wp\/v2\/categories?post=24590"},{"taxonomy":"post_tag","embeddable":true,"href":"http:\/\/blogdalucianaoliveira.com.br\/blog\/wp-json\/wp\/v2\/tags?post=24590"}],"curies":[{"name":"wp","href":"https:\/\/api.w.org\/{rel}","templated":true}]}}