{"id":24596,"date":"2019-10-29T20:21:20","date_gmt":"2019-10-30T00:21:20","guid":{"rendered":"http:\/\/blogdalucianaoliveira.com.br\/blog\/?p=24596"},"modified":"2019-10-29T20:21:20","modified_gmt":"2019-10-30T00:21:20","slug":"gilmar-intima-ernesto-araujo-a-esclarecer-entendimento-de-genero","status":"publish","type":"post","link":"http:\/\/blogdalucianaoliveira.com.br\/blog\/2019\/10\/29\/gilmar-intima-ernesto-araujo-a-esclarecer-entendimento-de-genero\/","title":{"rendered":"Gilmar intima Ernesto Ara\u00fajo a esclarecer entendimento de g\u00eanero"},"content":{"rendered":"<p>l<br \/>\n<img data-recalc-dims=\"1\" loading=\"lazy\" decoding=\"async\" data-attachment-id=\"24597\" data-permalink=\"http:\/\/blogdalucianaoliveira.com.br\/blog\/2019\/10\/29\/gilmar-intima-ernesto-araujo-a-esclarecer-entendimento-de-genero\/6b1d53ea-e96d-44ce-948f-a8a4077ba7b7\/\" data-orig-file=\"https:\/\/i0.wp.com\/blogdalucianaoliveira.com.br\/blog\/wp-content\/uploads\/2019\/10\/6B1D53EA-E96D-44CE-948F-A8A4077BA7B7.jpeg?fit=300%2C200\" data-orig-size=\"300,200\" data-comments-opened=\"0\" data-image-meta=\"{&quot;aperture&quot;:&quot;0&quot;,&quot;credit&quot;:&quot;&quot;,&quot;camera&quot;:&quot;&quot;,&quot;caption&quot;:&quot;&quot;,&quot;created_timestamp&quot;:&quot;0&quot;,&quot;copyright&quot;:&quot;&quot;,&quot;focal_length&quot;:&quot;0&quot;,&quot;iso&quot;:&quot;0&quot;,&quot;shutter_speed&quot;:&quot;0&quot;,&quot;title&quot;:&quot;&quot;,&quot;orientation&quot;:&quot;0&quot;}\" data-image-title=\"6B1D53EA-E96D-44CE-948F-A8A4077BA7B7\" data-image-description=\"\" data-image-caption=\"\" data-medium-file=\"https:\/\/i0.wp.com\/blogdalucianaoliveira.com.br\/blog\/wp-content\/uploads\/2019\/10\/6B1D53EA-E96D-44CE-948F-A8A4077BA7B7.jpeg?fit=300%2C200\" data-large-file=\"https:\/\/i0.wp.com\/blogdalucianaoliveira.com.br\/blog\/wp-content\/uploads\/2019\/10\/6B1D53EA-E96D-44CE-948F-A8A4077BA7B7.jpeg?fit=300%2C200\" class=\"alignnone size-full wp-image-24597\" src=\"https:\/\/i0.wp.com\/blogdalucianaoliveira.com.br\/blog\/wp-content\/uploads\/2019\/10\/6B1D53EA-E96D-44CE-948F-A8A4077BA7B7.jpeg?resize=300%2C200\" alt=\"6B1D53EA-E96D-44CE-948F-A8A4077BA7B7\" width=\"300\" height=\"200\" \/><\/p>\n<p>No Conjur &#8211; O Ministro do Supremo Tribunal Federal Gilmar Mendes intimou\u00a0o ministro das Rela\u00e7\u00f5es Exteriores, Ernesto Ara\u00fajo, a prestar esclarecimentos sobre supostas instru\u00e7\u00f5es oficiais sobre o entendimento de g\u00eanero no Itamaraty.<!--more--><\/p>\n<p>A determina\u00e7\u00e3o foi provocada por reclama\u00e7\u00e3o da Associa\u00e7\u00e3o Brasileira de L\u00e9sbicas, Gays, Bissexuais, Travestis, Transexuais e Intersexos (ABGLT).<\/p>\n<p>A orienta\u00e7\u00e3o seria que diplomatas brasileiros reiterem em negocia\u00e7\u00f5es em foros multilaterais o entendimento do governo brasileiro de que a palavra g\u00eanero define exclusivamente o sexo biol\u00f3gico feminino ou masculino.<\/p>\n<p>Ao atender a solicita\u00e7\u00e3o do STF de mais informa\u00e7\u00f5es sobre o tema, o Minist\u00e9rio das Rela\u00e7\u00f5es Exteriores afirmou que o posicionamento visa atender a plataforma eleitoral do presidente Jair Bolsonaro.<\/p>\n<p>\u201cNo lugar do uso do termo \u2018igualdade de g\u00eanero\u2019, o Brasil favorece \u2018igualdade entre homens e mulheres\u2019, conforme estabelece a Constitui\u00e7\u00e3o Federal de 1988. A pol\u00edtica externa brasileira encontra-se em linha, ademais, com a legisla\u00e7\u00e3o federal e a Constitui\u00e7\u00e3o\u201d, se posicionou o MRE em sua manifesta\u00e7\u00e3o.<\/p>\n<p>No despacho, Gilmar pondera que \u201capesar de essas informa\u00e7\u00f5es prestadas sugerirem a exist\u00eancia de uma atualiza\u00e7\u00e3o da pol\u00edtica externa brasileira, considerando o entendimento de que \u201co termo \u2018g\u00eanero\u2019 \u00e9 sin\u00f4nimo de sexo biol\u00f3gico, feminino ou masculino\u201d, n\u00e3o \u00e9 poss\u00edvel depreender com clareza se foram ou n\u00e3o expedidos atos oficiais nesse sentido, os quais poderiam, ainda que em tese, configurar a viola\u00e7\u00e3o de direito nos termos alegados na inicial.<\/p>\n<p>Diante disso, o ministro \u2014 sem qualquer antecipa\u00e7\u00e3o de ju\u00edzo de conhecimento ou de m\u00e9rito da presente reclama\u00e7\u00e3o \u2014 decidiu intimar o ministro das Rela\u00e7\u00f5es Exteriores para que ele se manifeste especificamente sobre o tema.<\/p>\n<p>Gilmar tamb\u00e9m determinou que qualquer documento sigiloso do Itamaraty seja apartado dos autos com as devidas anota\u00e7\u00f5es de restri\u00e7\u00f5es de acesso.<\/p>\n<p><strong>Clique <a href=\"https:\/\/www.conjur.com.br\/dl\/gilmar-intima-chanceler-prestar.pdf\" target=\"_blank\">aqui<\/a> para ler o despacho do ministro Gilmar Mendes<\/strong><\/p>\n","protected":false},"excerpt":{"rendered":"<p>l No Conjur &#8211; O Ministro do Supremo Tribunal Federal Gilmar Mendes intimou\u00a0o ministro das Rela\u00e7\u00f5es Exteriores, Ernesto Ara\u00fajo, a prestar esclarecimentos sobre supostas instru\u00e7\u00f5es oficiais sobre o entendimento de g\u00eanero no Itamaraty.<\/p>\n","protected":false},"author":1,"featured_media":0,"comment_status":"closed","ping_status":"open","sticky":false,"template":"","format":"standard","meta":{"_exactmetrics_skip_tracking":false,"_exactmetrics_sitenote_active":false,"_exactmetrics_sitenote_note":"","_exactmetrics_sitenote_category":0,"jetpack_post_was_ever_published":false,"_jetpack_newsletter_access":"","_jetpack_dont_email_post_to_subs":false,"_jetpack_newsletter_tier_id":0,"_jetpack_memberships_contains_paywalled_content":false,"_jetpack_memberships_contains_paid_content":false,"footnotes":"","jetpack_publicize_message":"","jetpack_publicize_feature_enabled":true,"jetpack_social_post_already_shared":true,"jetpack_social_options":{"image_generator_settings":{"template":"highway","enabled":false},"version":2}},"categories":[1],"tags":[],"class_list":["post-24596","post","type-post","status-publish","format-standard","hentry","category-notas"],"jetpack_publicize_connections":[],"jetpack_sharing_enabled":true,"jetpack_featured_media_url":"","jetpack_shortlink":"https:\/\/wp.me\/p7wKYW-6oI","jetpack-related-posts":[],"_links":{"self":[{"href":"http:\/\/blogdalucianaoliveira.com.br\/blog\/wp-json\/wp\/v2\/posts\/24596","targetHints":{"allow":["GET"]}}],"collection":[{"href":"http:\/\/blogdalucianaoliveira.com.br\/blog\/wp-json\/wp\/v2\/posts"}],"about":[{"href":"http:\/\/blogdalucianaoliveira.com.br\/blog\/wp-json\/wp\/v2\/types\/post"}],"author":[{"embeddable":true,"href":"http:\/\/blogdalucianaoliveira.com.br\/blog\/wp-json\/wp\/v2\/users\/1"}],"replies":[{"embeddable":true,"href":"http:\/\/blogdalucianaoliveira.com.br\/blog\/wp-json\/wp\/v2\/comments?post=24596"}],"version-history":[{"count":1,"href":"http:\/\/blogdalucianaoliveira.com.br\/blog\/wp-json\/wp\/v2\/posts\/24596\/revisions"}],"predecessor-version":[{"id":24598,"href":"http:\/\/blogdalucianaoliveira.com.br\/blog\/wp-json\/wp\/v2\/posts\/24596\/revisions\/24598"}],"wp:attachment":[{"href":"http:\/\/blogdalucianaoliveira.com.br\/blog\/wp-json\/wp\/v2\/media?parent=24596"}],"wp:term":[{"taxonomy":"category","embeddable":true,"href":"http:\/\/blogdalucianaoliveira.com.br\/blog\/wp-json\/wp\/v2\/categories?post=24596"},{"taxonomy":"post_tag","embeddable":true,"href":"http:\/\/blogdalucianaoliveira.com.br\/blog\/wp-json\/wp\/v2\/tags?post=24596"}],"curies":[{"name":"wp","href":"https:\/\/api.w.org\/{rel}","templated":true}]}}