{"id":24601,"date":"2019-10-30T08:58:22","date_gmt":"2019-10-30T12:58:22","guid":{"rendered":"http:\/\/blogdalucianaoliveira.com.br\/blog\/?p=24601"},"modified":"2019-10-30T08:59:24","modified_gmt":"2019-10-30T12:59:24","slug":"bolsonaro-aciona-moro-para-ouvir-porteiro-que-o-associou-a-suspeito-de-morte-de-marielle","status":"publish","type":"post","link":"http:\/\/blogdalucianaoliveira.com.br\/blog\/2019\/10\/30\/bolsonaro-aciona-moro-para-ouvir-porteiro-que-o-associou-a-suspeito-de-morte-de-marielle\/","title":{"rendered":"Bolsonaro aciona Moro para ouvir porteiro que o associou a suspeito de morte de Marielle"},"content":{"rendered":"<p><img data-recalc-dims=\"1\" decoding=\"async\" src=\"https:\/\/i0.wp.com\/ichef.bbci.co.uk\/news\/660\/cpsprodpb\/18565\/production\/_109458699_whatsappimage2019-10-30at08.18.09.jpg?w=600&#038;ssl=1\" alt=\"Bolsonaro\" \/><\/p>\n<div class=\"byline\"><\/div>\n<div class=\"byline\">\n<p class=\"story-body__introduction\">Irritado, o presidente Jair Bolsonaro disse nesta quarta-feira (30) que est\u00e1 conversando com o ministro Sergio Moro (Justi\u00e7a e Seguran\u00e7a P\u00fablica) para que a Pol\u00edcia Federal colha um novo depoimento do porteiro que associou o presidente ao principal suspeito do assassinato da vereadora Marielle Franco em 14 de mar\u00e7o de 2018.<\/p>\n<p><!--more--><\/p>\n<div class=\"byline\"><span class=\"byline__name\">Ricardo Senra <\/span><\/div>\n<div class=\"byline\"><span class=\"byline__title\">Enviado da BBC News Brasil a Riade (Ar\u00e1bia Saudita)<\/span><\/div>\n<div class=\"byline\"><\/div>\n<p>&#8220;Estou conversando com o ministro da Justi\u00e7a para a gente tomar, via Pol\u00edcia Federal, um novo depoimento desse porteiro pela PF para esclarecer de vez esse fato, de modo que esse fantasma que querem colocar no meu colo como poss\u00edvel mentor da morte de Marielle seja enterrado de vez&#8221;, disse Bolsonaro em Riade, capital da Ar\u00e1bia Saudita.<\/p>\n<p>O presidente afirmou n\u00e3o saber quem \u00e9 o porteiro citado em reportagem da TV Globo nesta ter\u00e7a-feira.<\/p>\n<p>Segundo a reportagem do Jornal Nacional, um porteiro do condom\u00ednio Vivendas da Barra, na Barra da Tijuca, zona oeste do Rio de Janeiro, disse em depoimento \u00e0 Pol\u00edcia Civil do Rio de Janeiro que, no dia do assassinato, um dos suspeitos se dirigiu at\u00e9 o conjunto de casas onde vive o presidente, horas antes do crime.<\/p>\n<div id=\"comp-pattern-library\" class=\"distinct-component-group container-parrot wsoj-component\" data-variation=\"default-0\">\n<p>Ao porteiro, o ex-policial-militar \u00c9lcio Vieira de Queiroz teria dito que iria \u00e0 casa de n\u00famero 58 \u2014 que pertence ao presidente.<\/p>\n<figure class=\"media-landscape has-caption full-width\"><span class=\"image-and-copyright-container\"><img data-recalc-dims=\"1\" loading=\"lazy\" decoding=\"async\" class=\"responsive-image__img js-image-replace\" src=\"https:\/\/i0.wp.com\/ichef.bbci.co.uk\/news\/624\/cpsprodpb\/9AE7\/production\/_109455693_hi057165045.jpg?resize=600%2C338&#038;ssl=1\" alt=\"Marielle Franco discursa no parlat\u00f3rio na C\u00e2mara dos Vereadores do Rio em foto de 2018\" width=\"600\" height=\"338\" data-highest-encountered-width=\"624\" \/><span class=\"off-screen\">Direito de imagem<\/span><span class=\"story-image-copyright\">RENAN OLAZ\/C\u00c2MARA MUNICIPAL DO RJ<\/span><\/span><figcaption class=\"media-caption\"><span class=\"off-screen\">Image caption<\/span><span class=\"media-caption__text\">Marielle Franco em foto de 2018; ela e o motorista Anderson Gomes foram assassinados em mar\u00e7o daquele ano<\/span><\/figcaption><\/figure>\n<p>Ao receb\u00ea-lo na guarita, o porteiro teria ligado na casa 58 para confirmar se o visitante poderia entrar, e algu\u00e9m na resid\u00eancia autorizou a entrada do ve\u00edculo, um Renault Logan. Em dois depoimentos \u00e0 Pol\u00edcia Civil do RJ, o porteiro disse ter reconhecido a voz de quem atendeu como sendo a do &#8220;Seu Jair&#8221;, segundo o Jornal Nacional.<\/p>\n<p>Uma vez dentro do condom\u00ednio, ele n\u00e3o foi \u00e0 casa de\u00a0<a class=\"story-body__link\" href=\"https:\/\/www.bbc.co.uk\/portuguese\/topics\/f21d4493-e3bd-47df-b23c-1d57f0e3e818\">Bolsonaro<\/a>, segundo a testemunha: ele dirigiu at\u00e9 o im\u00f3vel 66. \u00c9 onde mora Ronnie Lessa, acusado de fazer os disparos que mataram Marielle e Anderson.<\/p>\n<p>&#8220;O porteiro ou se equivocou, ou n\u00e3o leu o que assinou. Pode o delegado ter escrito o que bem entendeu e o porteiro, uma pessoa humilde, ter assinado embaixo&#8221;, disse Bolsonaro a jornalistas na Ar\u00e1bia Saudita.<\/p>\n<\/div>\n<\/div>\n<p>&nbsp;<\/p>\n<p>&#8220;N\u00f3s sabemos que (porteiros) s\u00e3o pessoas humildes, que quando s\u00e3o tomadas depoimento, sempre ficam preocupadas com algo. O porteiro est\u00e1 sendo usado pelo delegado da Pol\u00edcia Civil, que segue ordens do Sr. Witzel governador.&#8221;<\/p>\n<p>O advogado do presidente da Rep\u00fablica, Frederick Wassef, disse que \u00e9 imposs\u00edvel Bolsonaro ter falado com \u00c9lcio ao interfone \u2014 o presidente estaria em Bras\u00edlia no dia da morte de Marielle, conforme registro de vota\u00e7\u00f5es da C\u00e2mara dos Deputados e v\u00eddeos postados por Bolsonaro nas redes sociais.<\/p>\n<p>Naquele dia, Bolsonaro tamb\u00e9m postou v\u00eddeos em suas redes sociais. Nas grava\u00e7\u00f5es, ele aparece dentro de seu antigo gabinete de deputado federal, na C\u00e2mara, e em outro local do Congresso, de acordo com a reportagem do JN.<\/p>\n<p>Pessoas ligadas \u00e0 investiga\u00e7\u00e3o disseram ao Jornal Nacional que \u00c9lcio e Ronnie deixaram o condom\u00ednio minutos depois da entrada do primeiro; mas estavam no carro de Ronnie. Em seguida, embarcaram no carro usado no crime num local pr\u00f3ximo ao condom\u00ednio, ainda segundo investiga\u00e7\u00f5es.<\/p>\n<figure class=\"media-landscape has-caption full-width\"><span class=\"image-and-copyright-container\"><img data-recalc-dims=\"1\" loading=\"lazy\" decoding=\"async\" class=\"responsive-image__img js-image-replace\" src=\"https:\/\/i0.wp.com\/ichef.bbci.co.uk\/news\/624\/cpsprodpb\/13727\/production\/_109455697_hi057584854.jpg?resize=600%2C338&#038;ssl=1\" alt=\"Bolsonaro aparece de perfil e, atr\u00e1s, com sua imagem projetada no tel\u00e3o\" width=\"600\" height=\"338\" data-highest-encountered-width=\"624\" \/><span class=\"off-screen\">Direito de imagem<\/span><span class=\"story-image-copyright\">EPA\/ALI HAIDER<\/span><\/span><figcaption class=\"media-caption\"><span class=\"off-screen\">Image caption<\/span><span class=\"media-caption__text\">Cita\u00e7\u00e3o ao nome do presidente pode levar caso ao STF, j\u00e1 que ele tem foro privilegiado<\/span><\/figcaption><\/figure>\n<h2 class=\"story-body__crosshead\">Bolsonaro acusa Witzel de tentar incrimin\u00e1-lo<\/h2>\n<p>Durante a entrevista a jornalistas, Bolsonaro acusou o governador do Rio de Janeiro, Wilson Witzel, de tramar para destruir sua reputa\u00e7\u00e3o.<\/p>\n<p>&#8220;No dia 9 de outubro, \u00e0s 21h, eu estava no Clube Naval do Rio de Janeiro quando chegou o governador Witzel. Foi uma surpresa para os dois. Ele chegou perto de mim e falou o seguinte: &#8216;O processo est\u00e1 no Supremo.&#8217; Perguntei que processo. &#8216;O processo da Marielle. O porteiro citou seu nome.&#8217;, disse o presidente.<\/p>\n<p>Ele continuou: &#8220;Ou seja: Witzel sabia do processo que estava em segredo de Justi\u00e7a e comentou comigo. No meu entendimento, o sr. Witzel estava conduzindo o processo com o delegado da Pol\u00edcia Civil para tentar me incriminar ou ao menos manchar o meu nome com esta falsa acusa\u00e7\u00e3o.&#8221;<\/p>\n<p>O presidente da Rep\u00fablica disse que o governador do Rio de Janeiro era uma pessoa desconhecida que teria usado a popularidade da familia Bolsonaro para se eleger.<\/p>\n<p>&#8220;Colou no Fl\u00e1vio Bolsonaro e em mim para poder se eleger governador do Rio de Janeiro. Depois de eleito, elegeu Fl\u00e1vio e eu como inimigos.&#8221;<\/p>\n<p>&#8220;Por que ele tem essa tara em cima de mim e do Fl\u00e1vio? Porque ele quer destriuir a minha reputa\u00e7\u00e3o atacando o que de mais sagrado eu tenho que \u00e9 o combate \u00e0 corrup\u00e7\u00e3o e a honestidade.&#8221;<\/p>\n<p>Em nota, divulgada ontem, o governador do Rio de Janeiro, Wilson Witzel, afirmou n\u00e3o transitar &#8220;no terreno da ilegalidade&#8221;, negou ter vazado qualquer informa\u00e7\u00e3o da investiga\u00e7\u00e3o \u00e0 TV Globo e disse ter sido atacado injustamente.<\/p>\n<p>&#8220;Lamento profundamente a manifesta\u00e7\u00e3o intempestiva do presidente Jair Bolsonaro. Ressalto que jamais houve qualquer tipo de interfer\u00eancia pol\u00edtica nas investiga\u00e7\u00f5es conduzidas pelo Minist\u00e9rio P\u00fablico e a cargo da Pol\u00edcia Civil.&#8221;<\/p>\n<p>E acrescentou: &#8220;N\u00e3o farei como fizeram comigo, prejulgar e condenar sem provas&#8221;.<\/p>\n<h2 class=\"story-body__crosshead\">Em live, Bolsonaro ataca Globo, Witzel e Pol\u00edcia Civil do Rio<\/h2>\n<p>Pouco depois da divulga\u00e7\u00e3o da reportagem, o presidente da Rep\u00fablica transmitiu um v\u00eddeo ao vivo em sua conta no Facebook. A transmiss\u00e3o foi ao ar pouco antes das 22h em Bras\u00edlia, ou cerca de 4h da manh\u00e3 em Riade, na Ar\u00e1bia Saudita, onde Bolsonaro se encontra.<\/p>\n<p>Na transmiss\u00e3o, Bolsonaro acusou Witzel de ter vazado as informa\u00e7\u00f5es para a TV Globo \u2014 o processo corre em sigilo.<\/p>\n<p>&#8220;Digo mais, seu governador Witzel&#8230; Tamb\u00e9m diz aqui na (revista) Veja que o senhor teria vazado esse processo, que est\u00e1 em segredo de Justi\u00e7a, para a Globo. O senhor s\u00f3 se elegeu governador porque o senhor ficou o tempo todo colado com o Fl\u00e1vio Bolsonaro, meu filho. Ao chegar ao governo, a primeira coisa que o senhor fez foi transformar-se em inimigo dele&#8221;, disse Bolsonaro na transmiss\u00e3o.<\/p>\n<p>A transmiss\u00e3o durou cerca de 20 minutos. Ao fim, o presidente pediu desculpas por ter se exaltado.<\/p>\n<p>&#8220;Qual \u00e9 a inten\u00e7\u00e3o disso tudo? A inten\u00e7\u00e3o \u00e9 sempre a mesma: o tempo todo ficam em cima da minha vida, dos meus filhos, quem est\u00e1 pr\u00f3ximo de mim. O processo corre em segredo de Justi\u00e7a e de repente vaza. Vaza pra quem? Pra Globo. \u00c9 sempre a Globo dar o furo (de reportagem)!&#8221;, disse em outro momento o presidente.<\/p>\n<p>&#8220;TV Globo, voc\u00eas tiveram acesso a um processo sigiloso. Voc\u00eas t\u00eam que ser investigados no tocante a isso&#8221;, disse.<\/p>\n<p>O presidente tamb\u00e9m acusou a Pol\u00edcia Civil do Rio de ter orquestrado uma &#8220;farsa&#8221; e disse acreditar que o porteiro pode ter sido levado a assinar algo que n\u00e3o correspondia ao seu verdadeiro depoimento. &#8220;Ou o porteiro mentiu, ou induziram o porteiro a cometer o falso testemunho, ou escreveram algo que o porteiro depois assinou embaixo (sem checar o teor)&#8221;, disse.<\/p>\n<h2 class=\"story-body__crosshead\">Caso pode subir para o STF<\/h2>\n<p>A men\u00e7\u00e3o ao nome de Bolsonaro pode fazer com que a investiga\u00e7\u00e3o sobre as mortes de Marielle Franco e Anderson Gomes deixe a Justi\u00e7a do Estado do Rio e v\u00e1 para o Supremo Tribunal Federal (STF). Isto porque o presidente da Rep\u00fablica possui o chamado &#8220;foro privilegiado&#8221;.<\/p>\n<p>Neste caso, quem tocaria a investiga\u00e7\u00e3o seria a Procuradoria-Geral da Rep\u00fablica (PGR), hoje comandada por Augusto Aras.<\/p>\n<p>Os investigadores do Minist\u00e9rio P\u00fablico do Rio que cuidam do caso chegaram a se encontrar com o presidente do\u00a0<a class=\"story-body__link\" href=\"https:\/\/www.bbc.co.uk\/portuguese\/topics\/e088e313-856d-4f22-8d76-d0140341b2e1\">STF<\/a>, o ministro Dias Toffoli, para saber se deveriam continuar nas investiga\u00e7\u00f5es ou se o caso iria para Bras\u00edlia. Toffoli ainda n\u00e3o respondeu, segundo a apura\u00e7\u00e3o do Jornal Nacional.<\/p>\n<h2 class=\"story-body__crosshead\">A nota emitida pelo governador Wilson Witzel na \u00edntegra<\/h2>\n<p><i>&#8220;Lamento profundamente a manifesta\u00e7\u00e3o intempestiva do presidente Jair Bolsonaro. Ressalto que jamais houve qualquer tipo de interfer\u00eancia pol\u00edtica nas investiga\u00e7\u00f5es conduzidas pelo Minist\u00e9rio P\u00fablico e a cargo da Pol\u00edcia Civil. Em meu governo as institui\u00e7\u00f5es funcionam plenamente e o respeito \u00e0 lei rege todas as nossas a\u00e7\u00f5es. N\u00e3o transitamos no terreno da ilegalidade, n\u00e3o compactuo com vazamentos \u00e0 imprensa.<\/i><\/p>\n<p><i>N\u00e3o farei como fizeram comigo, prejulgar e condenar sem provas. Hoje, fui atacado injustamente. Ainda assim, defenderei, como fiz durante os anos em que exerci a Magistratura, o equil\u00edbrio e o bom senso nas rela\u00e7\u00f5es pessoais e institucionais. Fui eleito sob a bandeira da \u00e9tica, da moralidade e do combate \u00e0 corrup\u00e7\u00e3o. E deste caminho jamais me afastarei.&#8221;<\/i><\/p>\n<p><i>(Colaboraram Andr\u00e9 Shalders e Mariana Alvim, da BBC News Brasil em Bras\u00edlia e em S\u00e3o Paulo)<\/i><\/p>\n","protected":false},"excerpt":{"rendered":"<p>Irritado, o presidente Jair Bolsonaro disse nesta quarta-feira (30) que est\u00e1 conversando com o ministro Sergio Moro (Justi\u00e7a e Seguran\u00e7a P\u00fablica) para que a Pol\u00edcia Federal colha um novo depoimento do porteiro que associou o presidente ao principal suspeito do assassinato da vereadora Marielle Franco em 14 de mar\u00e7o de 2018.<\/p>\n","protected":false},"author":1,"featured_media":0,"comment_status":"closed","ping_status":"open","sticky":false,"template":"","format":"standard","meta":{"_exactmetrics_skip_tracking":false,"_exactmetrics_sitenote_active":false,"_exactmetrics_sitenote_note":"","_exactmetrics_sitenote_category":0,"jetpack_post_was_ever_published":false,"_jetpack_newsletter_access":"","_jetpack_dont_email_post_to_subs":false,"_jetpack_newsletter_tier_id":0,"_jetpack_memberships_contains_paywalled_content":false,"_jetpack_memberships_contains_paid_content":false,"footnotes":"","jetpack_publicize_message":"","jetpack_publicize_feature_enabled":true,"jetpack_social_post_already_shared":true,"jetpack_social_options":{"image_generator_settings":{"template":"highway","enabled":false},"version":2}},"categories":[1],"tags":[],"class_list":["post-24601","post","type-post","status-publish","format-standard","hentry","category-notas"],"jetpack_publicize_connections":[],"jetpack_sharing_enabled":true,"jetpack_featured_media_url":"","jetpack_shortlink":"https:\/\/wp.me\/p7wKYW-6oN","jetpack-related-posts":[],"_links":{"self":[{"href":"http:\/\/blogdalucianaoliveira.com.br\/blog\/wp-json\/wp\/v2\/posts\/24601","targetHints":{"allow":["GET"]}}],"collection":[{"href":"http:\/\/blogdalucianaoliveira.com.br\/blog\/wp-json\/wp\/v2\/posts"}],"about":[{"href":"http:\/\/blogdalucianaoliveira.com.br\/blog\/wp-json\/wp\/v2\/types\/post"}],"author":[{"embeddable":true,"href":"http:\/\/blogdalucianaoliveira.com.br\/blog\/wp-json\/wp\/v2\/users\/1"}],"replies":[{"embeddable":true,"href":"http:\/\/blogdalucianaoliveira.com.br\/blog\/wp-json\/wp\/v2\/comments?post=24601"}],"version-history":[{"count":2,"href":"http:\/\/blogdalucianaoliveira.com.br\/blog\/wp-json\/wp\/v2\/posts\/24601\/revisions"}],"predecessor-version":[{"id":24603,"href":"http:\/\/blogdalucianaoliveira.com.br\/blog\/wp-json\/wp\/v2\/posts\/24601\/revisions\/24603"}],"wp:attachment":[{"href":"http:\/\/blogdalucianaoliveira.com.br\/blog\/wp-json\/wp\/v2\/media?parent=24601"}],"wp:term":[{"taxonomy":"category","embeddable":true,"href":"http:\/\/blogdalucianaoliveira.com.br\/blog\/wp-json\/wp\/v2\/categories?post=24601"},{"taxonomy":"post_tag","embeddable":true,"href":"http:\/\/blogdalucianaoliveira.com.br\/blog\/wp-json\/wp\/v2\/tags?post=24601"}],"curies":[{"name":"wp","href":"https:\/\/api.w.org\/{rel}","templated":true}]}}