{"id":24604,"date":"2019-10-30T09:02:36","date_gmt":"2019-10-30T13:02:36","guid":{"rendered":"http:\/\/blogdalucianaoliveira.com.br\/blog\/?p=24604"},"modified":"2019-10-30T09:02:36","modified_gmt":"2019-10-30T13:02:36","slug":"bolsonaro-confessa-que-witzel-lhe-falou-sobre-o-porteiro-em-9-de-outubro","status":"publish","type":"post","link":"http:\/\/blogdalucianaoliveira.com.br\/blog\/2019\/10\/30\/bolsonaro-confessa-que-witzel-lhe-falou-sobre-o-porteiro-em-9-de-outubro\/","title":{"rendered":"Bolsonaro confessa que Witzel lhe falou sobre o porteiro em 9 de outubro"},"content":{"rendered":"<h2 class=\"article__headline marginBottom30\"><time class=\"articleMetadata__info\" datetime=\"2019-10-30T09:08:33-03:00\"><\/time><picture><source srcset=\"https:\/\/publisher-publish.s3.eu-central-1.amazonaws.com\/pb-brasil247\/swp\/jtjeq9\/media\/2019103013108_c8fdcd89-6864-4d5e-a46c-c274413fa24f.webp\" type=\"image\/webp\" media=\"(max-width: 680px)\" \/><source srcset=\"https:\/\/publisher-publish.s3.eu-central-1.amazonaws.com\/pb-brasil247\/swp\/jtjeq9\/media\/2019103013108_c8fdcd89-6864-4d5e-a46c-c274413fa24f.jpeg\" type=\"image\/jpeg\" media=\"(max-width: 680px)\" \/><source srcset=\"https:\/\/publisher-publish.s3.eu-central-1.amazonaws.com\/pb-brasil247\/swp\/jtjeq9\/media\/2019103013108_b6d31e4a-14da-4ca6-a28c-f98ac0227148.webp\" type=\"image\/webp\" media=\"(min-width: 681px)\" \/><source srcset=\"https:\/\/publisher-publish.s3.eu-central-1.amazonaws.com\/pb-brasil247\/swp\/jtjeq9\/media\/2019103013108_b6d31e4a-14da-4ca6-a28c-f98ac0227148.jpeg\" type=\"image\/jpeg\" media=\"(min-width: 681px)\" \/><img data-recalc-dims=\"1\" decoding=\"async\" title=\" (Foto: Marcos Corr\u00eaa\/PR | Alerj | Reprodu\u00e7\u00e3o)\" src=\"https:\/\/i0.wp.com\/publisher-publish.s3.eu-central-1.amazonaws.com\/pb-brasil247\/swp\/jtjeq9\/media\/2019103013108_b6d31e4a-14da-4ca6-a28c-f98ac0227148.jpeg?w=600&#038;ssl=1\" alt=\"\" \/><\/picture>(Foto: Marcos Corr\u00eaa\/PR | Alerj | Reprodu\u00e7\u00e3o)<\/p>\n<h2 class=\"article__headline marginBottom30\">Jair Bolsonaro confessou em entrevista na manh\u00e3 desta quarta em Riad (Ar\u00e1bia Saudita) que o governador do Rio, Wilson Witzel, contou a ele em 9 de outubro que o porteiro do Condom\u00ednio Vivendas da Barra havia citado seu nome em depoimento nas investiga\u00e7\u00f5es sobre o assassinato de Marielle Franco. A confiss\u00e3o agrava situa\u00e7\u00e3o de Bolsonaro no caso da morte de Marielle.<\/h2>\n<div class=\"article__lead\"><\/div>\n<\/h2>\n<p><!--more--><\/p>\n<div class=\"article__text marginTop30\">\u00a0<b>247\u00a0<\/b>&#8211; Jair Bolsonaro (PSL) afirmou nesta quarta-feira (30) que o governador do Rio de Janeiro, Wilson Witzel (PSC), contou a ele em 9 de outubro que o porteiro do Condom\u00ednio Vivendas da Barra, havia citado seu nome em depoimento nas invetiga\u00e7\u00f5es sobre o assassinato da vereadora Marielle Franco (PSOL) e do motorista Anderson Gomes. Em Riad, capital da Ar\u00e1bia Saudita, Bolsonaro novamente atacou Witzel, acusando o chefe do Executivo fluminense de vazar de forma indevida detalhes das investiga\u00e7\u00f5es para prejudic\u00e1-lo, tendo em vista a possibilidade de Witzel se candidatar a presidente da Rep\u00fablica em 2022.<\/div>\n<div class=\"article__text marginTop30\">\n<p>&#8220;No meu entendimento, o senhor Witzel estava conduzindo o processo com o delegado da Pol\u00edcia Civil pra tentar me incriminar ou pelo menos manchar o meu nome com essa falsa acusa\u00e7\u00e3o, que eu poderia estar envolvido na morte da senhora Marielle&#8221;, disse Bolsonaro.<\/p>\n<div class=\"contentAd contentAd--noBackground marginBottom30\">A conversa com Witzel teria ocorrido num evento no Clube Naval do Rio de Janeiro, h\u00e1 21 dias. O evento citado por Bolsonaro n\u00e3o consta da agenda oficial do presidente. Naquele dia, a agenda previa uma reuni\u00e3o \u00e0s 17h30.De acordo com reportagem do\u00a0<a href=\"https:\/\/g1.globo.com\/jornal-nacional\/\"><b>Jornal Nacional<\/b><\/a>, na ter\u00e7a (29), o porteiro contou \u00e0 pol\u00edcia que horas antes do crime, em 14 de mar\u00e7o, outro suspeito, Elcio Queiroz, disse que iria para a casa do ent\u00e3o deputado Jair Bolsonaro. Queiroz, que havia postado foto no Facebook, com Bolsonaro, entrou e saiu do local em um carro com o policial militar reformado Ronnie Lessa, apontado pelo Minist\u00e9rio P\u00fablico e pela Pol\u00edcia Civil como o autor dos disparos que mataram Marielle e Anderson.<\/p>\n<p>Ao saber da mat\u00e9ria, Bolsonaro atacou Witzel em live transmitida na Ar\u00e1bia Saudita. \u201cAcabei de ver aqui na ficha que o senhor (Witzel) teria vazado esse processo que est\u00e1 em segredo de Justi\u00e7a para a Globo. O senhor s\u00f3 se elegeu governador porque o senhor ficou o tempo todo colado no Fl\u00e1vio Bolsonaro [senador Fl\u00e1vio Bolsonaro (PSL-RJ)], meu filho\u201d, disse.<\/p>\n<p>&nbsp;<\/p>\n<\/div>\n<\/div>\n","protected":false},"excerpt":{"rendered":"<p>(Foto: Marcos Corr\u00eaa\/PR | Alerj | Reprodu\u00e7\u00e3o) Jair Bolsonaro confessou em entrevista na manh\u00e3 desta quarta em Riad (Ar\u00e1bia Saudita) que o governador do Rio, Wilson Witzel, contou a ele em 9 de outubro que o porteiro do Condom\u00ednio Vivendas da Barra havia citado seu nome em depoimento nas investiga\u00e7\u00f5es sobre o assassinato de Marielle&#8230;<a class=\"more-link\" href=\"http:\/\/blogdalucianaoliveira.com.br\/blog\/2019\/10\/30\/bolsonaro-confessa-que-witzel-lhe-falou-sobre-o-porteiro-em-9-de-outubro\/\">Continue a leitura <span class=\"meta-nav\">&raquo;<\/span><\/a><\/p>\n","protected":false},"author":1,"featured_media":0,"comment_status":"closed","ping_status":"open","sticky":false,"template":"","format":"standard","meta":{"_exactmetrics_skip_tracking":false,"_exactmetrics_sitenote_active":false,"_exactmetrics_sitenote_note":"","_exactmetrics_sitenote_category":0,"jetpack_post_was_ever_published":false,"_jetpack_newsletter_access":"","_jetpack_dont_email_post_to_subs":false,"_jetpack_newsletter_tier_id":0,"_jetpack_memberships_contains_paywalled_content":false,"_jetpack_memberships_contains_paid_content":false,"footnotes":"","jetpack_publicize_message":"","jetpack_publicize_feature_enabled":true,"jetpack_social_post_already_shared":true,"jetpack_social_options":{"image_generator_settings":{"template":"highway","enabled":false},"version":2}},"categories":[1],"tags":[],"class_list":["post-24604","post","type-post","status-publish","format-standard","hentry","category-notas"],"jetpack_publicize_connections":[],"jetpack_sharing_enabled":true,"jetpack_featured_media_url":"","jetpack_shortlink":"https:\/\/wp.me\/p7wKYW-6oQ","jetpack-related-posts":[],"_links":{"self":[{"href":"http:\/\/blogdalucianaoliveira.com.br\/blog\/wp-json\/wp\/v2\/posts\/24604","targetHints":{"allow":["GET"]}}],"collection":[{"href":"http:\/\/blogdalucianaoliveira.com.br\/blog\/wp-json\/wp\/v2\/posts"}],"about":[{"href":"http:\/\/blogdalucianaoliveira.com.br\/blog\/wp-json\/wp\/v2\/types\/post"}],"author":[{"embeddable":true,"href":"http:\/\/blogdalucianaoliveira.com.br\/blog\/wp-json\/wp\/v2\/users\/1"}],"replies":[{"embeddable":true,"href":"http:\/\/blogdalucianaoliveira.com.br\/blog\/wp-json\/wp\/v2\/comments?post=24604"}],"version-history":[{"count":1,"href":"http:\/\/blogdalucianaoliveira.com.br\/blog\/wp-json\/wp\/v2\/posts\/24604\/revisions"}],"predecessor-version":[{"id":24605,"href":"http:\/\/blogdalucianaoliveira.com.br\/blog\/wp-json\/wp\/v2\/posts\/24604\/revisions\/24605"}],"wp:attachment":[{"href":"http:\/\/blogdalucianaoliveira.com.br\/blog\/wp-json\/wp\/v2\/media?parent=24604"}],"wp:term":[{"taxonomy":"category","embeddable":true,"href":"http:\/\/blogdalucianaoliveira.com.br\/blog\/wp-json\/wp\/v2\/categories?post=24604"},{"taxonomy":"post_tag","embeddable":true,"href":"http:\/\/blogdalucianaoliveira.com.br\/blog\/wp-json\/wp\/v2\/tags?post=24604"}],"curies":[{"name":"wp","href":"https:\/\/api.w.org\/{rel}","templated":true}]}}