{"id":24606,"date":"2019-10-30T09:04:55","date_gmt":"2019-10-30T13:04:55","guid":{"rendered":"http:\/\/blogdalucianaoliveira.com.br\/blog\/?p=24606"},"modified":"2019-10-30T09:05:45","modified_gmt":"2019-10-30T13:05:45","slug":"marielle-leva-bolsonaro-ao-topo-do-washington-post","status":"publish","type":"post","link":"http:\/\/blogdalucianaoliveira.com.br\/blog\/2019\/10\/30\/marielle-leva-bolsonaro-ao-topo-do-washington-post\/","title":{"rendered":"Marielle leva Bolsonaro ao topo do Washington Post"},"content":{"rendered":"<header class=\"c-content-head\" data-share-text=\"\">\n<div class=\"c-content-head__wrap\">\n<h2 class=\"c-content-head__subtitle\"><img data-recalc-dims=\"1\" decoding=\"async\" src=\"https:\/\/i0.wp.com\/f.i.uol.com.br\/fotografia\/2019\/10\/30\/15724363855db979a15bb8d_1572436385_16x9_md.jpg?w=600&#038;ssl=1\" \/><\/h2>\n<h2 class=\"c-content-head__subtitle\">Pelo mundo, Bloomberg, AFP e outras ecoam not\u00edcia do JN recorrendo \u00e0 rea\u00e7\u00e3o do presidente brasileiro, que Clar\u00edn v\u00ea &#8216;exaltado e aos gritos&#8217;<\/h2>\n<\/div>\n<\/header>\n<p><!--more--><\/p>\n<div class=\"c-tools-share c-tools-share--bordered-md toolbar rs_skip\">Na FSP<\/div>\n<div class=\"c-tools-share c-tools-share--bordered-md toolbar rs_skip\"><\/div>\n<div class=\"c-tools-share c-tools-share--bordered-md toolbar rs_skip\">\n<div class=\"c-news__body\" data-share-text=\"\" data-news-content-text=\"\" data-disable-copy=\"\" data-continue-reading=\"\" data-continue-reading-hide-others=\".js-continue-reading-hidden\">\n<p>No in\u00edcio da manh\u00e3 desta quarta (30), a not\u00edcia do\u00a0<a href=\"https:\/\/globoplay.globo.com\/v\/8044834\/\">Jornal Nacional<\/a>\u00a0de que a investiga\u00e7\u00e3o da morte de Marielle Franco chegou a Jair Bolsonaro j\u00e1 estava no alto da home page do\u00a0<a href=\"https:\/\/www.washingtonpost.com\/nation\/2019\/10\/30\/jair-bolsonaro-marielle-franco-murder-link\/\">Washington Post<\/a>\u00a0(acima).<\/p>\n<p>Com foto do presidente brasileiro, o jornal da capital dos EUA destaca em seu notici\u00e1rio matutino a rea\u00e7\u00e3o do brasileiro, com a cr\u00edtica \u00e0 m\u00eddia e a declara\u00e7\u00e3o de &#8220;n\u00e3o vai colar&#8221;. Abrindo o texto:<\/p>\n<p>&#8220;Durante meses, ap\u00f3s o assassinato de Marielle Franco no ano passado, o Rio de Janeiro se debateu com perguntas sobre quem havia atingido a vereadora &#8211;e quem havia ordenado sua morte misteriosa, \u00e0 maneira de execu\u00e7\u00e3o. As autoridades pareciam ter respondido a uma dessas perguntas em mar\u00e7o, acusando dois ex-policiais pelo assassinato da pol\u00edtica esquerdista, uma estrela em ascens\u00e3o e feroz defensora dos negros e pobres da cidade. Mas agora a suposta conspira\u00e7\u00e3o parece ter envolvido uma nova figura: o presidente brasileiro, Jair Bolsonaro.&#8221;<\/p>\n<div class=\"c-advertising c-advertising--300x250 u-hidden-xs\"><\/div>\n<div class=\"player_dynad_tv\"><\/div>\n<p>Antes, reproduzida por\u00a0<a href=\"https:\/\/www.straitstimes.com\/world\/americas\/brazils-bolsonaro-furious-as-his-name-is-cited-in-murder-case\">Straits Times<\/a>\u00a0e outros, a\u00a0<a href=\"https:\/\/www.bloomberg.com\/news\/articles\/2019-10-30\/brazil-s-bolsonaro-furious-as-his-name-is-cited-in-murder-case\">Bloomberg<\/a>\u00a0j\u00e1 havia noticiado que &#8220;Bolsonaro, do Brasil, est\u00e1 furioso com seu nome citado em caso de assassinato&#8221;, tamb\u00e9m a partir do v\u00eddeo gravado pelo presidente na Ar\u00e1bia Saudita, em rea\u00e7\u00e3o \u00e0 reportagem.<\/p>\n<p>Ag\u00eancias internacionais como France Presse e Efe tamb\u00e9m come\u00e7am circular a informa\u00e7\u00e3o pelo mundo, come\u00e7ando por jornais como os franceses\u00a0<a href=\"https:\/\/www.lefigaro.fr\/international\/bresil-bolsonaro-s-insurge-contre-tv-globo-pour-l-avoir-lie-a-l-affaire-marielle-franco-20191030\">Le Figaro<\/a>\u00a0e\u00a0<a href=\"https:\/\/www.lepoint.fr\/monde\/bolsonaro-s-insurge-contre-un-media-pour-avoir-lie-son-nom-a-l-affaire-marielle-franco-30-10-2019-2344221_24.php\">Le Point<\/a>\u00a0e o espanhol \u00a0<a href=\"https:\/\/www.lavanguardia.com\/politica\/20191030\/471287087364\/bolsonaro-niega-vinculacion-con-asesinato-de-concejala-franco-tras-ser-citado.html\">La Vanguardia<\/a>, assim como ve\u00edculos engajados como o alem\u00e3o\u00a0<a href=\"https:\/\/taz.de\/Verdacht-gegen-Brasiliens-Praesidenten\/!5637514\/\">Die Tageszeitung<\/a>.<\/p>\n<p>A repercuss\u00e3o \u00e9 mais extensa, nesta manh\u00e3, em ve\u00edculos latino-americanos, caso dos argentinos\u00a0<a href=\"https:\/\/www.lanacion.com.ar\/el-mundo\/furiosa-reaccion-bolsonaro-informe-lo-menciona-nid2302026\">La Naci\u00f3n<\/a>,\u00a0<a href=\"https:\/\/www.pagina12.com.ar\/228241-vinculan-a-bolsonaro-con-el-asesinato-de-marielle-franco\">P\u00e1gina\/12<\/a>\u00a0e\u00a0<a href=\"https:\/\/www.clarin.com\/mundo\/exaltado-gritos-jair-bolsonaro-nego-vinculado-asesinato-concejal-marielle-franco_0_m5ivHmG2.html\">Clar\u00edn<\/a>, este reproduzido abaixo, do mexicano\u00a0<a href=\"https:\/\/www.reforma.com\/aplicacioneslibre\/preacceso\/articulo\/default.aspx?id=1802481&amp;opinion=0&amp;urlredirect=https:\/\/www.reforma.com\/explota-bolsonaro-por-acusaciones\/ar1802481?__rval=1&amp;flow_type=paywall\">Reforma<\/a>\u00a0e do paraguaio\u00a0<a href=\"https:\/\/www.abc.com.py\/internacionales\/2019\/10\/30\/bolsonaro-enfurecido-hacen-un-infierno-mi-vida-mierda\/\">ABC Color<\/a>.<\/p>\n<div class=\"rs_skip\">\n<div class=\"widget-image\">\n<figure><img data-recalc-dims=\"1\" decoding=\"async\" class=\"img-responsive\" src=\"https:\/\/i0.wp.com\/f.i.uol.com.br\/fotografia\/2019\/10\/30\/15724387135db982b96ff8b_1572438713_1x1_md.jpg?w=600&#038;ssl=1\" sizes=\"(min-width: 1024px) 68vw, 100vw\" srcset=\" https:\/\/f.i.uol.com.br\/fotografia\/2019\/10\/30\/15724387135db982b96ff8b_1572438713_1x1_th.jpg 100w,                                    https:\/\/f.i.uol.com.br\/fotografia\/2019\/10\/30\/15724387135db982b96ff8b_1572438713_1x1_sm.jpg 480w,                   https:\/\/f.i.uol.com.br\/fotografia\/2019\/10\/30\/15724387135db982b96ff8b_1572438713_1x1_md.jpg 768w,                   https:\/\/f.i.uol.com.br\/fotografia\/2019\/10\/30\/15724387135db982b96ff8b_1572438713_1x1_lg.jpg 1024w,                                   \" alt=\"\" \/><\/figure>\n<\/div>\n<\/div>\n<\/div>\n<div class=\"c-news__author c-author\">\n<div class=\"c-author__content\"><cite class=\"c-author__name\">Nelson de S\u00e1<\/cite><\/p>\n<p class=\"c-author__bio\">Jornalista, cobre m\u00eddia e pol\u00edtica na Folha desde a elei\u00e7\u00e3o de 1989.<\/p>\n<\/div>\n<\/div>\n<div class=\"c-news__stars u-no-print js-continue-reading-hidden\"><\/div>\n<div class=\"c-tools-share c-tools-share--bordered-md c-tools-share--margin-bottom toolbar rs_skip\"><\/div>\n<\/div>\n","protected":false},"excerpt":{"rendered":"<p>Pelo mundo, Bloomberg, AFP e outras ecoam not\u00edcia do JN recorrendo \u00e0 rea\u00e7\u00e3o do presidente brasileiro, que Clar\u00edn v\u00ea &#8216;exaltado e aos gritos&#8217;<\/p>\n","protected":false},"author":1,"featured_media":0,"comment_status":"closed","ping_status":"open","sticky":false,"template":"","format":"standard","meta":{"_exactmetrics_skip_tracking":false,"_exactmetrics_sitenote_active":false,"_exactmetrics_sitenote_note":"","_exactmetrics_sitenote_category":0,"jetpack_post_was_ever_published":false,"_jetpack_newsletter_access":"","_jetpack_dont_email_post_to_subs":false,"_jetpack_newsletter_tier_id":0,"_jetpack_memberships_contains_paywalled_content":false,"_jetpack_memberships_contains_paid_content":false,"footnotes":"","jetpack_publicize_message":"","jetpack_publicize_feature_enabled":true,"jetpack_social_post_already_shared":true,"jetpack_social_options":{"image_generator_settings":{"template":"highway","enabled":false},"version":2}},"categories":[1],"tags":[],"class_list":["post-24606","post","type-post","status-publish","format-standard","hentry","category-notas"],"jetpack_publicize_connections":[],"jetpack_sharing_enabled":true,"jetpack_featured_media_url":"","jetpack_shortlink":"https:\/\/wp.me\/p7wKYW-6oS","jetpack-related-posts":[],"_links":{"self":[{"href":"http:\/\/blogdalucianaoliveira.com.br\/blog\/wp-json\/wp\/v2\/posts\/24606","targetHints":{"allow":["GET"]}}],"collection":[{"href":"http:\/\/blogdalucianaoliveira.com.br\/blog\/wp-json\/wp\/v2\/posts"}],"about":[{"href":"http:\/\/blogdalucianaoliveira.com.br\/blog\/wp-json\/wp\/v2\/types\/post"}],"author":[{"embeddable":true,"href":"http:\/\/blogdalucianaoliveira.com.br\/blog\/wp-json\/wp\/v2\/users\/1"}],"replies":[{"embeddable":true,"href":"http:\/\/blogdalucianaoliveira.com.br\/blog\/wp-json\/wp\/v2\/comments?post=24606"}],"version-history":[{"count":2,"href":"http:\/\/blogdalucianaoliveira.com.br\/blog\/wp-json\/wp\/v2\/posts\/24606\/revisions"}],"predecessor-version":[{"id":24608,"href":"http:\/\/blogdalucianaoliveira.com.br\/blog\/wp-json\/wp\/v2\/posts\/24606\/revisions\/24608"}],"wp:attachment":[{"href":"http:\/\/blogdalucianaoliveira.com.br\/blog\/wp-json\/wp\/v2\/media?parent=24606"}],"wp:term":[{"taxonomy":"category","embeddable":true,"href":"http:\/\/blogdalucianaoliveira.com.br\/blog\/wp-json\/wp\/v2\/categories?post=24606"},{"taxonomy":"post_tag","embeddable":true,"href":"http:\/\/blogdalucianaoliveira.com.br\/blog\/wp-json\/wp\/v2\/tags?post=24606"}],"curies":[{"name":"wp","href":"https:\/\/api.w.org\/{rel}","templated":true}]}}