{"id":24615,"date":"2019-10-30T17:05:53","date_gmt":"2019-10-30T21:05:53","guid":{"rendered":"http:\/\/blogdalucianaoliveira.com.br\/blog\/?p=24615"},"modified":"2019-10-30T17:05:53","modified_gmt":"2019-10-30T21:05:53","slug":"aras-arquivou-informacoes-sobre-citacao-de-porteiro-a-bolsonaro-no-inquerito-de-marielle","status":"publish","type":"post","link":"http:\/\/blogdalucianaoliveira.com.br\/blog\/2019\/10\/30\/aras-arquivou-informacoes-sobre-citacao-de-porteiro-a-bolsonaro-no-inquerito-de-marielle\/","title":{"rendered":"Aras arquivou informa\u00e7\u00f5es sobre cita\u00e7\u00e3o de porteiro a Bolsonaro no inqu\u00e9rito de Marielle"},"content":{"rendered":"<p><img data-recalc-dims=\"1\" decoding=\"async\" src=\"https:\/\/i0.wp.com\/publisher-publish.s3.eu-central-1.amazonaws.com\/pb-brasil247\/swp\/jtjeq9\/media\/20190906070948_857d29ed-f706-4232-b61e-27940d60279c.jpeg?w=600&#038;ssl=1\" alt=\"Jair Bolsonaro e Augusto Aras\" \/><\/p>\n<p><b>247\u00a0<\/b>&#8211; O procurador-geral da Rep\u00fablica, Augusto Aras, recebeu e arquivou informa\u00e7\u00f5es sobre a cita\u00e7\u00e3o do nome de Jair Bolsonaro por um dos suspeitos de executar a vereadora Marielle Franco (PSDB-RJ), segundo depoimento do porteiro do condom\u00ednio onde o ent\u00e3o deputado federal Bolsonaro tem duas casas.<!--more--><\/p>\n<p>Aras entendeu que n\u00e3o h\u00e1 fundamento nas refer\u00eancias a Bolsonaro e, por isso, decidiu pelo imediato arquivamento do caso. O nome do atual presidente foi citado por \u00c9lcio Queiroz, segundo o porteiro, quando tentava entrar no condom\u00ednio Vivendas da Barra, no Rio de Janeiro.<\/p>\n<div class=\"contentAd contentAd--noBackground marginBottom30\">\n<p>Por outro lado, Aras acolheu um\u00a0<a href=\"https:\/\/www.brasil247.com\/poder\/moro-obedece-bolsonaro-e-coloca-pf-para-perseguir-porteiro\">pedido do ministro da Justi\u00e7a, Sergio Moro<\/a>, e repassou para o Minist\u00e9rio P\u00fablico Federal do Rio de Janeiro requisi\u00e7\u00e3o para investigar suposta irregularidades no depoimento do porteiro.<\/p>\n<p>Moro diz que pode ter ocorrido &#8220;eventual tentativa de envolvimento indevido do nome do presidente da Rep\u00fablica no crime em quest\u00e3o, o que pode configurar crimes de obstru\u00e7\u00e3o \u00e0 Justi\u00e7a, falso testemunho ou denuncia\u00e7\u00e3o caluniosa&#8221;.<\/p>\n<p>Caso o MPF remeta o caso \u00e0 Justi\u00e7a Federal, a Pol\u00edcia Federal passaria a atuar no caso e, assim, poderia tomar o depoimento do porteiro, como pediu Bolsonaro.<\/p>\n<\/div>\n","protected":false},"excerpt":{"rendered":"<p>247\u00a0&#8211; O procurador-geral da Rep\u00fablica, Augusto Aras, recebeu e arquivou informa\u00e7\u00f5es sobre a cita\u00e7\u00e3o do nome de Jair Bolsonaro por um dos suspeitos de executar a vereadora Marielle Franco (PSDB-RJ), segundo depoimento do porteiro do condom\u00ednio onde o ent\u00e3o deputado federal Bolsonaro tem duas casas.<\/p>\n","protected":false},"author":1,"featured_media":0,"comment_status":"closed","ping_status":"open","sticky":false,"template":"","format":"standard","meta":{"_exactmetrics_skip_tracking":false,"_exactmetrics_sitenote_active":false,"_exactmetrics_sitenote_note":"","_exactmetrics_sitenote_category":0,"jetpack_post_was_ever_published":false,"_jetpack_newsletter_access":"","_jetpack_dont_email_post_to_subs":false,"_jetpack_newsletter_tier_id":0,"_jetpack_memberships_contains_paywalled_content":false,"_jetpack_memberships_contains_paid_content":false,"footnotes":"","jetpack_publicize_message":"","jetpack_publicize_feature_enabled":true,"jetpack_social_post_already_shared":true,"jetpack_social_options":{"image_generator_settings":{"template":"highway","enabled":false},"version":2}},"categories":[1],"tags":[],"class_list":["post-24615","post","type-post","status-publish","format-standard","hentry","category-notas"],"jetpack_publicize_connections":[],"jetpack_sharing_enabled":true,"jetpack_featured_media_url":"","jetpack_shortlink":"https:\/\/wp.me\/p7wKYW-6p1","jetpack-related-posts":[],"_links":{"self":[{"href":"http:\/\/blogdalucianaoliveira.com.br\/blog\/wp-json\/wp\/v2\/posts\/24615","targetHints":{"allow":["GET"]}}],"collection":[{"href":"http:\/\/blogdalucianaoliveira.com.br\/blog\/wp-json\/wp\/v2\/posts"}],"about":[{"href":"http:\/\/blogdalucianaoliveira.com.br\/blog\/wp-json\/wp\/v2\/types\/post"}],"author":[{"embeddable":true,"href":"http:\/\/blogdalucianaoliveira.com.br\/blog\/wp-json\/wp\/v2\/users\/1"}],"replies":[{"embeddable":true,"href":"http:\/\/blogdalucianaoliveira.com.br\/blog\/wp-json\/wp\/v2\/comments?post=24615"}],"version-history":[{"count":1,"href":"http:\/\/blogdalucianaoliveira.com.br\/blog\/wp-json\/wp\/v2\/posts\/24615\/revisions"}],"predecessor-version":[{"id":24616,"href":"http:\/\/blogdalucianaoliveira.com.br\/blog\/wp-json\/wp\/v2\/posts\/24615\/revisions\/24616"}],"wp:attachment":[{"href":"http:\/\/blogdalucianaoliveira.com.br\/blog\/wp-json\/wp\/v2\/media?parent=24615"}],"wp:term":[{"taxonomy":"category","embeddable":true,"href":"http:\/\/blogdalucianaoliveira.com.br\/blog\/wp-json\/wp\/v2\/categories?post=24615"},{"taxonomy":"post_tag","embeddable":true,"href":"http:\/\/blogdalucianaoliveira.com.br\/blog\/wp-json\/wp\/v2\/tags?post=24615"}],"curies":[{"name":"wp","href":"https:\/\/api.w.org\/{rel}","templated":true}]}}