{"id":24617,"date":"2019-10-31T13:22:57","date_gmt":"2019-10-31T17:22:57","guid":{"rendered":"http:\/\/blogdalucianaoliveira.com.br\/blog\/?p=24617"},"modified":"2019-10-31T13:31:18","modified_gmt":"2019-10-31T17:31:18","slug":"7-urgente-a-promotora-do-caso-marielle-precisa-ser-afastada","status":"publish","type":"post","link":"http:\/\/blogdalucianaoliveira.com.br\/blog\/2019\/10\/31\/7-urgente-a-promotora-do-caso-marielle-precisa-ser-afastada\/","title":{"rendered":"Urgente: a promotora do caso Marielle precisa ser afastada"},"content":{"rendered":"<p><img data-recalc-dims=\"1\" loading=\"lazy\" decoding=\"async\" data-attachment-id=\"24618\" data-permalink=\"http:\/\/blogdalucianaoliveira.com.br\/blog\/2019\/10\/31\/7-urgente-a-promotora-do-caso-marielle-precisa-ser-afastada\/83c16c9b-cbfe-45c0-8f99-9ca96554f7d1\/\" data-orig-file=\"https:\/\/i0.wp.com\/blogdalucianaoliveira.com.br\/blog\/wp-content\/uploads\/2019\/10\/83C16C9B-CBFE-45C0-8F99-9CA96554F7D1.jpeg?fit=729%2C1024\" data-orig-size=\"729,1024\" data-comments-opened=\"0\" data-image-meta=\"{&quot;aperture&quot;:&quot;0&quot;,&quot;credit&quot;:&quot;&quot;,&quot;camera&quot;:&quot;&quot;,&quot;caption&quot;:&quot;&quot;,&quot;created_timestamp&quot;:&quot;0&quot;,&quot;copyright&quot;:&quot;&quot;,&quot;focal_length&quot;:&quot;0&quot;,&quot;iso&quot;:&quot;0&quot;,&quot;shutter_speed&quot;:&quot;0&quot;,&quot;title&quot;:&quot;&quot;,&quot;orientation&quot;:&quot;0&quot;}\" data-image-title=\"83C16C9B-CBFE-45C0-8F99-9CA96554F7D1\" data-image-description=\"\" data-image-caption=\"\" data-medium-file=\"https:\/\/i0.wp.com\/blogdalucianaoliveira.com.br\/blog\/wp-content\/uploads\/2019\/10\/83C16C9B-CBFE-45C0-8F99-9CA96554F7D1.jpeg?fit=214%2C300\" data-large-file=\"https:\/\/i0.wp.com\/blogdalucianaoliveira.com.br\/blog\/wp-content\/uploads\/2019\/10\/83C16C9B-CBFE-45C0-8F99-9CA96554F7D1.jpeg?fit=600%2C843\" class=\"alignnone size-full wp-image-24618\" src=\"https:\/\/i0.wp.com\/blogdalucianaoliveira.com.br\/blog\/wp-content\/uploads\/2019\/10\/83C16C9B-CBFE-45C0-8F99-9CA96554F7D1.jpeg?resize=600%2C843\" alt=\"83C16C9B-CBFE-45C0-8F99-9CA96554F7D1\" width=\"600\" height=\"843\" srcset=\"https:\/\/i0.wp.com\/blogdalucianaoliveira.com.br\/blog\/wp-content\/uploads\/2019\/10\/83C16C9B-CBFE-45C0-8F99-9CA96554F7D1.jpeg?w=729 729w, https:\/\/i0.wp.com\/blogdalucianaoliveira.com.br\/blog\/wp-content\/uploads\/2019\/10\/83C16C9B-CBFE-45C0-8F99-9CA96554F7D1.jpeg?resize=214%2C300 214w\" sizes=\"auto, (max-width: 600px) 100vw, 600px\" \/><\/p>\n<p>ESSA NA FOTO \u00e9 Carmen Eliza Bastos de Carvalho, uma das promotoras do Minist\u00e9rio P\u00fablico do Rio de Janeiro respons\u00e1veis pelo caso Marielle Franco.<!--more--><\/p>\n<div data-reactid=\"150\">The Intercept<br \/>\nNesta foto, vemos Carmem Eliza, ontem, 30 de outubro, em uma coletiva de imprensa sobre a investiga\u00e7\u00e3o.<\/div>\n<div class=\"img-wrap align-center width-fixed\" data-reactid=\"151\">\n<div data-reactid=\"152\"><img data-recalc-dims=\"1\" decoding=\"async\" class=\"aligncenter size-article-large wp-image-275731\" src=\"https:\/\/i0.wp.com\/theintercept.imgix.net\/wp-uploads\/sites\/1\/2019\/10\/dsc5373-1572536308.jpg?w=600&#038;ssl=1\" alt=\"As promotoras de Justi\u00e7a do Minist\u00e9rio P\u00fablico do Estado do Rio, Let\u00edcia Emili Alqueres Petriz, Simone Sib\u00edlio e Carmen Eliza Bastos de Carvalho d\u00e3o informa\u00e7\u00f5es sobre a investiga\u00e7\u00e3o do assassinato de Marielle Franco e Anderson Gomes.\" \/><\/p>\n<p class=\"caption\">As promotoras de Justi\u00e7a do Minist\u00e9rio P\u00fablico do Estado do Rio, Let\u00edcia Emili Alqueres Petriz, Simone Sib\u00edlio e Carmen Eliza Bastos de Carvalho d\u00e3o informa\u00e7\u00f5es sobre a investiga\u00e7\u00e3o do assassinato de Marielle Franco e Anderson Gomes.<\/p>\n<p class=\"caption source\">Foto: Fernando Fraz\u00e3o\/Ag\u00eancia Brasil<\/p>\n<\/div>\n<\/div>\n<div data-reactid=\"153\">A promotora n\u00e3o esconde suas prefer\u00eancias pol\u00edticas nas redes sociais.<\/div>\n<div class=\"img-wrap align-center width-fixed\" data-reactid=\"154\">\n<div data-reactid=\"155\"><img data-recalc-dims=\"1\" decoding=\"async\" class=\"aligncenter size-article-medium wp-image-275751\" src=\"https:\/\/i0.wp.com\/theintercept.imgix.net\/wp-uploads\/sites\/1\/2019\/10\/signal-attachment-2019-10-31-125640_003-1572537866.jpeg?w=600&#038;ssl=1\" alt=\"\" \/><\/div>\n<\/div>\n<div data-reactid=\"156\">Nem sua admira\u00e7\u00e3o pelo deputado Rodrigo Amorim, que fez o gesto sociopata ao quebrar a placa com o nome de Marielle.<\/div>\n<div class=\"img-wrap align-center width-fixed\" data-reactid=\"157\">\n<div data-reactid=\"158\"><img data-recalc-dims=\"1\" decoding=\"async\" class=\"aligncenter size-article-medium wp-image-275753\" src=\"https:\/\/i0.wp.com\/theintercept.imgix.net\/wp-uploads\/sites\/1\/2019\/10\/signal-attachment-2019-10-31-125640_001-1572537874.jpeg?w=600&#038;ssl=1\" alt=\"\" \/><\/div>\n<\/div>\n<div data-reactid=\"159\">Uma das pessoas respons\u00e1veis por investigar os assassinos de Marielle Franco e Anderson Gomes acredita que viv\u00edamos em um \u201ccativeiro esquerdopata\u201d.<\/div>\n<div class=\"img-wrap align-center width-fixed\" data-reactid=\"160\">\n<div data-reactid=\"161\"><img data-recalc-dims=\"1\" decoding=\"async\" class=\"aligncenter size-article-medium wp-image-275750\" src=\"https:\/\/i0.wp.com\/theintercept.imgix.net\/wp-uploads\/sites\/1\/2019\/10\/signal-attachment-2019-10-31-125640_004-1572537863.jpeg?w=600&#038;ssl=1\" alt=\"\" \/><\/div>\n<\/div>\n<div data-reactid=\"162\">Como ser\u00e1 a atua\u00e7\u00e3o dessa promotora no caso do assassinato de uma pessoa que ela define como esquerdopata? Como ser\u00e1 sua atua\u00e7\u00e3o em um caso que envolve Bolsonaro, aquele que est\u00e1 estampado em sua camisa?Eu dei esse furo no Twitter hoje e j\u00e1 est\u00e1 circulando no notici\u00e1rio do Brasil. Escrevi enquanto aguardava uma conex\u00e3o de Dallas para Austin e agora escrevo durante o voo. Vou participar de uma confer\u00eancia e falar sobre o trabalho investigativo do Intercept. Corro para dizer o \u00f3bvio: essa promotora precisa ser afastada imediatamente do caso. A Corregedoria-Geral do MPRJ tem que tomar provid\u00eancias.<\/p>\n<p>O Intercept <a href=\"https:\/\/theintercept.com\/series\/caso-marielle-franco\/\">investiga esse caso desde o in\u00edcio<\/a>. Fomos os primeiros a dar a rela\u00e7\u00e3o das mil\u00edcias com o assassinato e tamb\u00e9m o envolvimento de policiais do Bope. Nossos jornalistas no Rio est\u00e3o atentos ao que acontece. Mas agora o mais importante \u00e9 fazermos press\u00e3o pela sa\u00edda da promotora para que essa investiga\u00e7\u00e3o n\u00e3o se comprometa ainda mais. Escreva para seus contatos, encaminhe este texto, poste nas suas redes.<\/p>\n<p>Voc\u00ea pode tamb\u00e9m falar diretamente para a Corregedoria-Geral do Minist\u00e9rio P\u00fablico do Rio de Janeiro.<\/p>\n<p>Telefone: (21) 2550-9039<br \/>\nEmail: <a href=\"mailto:cgmp@mprj.mp.br\">cgmp@mprj.mp.br<\/a><\/p>\n<p>Vamos gritar juntos!<\/p>\n<\/div>\n","protected":false},"excerpt":{"rendered":"<p>ESSA NA FOTO \u00e9 Carmen Eliza Bastos de Carvalho, uma das promotoras do Minist\u00e9rio P\u00fablico do Rio de Janeiro respons\u00e1veis pelo caso Marielle Franco.<\/p>\n","protected":false},"author":1,"featured_media":0,"comment_status":"closed","ping_status":"open","sticky":false,"template":"","format":"standard","meta":{"_exactmetrics_skip_tracking":false,"_exactmetrics_sitenote_active":false,"_exactmetrics_sitenote_note":"","_exactmetrics_sitenote_category":0,"jetpack_post_was_ever_published":false,"_jetpack_newsletter_access":"","_jetpack_dont_email_post_to_subs":false,"_jetpack_newsletter_tier_id":0,"_jetpack_memberships_contains_paywalled_content":false,"_jetpack_memberships_contains_paid_content":false,"footnotes":"","jetpack_publicize_message":"","jetpack_publicize_feature_enabled":true,"jetpack_social_post_already_shared":true,"jetpack_social_options":{"image_generator_settings":{"template":"highway","enabled":false},"version":2}},"categories":[1],"tags":[],"class_list":["post-24617","post","type-post","status-publish","format-standard","hentry","category-notas"],"jetpack_publicize_connections":[],"jetpack_sharing_enabled":true,"jetpack_featured_media_url":"","jetpack_shortlink":"https:\/\/wp.me\/p7wKYW-6p3","jetpack-related-posts":[],"_links":{"self":[{"href":"http:\/\/blogdalucianaoliveira.com.br\/blog\/wp-json\/wp\/v2\/posts\/24617","targetHints":{"allow":["GET"]}}],"collection":[{"href":"http:\/\/blogdalucianaoliveira.com.br\/blog\/wp-json\/wp\/v2\/posts"}],"about":[{"href":"http:\/\/blogdalucianaoliveira.com.br\/blog\/wp-json\/wp\/v2\/types\/post"}],"author":[{"embeddable":true,"href":"http:\/\/blogdalucianaoliveira.com.br\/blog\/wp-json\/wp\/v2\/users\/1"}],"replies":[{"embeddable":true,"href":"http:\/\/blogdalucianaoliveira.com.br\/blog\/wp-json\/wp\/v2\/comments?post=24617"}],"version-history":[{"count":2,"href":"http:\/\/blogdalucianaoliveira.com.br\/blog\/wp-json\/wp\/v2\/posts\/24617\/revisions"}],"predecessor-version":[{"id":24623,"href":"http:\/\/blogdalucianaoliveira.com.br\/blog\/wp-json\/wp\/v2\/posts\/24617\/revisions\/24623"}],"wp:attachment":[{"href":"http:\/\/blogdalucianaoliveira.com.br\/blog\/wp-json\/wp\/v2\/media?parent=24617"}],"wp:term":[{"taxonomy":"category","embeddable":true,"href":"http:\/\/blogdalucianaoliveira.com.br\/blog\/wp-json\/wp\/v2\/categories?post=24617"},{"taxonomy":"post_tag","embeddable":true,"href":"http:\/\/blogdalucianaoliveira.com.br\/blog\/wp-json\/wp\/v2\/tags?post=24617"}],"curies":[{"name":"wp","href":"https:\/\/api.w.org\/{rel}","templated":true}]}}