{"id":24620,"date":"2019-10-31T13:27:52","date_gmt":"2019-10-31T17:27:52","guid":{"rendered":"http:\/\/blogdalucianaoliveira.com.br\/blog\/?p=24620"},"modified":"2019-10-31T13:27:52","modified_gmt":"2019-10-31T17:27:52","slug":"eduardo-bolsonaro-diz-que-se-esquerda-radicalizar-resposta-pode-ser-um-novo-ai-5","status":"publish","type":"post","link":"http:\/\/blogdalucianaoliveira.com.br\/blog\/2019\/10\/31\/eduardo-bolsonaro-diz-que-se-esquerda-radicalizar-resposta-pode-ser-um-novo-ai-5\/","title":{"rendered":"Eduardo Bolsonaro diz que se esquerda radicalizar, resposta pode ser &#8216;um novo AI-5&#8217;"},"content":{"rendered":"<p><img data-recalc-dims=\"1\" loading=\"lazy\" decoding=\"async\" data-attachment-id=\"24621\" data-permalink=\"http:\/\/blogdalucianaoliveira.com.br\/blog\/2019\/10\/31\/eduardo-bolsonaro-diz-que-se-esquerda-radicalizar-resposta-pode-ser-um-novo-ai-5\/4707b6be-0174-4765-89c0-69745d9476cf\/\" data-orig-file=\"https:\/\/i0.wp.com\/blogdalucianaoliveira.com.br\/blog\/wp-content\/uploads\/2019\/10\/4707B6BE-0174-4765-89C0-69745D9476CF.jpeg?fit=768%2C512\" data-orig-size=\"768,512\" data-comments-opened=\"0\" data-image-meta=\"{&quot;aperture&quot;:&quot;0&quot;,&quot;credit&quot;:&quot;&quot;,&quot;camera&quot;:&quot;&quot;,&quot;caption&quot;:&quot;&quot;,&quot;created_timestamp&quot;:&quot;0&quot;,&quot;copyright&quot;:&quot;&quot;,&quot;focal_length&quot;:&quot;0&quot;,&quot;iso&quot;:&quot;0&quot;,&quot;shutter_speed&quot;:&quot;0&quot;,&quot;title&quot;:&quot;&quot;,&quot;orientation&quot;:&quot;0&quot;}\" data-image-title=\"4707B6BE-0174-4765-89C0-69745D9476CF\" data-image-description=\"\" data-image-caption=\"\" data-medium-file=\"https:\/\/i0.wp.com\/blogdalucianaoliveira.com.br\/blog\/wp-content\/uploads\/2019\/10\/4707B6BE-0174-4765-89C0-69745D9476CF.jpeg?fit=300%2C200\" data-large-file=\"https:\/\/i0.wp.com\/blogdalucianaoliveira.com.br\/blog\/wp-content\/uploads\/2019\/10\/4707B6BE-0174-4765-89C0-69745D9476CF.jpeg?fit=600%2C400\" src=\"https:\/\/i0.wp.com\/blogdalucianaoliveira.com.br\/blog\/wp-content\/uploads\/2019\/10\/4707B6BE-0174-4765-89C0-69745D9476CF.jpeg?resize=600%2C400\" alt=\"4707B6BE-0174-4765-89C0-69745D9476CF\" width=\"600\" height=\"400\" class=\"alignnone size-full wp-image-24621\" srcset=\"https:\/\/i0.wp.com\/blogdalucianaoliveira.com.br\/blog\/wp-content\/uploads\/2019\/10\/4707B6BE-0174-4765-89C0-69745D9476CF.jpeg?w=768 768w, https:\/\/i0.wp.com\/blogdalucianaoliveira.com.br\/blog\/wp-content\/uploads\/2019\/10\/4707B6BE-0174-4765-89C0-69745D9476CF.jpeg?resize=300%2C200 300w, https:\/\/i0.wp.com\/blogdalucianaoliveira.com.br\/blog\/wp-content\/uploads\/2019\/10\/4707B6BE-0174-4765-89C0-69745D9476CF.jpeg?resize=450%2C300 450w\" sizes=\"auto, (max-width: 600px) 100vw, 600px\" \/><\/p>\n<p>Afirma\u00e7\u00e3o foi feita em entrevista \u00e0 jornalista Leda Nagle<!--more--><\/p>\n<p>FSP<\/p>\n<p>O deputado federal Eduardo Bolsonaro (PSL-SP) diz que se a esquerda brasileira &#8220;radicalizar&#8221;, uma resposta pode ser &#8220;via um novo AI-5&#8221;. <\/p>\n<p>A afirma\u00e7\u00e3o foi feita em entrevista \u00e0 jornalista Leda Nagle realizada na segunda (28) e publicada nesta quinta (31) no canal dela no YouTube. <\/p>\n<p>&#8220;Tudo \u00e9 culpa do Bolsonaro, percebeu? Fogo na Amaz\u00f4nia, que sempre ocorre \u2014eu j\u00e1 morei l\u00e1 em Rond\u00f4nia, sei como \u00e9 que \u00e9, sempre ocorre nessa esta\u00e7\u00e3o\u2014 culpa do Bolsonaro. \u00d3leo no Nordeste, culpa do Bolsonaro. Daqui a pouco vai passar esse \u00f3leo, tudo vai ficar limpo e a\u00ed vai vir uma outra coisa, qualquer coisa \u2014culpa do Bolsonaro&#8221;, seguiu.<\/p>\n<p>&#8220;Se a esquerda radicalizar a esse ponto, a gente vai precisar ter uma resposta. E uma resposta pode ser via um novo AI-5, pode ser via uma legisla\u00e7\u00e3o aprovada atrav\u00e9s de um plebiscito como ocorreu na It\u00e1lia. Alguma resposta vai ter que ser dada&#8221;, afirmou o parlamentar, filho do presidente Jair Bolsonaro. <\/p>\n<p>&#8220;O que faz um pa\u00eds forte n\u00e3o \u00e9 um Estado forte. S\u00e3o indiv\u00edduos fortes. A conjectura n\u00e3o tem que ser futura, ela tem que ser presente. Quem \u00e9 o presidente dos Estados Unidos agora? \u00c9 o Trump. Ele se d\u00e1 bem com o Bolsonaro? Se d\u00e1 muito bem. Ent\u00e3o vamos aproveitar isso a\u00ed&#8221;, continuou. <\/p>\n<p>Veja a entrevista abaixo:<\/p>\n<div class=\"jetpack-video-wrapper\"><iframe loading=\"lazy\" title=\"O que Eduardo  Bolsonaro REALMENTE falou sobre o AI-5 ? LEDA NAGLE\" width=\"600\" height=\"338\" src=\"https:\/\/www.youtube.com\/embed\/m_cyKtlTpL4?feature=oembed\" frameborder=\"0\" allow=\"accelerometer; autoplay; clipboard-write; encrypted-media; gyroscope; picture-in-picture; web-share\" referrerpolicy=\"strict-origin-when-cross-origin\" allowfullscreen><\/iframe><\/div>\n<p>L\u00edder do PSL na C\u00e2mara, Eduardo Bolsonaro j\u00e1 havia defendido o uso da repress\u00e3o policial caso o Brasil registre protestos como os que ocorrem no Chile por melhorias sociais e contra o alto custo de vida no pa\u00eds.<\/p>\n<p>Em discurso no plen\u00e1rio da Casa na ter\u00e7a (29), o filho do presidente da Rep\u00fablica acusou a esquerda de n\u00e3o ser democr\u00e1tica e de querer um terceiro turno das elei\u00e7\u00f5es. \u201cEles v\u00e3o querer repetir no Brasil o que est\u00e1 acontecendo no Chile. O Chile \u00e9 a refer\u00eancia da Am\u00e9rica Latina com rela\u00e7\u00e3o \u00e0 economia. A maior renda per capita da Am\u00e9rica Latina, a refer\u00eancia em Previd\u00eancia\u201d, afirmou.<\/p>\n<p>O deputado federal foi cogitado para assumir a embaixada brasileira em Washington, mas desistiu na semana passada. <\/p>\n<p>AI-5<\/p>\n<p>O Ato Institucional n\u00ba 5 (AI-5), marco do per\u00edodo mais duro da ditadura militar brasileira, foi editado em 13 de dezembro de 1968, no governo do marechal Costa e Silva, e deixou um saldo de cassa\u00e7\u00f5es, direitos pol\u00edticos suspensos, demiss\u00f5es e aposentadorias compuls\u00f3rias.<\/p>\n<p>O mais radical decreto do regime tamb\u00e9m abriu caminho para o recrudescimento da repress\u00e3o, com mortes e desaparecimentos de militantes da esquerda armada.<\/p>\n<p>M\u00f4nica Bergamo<br \/>\nJornalista e colunista.<\/p>\n","protected":false},"excerpt":{"rendered":"<p>Afirma\u00e7\u00e3o foi feita em entrevista \u00e0 jornalista Leda Nagle<\/p>\n","protected":false},"author":1,"featured_media":0,"comment_status":"closed","ping_status":"open","sticky":false,"template":"","format":"standard","meta":{"_exactmetrics_skip_tracking":false,"_exactmetrics_sitenote_active":false,"_exactmetrics_sitenote_note":"","_exactmetrics_sitenote_category":0,"jetpack_post_was_ever_published":false,"_jetpack_newsletter_access":"","_jetpack_dont_email_post_to_subs":false,"_jetpack_newsletter_tier_id":0,"_jetpack_memberships_contains_paywalled_content":false,"_jetpack_memberships_contains_paid_content":false,"footnotes":"","jetpack_publicize_message":"","jetpack_publicize_feature_enabled":true,"jetpack_social_post_already_shared":true,"jetpack_social_options":{"image_generator_settings":{"template":"highway","enabled":false},"version":2}},"categories":[1],"tags":[],"class_list":["post-24620","post","type-post","status-publish","format-standard","hentry","category-notas"],"jetpack_publicize_connections":[],"jetpack_sharing_enabled":true,"jetpack_featured_media_url":"","jetpack_shortlink":"https:\/\/wp.me\/p7wKYW-6p6","jetpack-related-posts":[],"_links":{"self":[{"href":"http:\/\/blogdalucianaoliveira.com.br\/blog\/wp-json\/wp\/v2\/posts\/24620","targetHints":{"allow":["GET"]}}],"collection":[{"href":"http:\/\/blogdalucianaoliveira.com.br\/blog\/wp-json\/wp\/v2\/posts"}],"about":[{"href":"http:\/\/blogdalucianaoliveira.com.br\/blog\/wp-json\/wp\/v2\/types\/post"}],"author":[{"embeddable":true,"href":"http:\/\/blogdalucianaoliveira.com.br\/blog\/wp-json\/wp\/v2\/users\/1"}],"replies":[{"embeddable":true,"href":"http:\/\/blogdalucianaoliveira.com.br\/blog\/wp-json\/wp\/v2\/comments?post=24620"}],"version-history":[{"count":1,"href":"http:\/\/blogdalucianaoliveira.com.br\/blog\/wp-json\/wp\/v2\/posts\/24620\/revisions"}],"predecessor-version":[{"id":24622,"href":"http:\/\/blogdalucianaoliveira.com.br\/blog\/wp-json\/wp\/v2\/posts\/24620\/revisions\/24622"}],"wp:attachment":[{"href":"http:\/\/blogdalucianaoliveira.com.br\/blog\/wp-json\/wp\/v2\/media?parent=24620"}],"wp:term":[{"taxonomy":"category","embeddable":true,"href":"http:\/\/blogdalucianaoliveira.com.br\/blog\/wp-json\/wp\/v2\/categories?post=24620"},{"taxonomy":"post_tag","embeddable":true,"href":"http:\/\/blogdalucianaoliveira.com.br\/blog\/wp-json\/wp\/v2\/tags?post=24620"}],"curies":[{"name":"wp","href":"https:\/\/api.w.org\/{rel}","templated":true}]}}