{"id":24624,"date":"2019-10-31T15:17:52","date_gmt":"2019-10-31T19:17:52","guid":{"rendered":"http:\/\/blogdalucianaoliveira.com.br\/blog\/?p=24624"},"modified":"2019-10-31T15:17:52","modified_gmt":"2019-10-31T19:17:52","slug":"operacao-deforest-considerado-um-dos-maiores-desmatadores-do-brasil-chaules-pozzebon-sera-transferido-em-breve-para-o-mato-grosso-do-sul","status":"publish","type":"post","link":"http:\/\/blogdalucianaoliveira.com.br\/blog\/2019\/10\/31\/operacao-deforest-considerado-um-dos-maiores-desmatadores-do-brasil-chaules-pozzebon-sera-transferido-em-breve-para-o-mato-grosso-do-sul\/","title":{"rendered":"Opera\u00e7\u00e3o Deforest \u2013 Considerado um dos maiores desmatadores do Brasil, Chaules Pozzebon ser\u00e1 transferido em breve para o Mato Grosso do Sul"},"content":{"rendered":"<p><img data-recalc-dims=\"1\" loading=\"lazy\" decoding=\"async\" data-attachment-id=\"24625\" data-permalink=\"http:\/\/blogdalucianaoliveira.com.br\/blog\/2019\/10\/31\/operacao-deforest-considerado-um-dos-maiores-desmatadores-do-brasil-chaules-pozzebon-sera-transferido-em-breve-para-o-mato-grosso-do-sul\/812685cb-9303-4f6b-82ba-ee29d35194aa\/\" data-orig-file=\"https:\/\/i0.wp.com\/blogdalucianaoliveira.com.br\/blog\/wp-content\/uploads\/2019\/10\/812685CB-9303-4F6B-82BA-EE29D35194AA.jpeg?fit=960%2C640\" data-orig-size=\"960,640\" data-comments-opened=\"0\" data-image-meta=\"{&quot;aperture&quot;:&quot;0&quot;,&quot;credit&quot;:&quot;&quot;,&quot;camera&quot;:&quot;&quot;,&quot;caption&quot;:&quot;&quot;,&quot;created_timestamp&quot;:&quot;0&quot;,&quot;copyright&quot;:&quot;&quot;,&quot;focal_length&quot;:&quot;0&quot;,&quot;iso&quot;:&quot;0&quot;,&quot;shutter_speed&quot;:&quot;0&quot;,&quot;title&quot;:&quot;&quot;,&quot;orientation&quot;:&quot;1&quot;}\" data-image-title=\"812685CB-9303-4F6B-82BA-EE29D35194AA\" data-image-description=\"\" data-image-caption=\"\" data-medium-file=\"https:\/\/i0.wp.com\/blogdalucianaoliveira.com.br\/blog\/wp-content\/uploads\/2019\/10\/812685CB-9303-4F6B-82BA-EE29D35194AA.jpeg?fit=300%2C200\" data-large-file=\"https:\/\/i0.wp.com\/blogdalucianaoliveira.com.br\/blog\/wp-content\/uploads\/2019\/10\/812685CB-9303-4F6B-82BA-EE29D35194AA.jpeg?fit=600%2C400\" src=\"https:\/\/i0.wp.com\/blogdalucianaoliveira.com.br\/blog\/wp-content\/uploads\/2019\/10\/812685CB-9303-4F6B-82BA-EE29D35194AA.jpeg?resize=600%2C400\" alt=\"812685CB-9303-4F6B-82BA-EE29D35194AA\" width=\"600\" height=\"400\" class=\"alignnone size-full wp-image-24625\" srcset=\"https:\/\/i0.wp.com\/blogdalucianaoliveira.com.br\/blog\/wp-content\/uploads\/2019\/10\/812685CB-9303-4F6B-82BA-EE29D35194AA.jpeg?w=960 960w, https:\/\/i0.wp.com\/blogdalucianaoliveira.com.br\/blog\/wp-content\/uploads\/2019\/10\/812685CB-9303-4F6B-82BA-EE29D35194AA.jpeg?resize=300%2C200 300w, https:\/\/i0.wp.com\/blogdalucianaoliveira.com.br\/blog\/wp-content\/uploads\/2019\/10\/812685CB-9303-4F6B-82BA-EE29D35194AA.jpeg?resize=768%2C512 768w, https:\/\/i0.wp.com\/blogdalucianaoliveira.com.br\/blog\/wp-content\/uploads\/2019\/10\/812685CB-9303-4F6B-82BA-EE29D35194AA.jpeg?resize=450%2C300 450w\" sizes=\"auto, (max-width: 600px) 100vw, 600px\" \/><\/p>\n<p>Rond\u00f4nia Din\u00e2mica  \u2013 Um dos maiores desmatadores do Brasil, Chaules Volban Pozzebon, ser\u00e1 transferido em breve do Pres\u00eddio Federal de seguran\u00e7a m\u00e1xima de Porto Velho ao estabelecimento prisional do Mato Grosso do Sul.<!--more--><\/p>\n<p>Chaules Pozzebon foi preso durante as incurs\u00f5es da Opera\u00e7\u00e3o Deforest.<\/p>\n<p>A Pol\u00edcia Federal (PF) j\u00e1 havia se manifestado no sentido de confirmar que quase duas dezenas de suspeitos investigados na opera\u00e7\u00e3o em quest\u00e3o continuam presos na Capital rondoniense.<\/p>\n<p>Pelo menos dezesseis pessoas foram presas h\u00e1 pouco mais de sete dias sob acusa\u00e7\u00f5es de supostas extra\u00e7\u00f5es ilegais de madeira e invas\u00f5es de terras.<\/p>\n<p>Muitas pessoas foram atingidas por uma not\u00edcia falsa, envolvendo habeas corpus forjado, onde o documento apontava a determina\u00e7\u00e3o de um desembargador no sentido de promover alvar\u00e1 de soltura em nome de Chaules Pozzebon.<\/p>\n<p>Na realidade, como frisado no in\u00edcio da mat\u00e9ria, ele n\u00e3o apenas continua preso em regime de seguran\u00e7a m\u00e1xima como ser\u00e1 transferido em breve \u00e0 unidade com as mesmas caracter\u00edsticas no Mato Grosso.<\/p>\n","protected":false},"excerpt":{"rendered":"<p>Rond\u00f4nia Din\u00e2mica \u2013 Um dos maiores desmatadores do Brasil, Chaules Volban Pozzebon, ser\u00e1 transferido em breve do Pres\u00eddio Federal de seguran\u00e7a m\u00e1xima de Porto Velho ao estabelecimento prisional do Mato Grosso do Sul.<\/p>\n","protected":false},"author":1,"featured_media":0,"comment_status":"closed","ping_status":"open","sticky":false,"template":"","format":"standard","meta":{"_exactmetrics_skip_tracking":false,"_exactmetrics_sitenote_active":false,"_exactmetrics_sitenote_note":"","_exactmetrics_sitenote_category":0,"jetpack_post_was_ever_published":false,"_jetpack_newsletter_access":"","_jetpack_dont_email_post_to_subs":false,"_jetpack_newsletter_tier_id":0,"_jetpack_memberships_contains_paywalled_content":false,"_jetpack_memberships_contains_paid_content":false,"footnotes":"","jetpack_publicize_message":"","jetpack_publicize_feature_enabled":true,"jetpack_social_post_already_shared":true,"jetpack_social_options":{"image_generator_settings":{"template":"highway","enabled":false},"version":2}},"categories":[1],"tags":[],"class_list":["post-24624","post","type-post","status-publish","format-standard","hentry","category-notas"],"jetpack_publicize_connections":[],"jetpack_sharing_enabled":true,"jetpack_featured_media_url":"","jetpack_shortlink":"https:\/\/wp.me\/p7wKYW-6pa","jetpack-related-posts":[],"_links":{"self":[{"href":"http:\/\/blogdalucianaoliveira.com.br\/blog\/wp-json\/wp\/v2\/posts\/24624","targetHints":{"allow":["GET"]}}],"collection":[{"href":"http:\/\/blogdalucianaoliveira.com.br\/blog\/wp-json\/wp\/v2\/posts"}],"about":[{"href":"http:\/\/blogdalucianaoliveira.com.br\/blog\/wp-json\/wp\/v2\/types\/post"}],"author":[{"embeddable":true,"href":"http:\/\/blogdalucianaoliveira.com.br\/blog\/wp-json\/wp\/v2\/users\/1"}],"replies":[{"embeddable":true,"href":"http:\/\/blogdalucianaoliveira.com.br\/blog\/wp-json\/wp\/v2\/comments?post=24624"}],"version-history":[{"count":1,"href":"http:\/\/blogdalucianaoliveira.com.br\/blog\/wp-json\/wp\/v2\/posts\/24624\/revisions"}],"predecessor-version":[{"id":24626,"href":"http:\/\/blogdalucianaoliveira.com.br\/blog\/wp-json\/wp\/v2\/posts\/24624\/revisions\/24626"}],"wp:attachment":[{"href":"http:\/\/blogdalucianaoliveira.com.br\/blog\/wp-json\/wp\/v2\/media?parent=24624"}],"wp:term":[{"taxonomy":"category","embeddable":true,"href":"http:\/\/blogdalucianaoliveira.com.br\/blog\/wp-json\/wp\/v2\/categories?post=24624"},{"taxonomy":"post_tag","embeddable":true,"href":"http:\/\/blogdalucianaoliveira.com.br\/blog\/wp-json\/wp\/v2\/tags?post=24624"}],"curies":[{"name":"wp","href":"https:\/\/api.w.org\/{rel}","templated":true}]}}