{"id":24630,"date":"2019-10-31T19:16:24","date_gmt":"2019-10-31T23:16:24","guid":{"rendered":"http:\/\/blogdalucianaoliveira.com.br\/blog\/?p=24630"},"modified":"2019-10-31T19:16:24","modified_gmt":"2019-10-31T23:16:24","slug":"bolsonaro-determina-cancelamento-de-assinaturas-da-folha-no-governo-federal","status":"publish","type":"post","link":"http:\/\/blogdalucianaoliveira.com.br\/blog\/2019\/10\/31\/bolsonaro-determina-cancelamento-de-assinaturas-da-folha-no-governo-federal\/","title":{"rendered":"Bolsonaro determina cancelamento de assinaturas da Folha no governo federal"},"content":{"rendered":"<p><img data-recalc-dims=\"1\" loading=\"lazy\" decoding=\"async\" data-attachment-id=\"24631\" data-permalink=\"http:\/\/blogdalucianaoliveira.com.br\/blog\/2019\/10\/31\/bolsonaro-determina-cancelamento-de-assinaturas-da-folha-no-governo-federal\/a8e30334-4178-4794-a2a8-0ba749f16902\/\" data-orig-file=\"https:\/\/i0.wp.com\/blogdalucianaoliveira.com.br\/blog\/wp-content\/uploads\/2019\/10\/A8E30334-4178-4794-A2A8-0BA749F16902.jpeg?fit=768%2C512\" data-orig-size=\"768,512\" data-comments-opened=\"0\" data-image-meta=\"{&quot;aperture&quot;:&quot;0&quot;,&quot;credit&quot;:&quot;&quot;,&quot;camera&quot;:&quot;&quot;,&quot;caption&quot;:&quot;&quot;,&quot;created_timestamp&quot;:&quot;0&quot;,&quot;copyright&quot;:&quot;&quot;,&quot;focal_length&quot;:&quot;0&quot;,&quot;iso&quot;:&quot;0&quot;,&quot;shutter_speed&quot;:&quot;0&quot;,&quot;title&quot;:&quot;&quot;,&quot;orientation&quot;:&quot;0&quot;}\" data-image-title=\"A8E30334-4178-4794-A2A8-0BA749F16902\" data-image-description=\"\" data-image-caption=\"\" data-medium-file=\"https:\/\/i0.wp.com\/blogdalucianaoliveira.com.br\/blog\/wp-content\/uploads\/2019\/10\/A8E30334-4178-4794-A2A8-0BA749F16902.jpeg?fit=300%2C200\" data-large-file=\"https:\/\/i0.wp.com\/blogdalucianaoliveira.com.br\/blog\/wp-content\/uploads\/2019\/10\/A8E30334-4178-4794-A2A8-0BA749F16902.jpeg?fit=600%2C400\" src=\"https:\/\/i0.wp.com\/blogdalucianaoliveira.com.br\/blog\/wp-content\/uploads\/2019\/10\/A8E30334-4178-4794-A2A8-0BA749F16902.jpeg?resize=600%2C400\" alt=\"A8E30334-4178-4794-A2A8-0BA749F16902\" width=\"600\" height=\"400\" class=\"alignnone size-full wp-image-24631\" srcset=\"https:\/\/i0.wp.com\/blogdalucianaoliveira.com.br\/blog\/wp-content\/uploads\/2019\/10\/A8E30334-4178-4794-A2A8-0BA749F16902.jpeg?w=768 768w, https:\/\/i0.wp.com\/blogdalucianaoliveira.com.br\/blog\/wp-content\/uploads\/2019\/10\/A8E30334-4178-4794-A2A8-0BA749F16902.jpeg?resize=300%2C200 300w, https:\/\/i0.wp.com\/blogdalucianaoliveira.com.br\/blog\/wp-content\/uploads\/2019\/10\/A8E30334-4178-4794-A2A8-0BA749F16902.jpeg?resize=450%2C300 450w\" sizes=\"auto, (max-width: 600px) 100vw, 600px\" \/><\/p>\n<p>Em entrevista \u00e0 TV Bandeirantes, presidente disse que n\u00e3o d\u00e1 para confiar no jornal.<!--more--><\/p>\n<p>FOLHA DE S\u00c3O PAULO<\/p>\n<p>O presidente Jair Bolsonaro (PSL) disse nesta quinta-feira (31) que determinou o cancelamento de todas as assinaturas da Folha no governo federal. Segundo ele, n\u00e3o d\u00e1 para confiar no jornal.<\/p>\n<p>&#8220;Determinei que todo o governo federal rescinda e cancele a assinatura da Folha de S.Paulo. A ordem que eu dei [\u00e9 que] nenhum \u00f3rg\u00e3o do meu governo vai receber o jornal Folha de S.Paulo aqui em Bras\u00edlia. Est\u00e1 determinado. \u00c9 o que eu posso fazer, mas nada al\u00e9m disso&#8221;, disse, em entrevista \u00e0 TV Bandeirantes.<\/p>\n<p>&#8220;Espero que n\u00e3o me acusem de censura. Est\u00e1 certo? Quem quiser comprar a Folha de S.Paulo, ningu\u00e9m vai ser punido, o assessor dele vai l\u00e1 na banca e compra l\u00e1 e se divirta. Eu n\u00e3o quero mais saber da Folha de S.Paulo, que envenena o meu governo a leitura da Folha de S.Paulo.&#8221;<\/p>\n<p>Questionado pelo apresentador Jos\u00e9 Luiz Datena se seria uma forma de censura, o presidente respondeu: &#8220;N\u00e3o \u00e9 uma forma de censura, nada&#8221;.<\/p>\n<p>\u201cSe confirmada, a decis\u00e3o de Bolsonaro configura uma viola\u00e7\u00e3o dos princ\u00edpios constitucionais da moralidade e da impessoalidade na administra\u00e7\u00e3o p\u00fablica\u201d, afirma Luiz Francisco Carvalho Filho, advogado da Folha.<\/p>\n<p>Em nota, a Folha afirmou que \u201clamenta mais uma atitude abertamente discriminat\u00f3ria do presidente da Rep\u00fablica contra o jornal e vai continuar fazendo, em rela\u00e7\u00e3o a seu governo, o jornalismo cr\u00edtico e apartid\u00e1rio que a caracteriza e que praticou em rela\u00e7\u00e3o a todos os outros governos\u201d.<\/p>\n<p>Antes de anunciar o cancelamento das assinaturas, Bolsonaro citou um caf\u00e9 da manh\u00e3 que teve com jornalistas da Folha no Pal\u00e1cio da Alvorada, em 3 de setembro.<\/p>\n<p>Participaram desse caf\u00e9, al\u00e9m de Bolsonaro, o ministro da Secretaria de Governo, Luiz Eduardo Ramos, o chefe da Secom (Secretaria de Comunica\u00e7\u00e3o) da Presid\u00eancia, F\u00e1bio Wajngarten, e o deputado Marco Feliciano (Podemos-SP). O encontro ocorreu das 7h40 \u00e0s 9h10.<\/p>\n<p>Durante a conversa, o presidente autorizou que todo o teor da conversa fosse publicado, com exce\u00e7\u00e3o dos palavr\u00f5es ditos por ele durante o caf\u00e9 da manh\u00e3, o que foi respeitado pela Folha.<\/p>\n<p>\u00c0 TV Bandeirantes nesta quinta-feira, por\u00e9m, Bolsonaro deu uma declara\u00e7\u00e3o falsa ao dizer que o jornal publicou palavr\u00f5es na entrevista e que o conte\u00fado das declara\u00e7\u00f5es foi todo distorcido \u2014reclama\u00e7\u00e3o que ele n\u00e3o havia feito quando a reportagem foi publicada.<\/p>\n<p>&#8220;Recebi a Folha uma quest\u00e3o de uns 45, 50 dias atr\u00e1s. Conversei com eles numa boa e, no dia seguinte, foi um festival de desinforma\u00e7\u00e3o. Eu at\u00e9 fui criticado por assessores meus, e com raz\u00e3o. Por que falou com a Folha? Eu fui tentar dar uma chance pra eles.&#8221;<\/p>\n<p>&#8220;N\u00e3o saiu nada do que eu falei. S\u00f3 saiu desinforma\u00e7\u00e3o. E algumas palavras que eu usei ali e falei: &#8216;Isso aqui \u00e9 palavr\u00e3o, segura a onda, escorreguei&#8217;. Saiu palavr\u00e3o [na entrevista], saiu tudo l\u00e1. N\u00e3o d\u00e1 pra gente confiar, por exemplo, na Folha de S.Paulo.&#8221;<\/p>\n<p>O ataque desta quinta-feira n\u00e3o \u00e9 o primeiro de Bolsonaro \u00e0 Folha. Em outubro do ano passado, em entrevista ao Jornal Nacional, o ent\u00e3o presidente eleito afirmou que \u201cpor si s\u00f3, esse jornal se acabou\u201d.<\/p>\n<p>\u201cN\u00e3o quero que [a Folha] acabe. Mas, no que depender de mim, imprensa que se comportar dessa maneira indigna n\u00e3o ter\u00e1 recursos do governo federal\u201d. O presidente eleito, depois, completou: \u201cPor si s\u00f3 esse jornal se acabou\u201d.<\/p>\n<p>Uma semana antes do segundo turno da elei\u00e7\u00e3o de 2018, no dia 21 de outubro, Bolsonaro afirmou que &#8220;a Folha de S.Paulo \u00e9 a maior fake news do Brasil&#8221;. A declara\u00e7\u00e3o, feita em v\u00eddeo ao vivo exibido em tel\u00f5es na avenida Paulista, foi recebida com gritos de apoio dos eleitores do ent\u00e3o candidato.<\/p>\n<p>Na semana passada, o presidente dos EUA, Donald Trump, ordenou que as ag\u00eancias federais do pa\u00eds cancelassem as assinaturas dos jornais The New York Times e The Washington Post por discordar da cobertura que as duas publica\u00e7\u00f5es fazem de seu governo. <\/p>\n<p>A seguir, a nota da Folha sobre as declara\u00e7\u00f5es do presidente:<\/p>\n<p>\u201cA Folha lamenta mais uma atitude abertamente discriminat\u00f3ria do presidente da Rep\u00fablica contra o jornal e vai seguir fazendo, em rela\u00e7\u00e3o a seu governo, o jornalismo cr\u00edtico e apartid\u00e1rio que a caracteriza e que praticou em rela\u00e7\u00e3o a todos os governos. A entrevista mencionada pelo presidente reflete de maneira correta o conte\u00fado de suas declara\u00e7\u00f5es. Ela foi produzida a partir de uma conversa inicialmente feita off the records (n\u00e3o destinada \u00e0 publica\u00e7\u00e3o, no jarg\u00e3o jornal\u00edstico). Ao final da conversa, Bolsonaro autorizou que a Folha publicasse suas declara\u00e7\u00f5es, evitando reproduzir os palavr\u00f5es pronunciados por ele. O jornal respeitou o pedido, ao contr\u00e1rio do que o presidente afirma agora.\u201d<\/p>\n","protected":false},"excerpt":{"rendered":"<p>Em entrevista \u00e0 TV Bandeirantes, presidente disse que n\u00e3o d\u00e1 para confiar no jornal.<\/p>\n","protected":false},"author":1,"featured_media":0,"comment_status":"closed","ping_status":"open","sticky":false,"template":"","format":"standard","meta":{"_exactmetrics_skip_tracking":false,"_exactmetrics_sitenote_active":false,"_exactmetrics_sitenote_note":"","_exactmetrics_sitenote_category":0,"jetpack_post_was_ever_published":false,"_jetpack_newsletter_access":"","_jetpack_dont_email_post_to_subs":false,"_jetpack_newsletter_tier_id":0,"_jetpack_memberships_contains_paywalled_content":false,"_jetpack_memberships_contains_paid_content":false,"footnotes":"","jetpack_publicize_message":"","jetpack_publicize_feature_enabled":true,"jetpack_social_post_already_shared":true,"jetpack_social_options":{"image_generator_settings":{"template":"highway","enabled":false},"version":2}},"categories":[1],"tags":[],"class_list":["post-24630","post","type-post","status-publish","format-standard","hentry","category-notas"],"jetpack_publicize_connections":[],"jetpack_sharing_enabled":true,"jetpack_featured_media_url":"","jetpack_shortlink":"https:\/\/wp.me\/p7wKYW-6pg","jetpack-related-posts":[],"_links":{"self":[{"href":"http:\/\/blogdalucianaoliveira.com.br\/blog\/wp-json\/wp\/v2\/posts\/24630","targetHints":{"allow":["GET"]}}],"collection":[{"href":"http:\/\/blogdalucianaoliveira.com.br\/blog\/wp-json\/wp\/v2\/posts"}],"about":[{"href":"http:\/\/blogdalucianaoliveira.com.br\/blog\/wp-json\/wp\/v2\/types\/post"}],"author":[{"embeddable":true,"href":"http:\/\/blogdalucianaoliveira.com.br\/blog\/wp-json\/wp\/v2\/users\/1"}],"replies":[{"embeddable":true,"href":"http:\/\/blogdalucianaoliveira.com.br\/blog\/wp-json\/wp\/v2\/comments?post=24630"}],"version-history":[{"count":1,"href":"http:\/\/blogdalucianaoliveira.com.br\/blog\/wp-json\/wp\/v2\/posts\/24630\/revisions"}],"predecessor-version":[{"id":24632,"href":"http:\/\/blogdalucianaoliveira.com.br\/blog\/wp-json\/wp\/v2\/posts\/24630\/revisions\/24632"}],"wp:attachment":[{"href":"http:\/\/blogdalucianaoliveira.com.br\/blog\/wp-json\/wp\/v2\/media?parent=24630"}],"wp:term":[{"taxonomy":"category","embeddable":true,"href":"http:\/\/blogdalucianaoliveira.com.br\/blog\/wp-json\/wp\/v2\/categories?post=24630"},{"taxonomy":"post_tag","embeddable":true,"href":"http:\/\/blogdalucianaoliveira.com.br\/blog\/wp-json\/wp\/v2\/tags?post=24630"}],"curies":[{"name":"wp","href":"https:\/\/api.w.org\/{rel}","templated":true}]}}