{"id":24633,"date":"2019-11-01T09:05:14","date_gmt":"2019-11-01T13:05:14","guid":{"rendered":"http:\/\/blogdalucianaoliveira.com.br\/blog\/?p=24633"},"modified":"2019-11-01T09:05:14","modified_gmt":"2019-11-01T13:05:14","slug":"novo-ataque","status":"publish","type":"post","link":"http:\/\/blogdalucianaoliveira.com.br\/blog\/2019\/11\/01\/novo-ataque\/","title":{"rendered":"Novo ataque"},"content":{"rendered":"<p><img data-recalc-dims=\"1\" loading=\"lazy\" decoding=\"async\" data-attachment-id=\"24634\" data-permalink=\"http:\/\/blogdalucianaoliveira.com.br\/blog\/2019\/11\/01\/novo-ataque\/6e64d5f5-1f1d-4e16-afd4-e682121d6725\/\" data-orig-file=\"https:\/\/i0.wp.com\/blogdalucianaoliveira.com.br\/blog\/wp-content\/uploads\/2019\/11\/6E64D5F5-1F1D-4E16-AFD4-E682121D6725.jpeg?fit=768%2C512\" data-orig-size=\"768,512\" data-comments-opened=\"0\" data-image-meta=\"{&quot;aperture&quot;:&quot;0&quot;,&quot;credit&quot;:&quot;&quot;,&quot;camera&quot;:&quot;&quot;,&quot;caption&quot;:&quot;&quot;,&quot;created_timestamp&quot;:&quot;0&quot;,&quot;copyright&quot;:&quot;&quot;,&quot;focal_length&quot;:&quot;0&quot;,&quot;iso&quot;:&quot;0&quot;,&quot;shutter_speed&quot;:&quot;0&quot;,&quot;title&quot;:&quot;&quot;,&quot;orientation&quot;:&quot;0&quot;}\" data-image-title=\"6E64D5F5-1F1D-4E16-AFD4-E682121D6725\" data-image-description=\"\" data-image-caption=\"\" data-medium-file=\"https:\/\/i0.wp.com\/blogdalucianaoliveira.com.br\/blog\/wp-content\/uploads\/2019\/11\/6E64D5F5-1F1D-4E16-AFD4-E682121D6725.jpeg?fit=300%2C200\" data-large-file=\"https:\/\/i0.wp.com\/blogdalucianaoliveira.com.br\/blog\/wp-content\/uploads\/2019\/11\/6E64D5F5-1F1D-4E16-AFD4-E682121D6725.jpeg?fit=600%2C400\" src=\"https:\/\/i0.wp.com\/blogdalucianaoliveira.com.br\/blog\/wp-content\/uploads\/2019\/11\/6E64D5F5-1F1D-4E16-AFD4-E682121D6725.jpeg?resize=600%2C400\" alt=\"6E64D5F5-1F1D-4E16-AFD4-E682121D6725\" width=\"600\" height=\"400\" class=\"alignnone size-full wp-image-24634\" srcset=\"https:\/\/i0.wp.com\/blogdalucianaoliveira.com.br\/blog\/wp-content\/uploads\/2019\/11\/6E64D5F5-1F1D-4E16-AFD4-E682121D6725.jpeg?w=768 768w, https:\/\/i0.wp.com\/blogdalucianaoliveira.com.br\/blog\/wp-content\/uploads\/2019\/11\/6E64D5F5-1F1D-4E16-AFD4-E682121D6725.jpeg?resize=300%2C200 300w, https:\/\/i0.wp.com\/blogdalucianaoliveira.com.br\/blog\/wp-content\/uploads\/2019\/11\/6E64D5F5-1F1D-4E16-AFD4-E682121D6725.jpeg?resize=450%2C300 450w\" sizes=\"auto, (max-width: 600px) 100vw, 600px\" \/><\/p>\n<p>Eduardo Bolsonaro deve responder por declara\u00e7\u00f5es antidemocr\u00e1ticas.<!--more--><\/p>\n<p>Editorial Folha <\/p>\n<p>Dois dias ap\u00f3s o pedido de desculpas de Jair Bolsonaro (PSL) por um v\u00eddeo em que, exibido como um le\u00e3o, o presidente era atacado por hienas que representavam o STF, partidos pol\u00edticos e institui\u00e7\u00f5es da sociedade civil, o filho do mandat\u00e1rio, o deputado federal Eduardo Bolsonaro, surgiu com uma nova afronta \u00e0 democracia brasileira.<\/p>\n<p>Desta vez, o chamado 03 prop\u00f4s a reedi\u00e7\u00e3o de algo como o infame Ato Institucional n\u00ba 5, de 1968, marco do per\u00edodo mais duro da ditadura militar, para casos em que a esquerda brasileira \u201cradicalizar\u201d e promover manifesta\u00e7\u00f5es pelo pa\u00eds.<\/p>\n<p>Em entrevista publicada na internet, Eduardo Bolsonaro disse que a medida seria \u201ca resposta\u201d para uma eventual \u2014e que hoje parece delirante\u2014 onda de protestos que amea\u00e7asse o governo de seu pai.<\/p>\n<p>N\u00e3o foi a primeira vez que um membro da fam\u00edlia Bolsonaro, incluindo o pr\u00f3prio presidente, teve rompantes autorit\u00e1rios. Desta vez, por\u00e9m, ao evocar um decreto radical do passado que deixou um saldo de cassa\u00e7\u00f5es e direitos pol\u00edticos suspensos, o deputado provocou in\u00e9dita rea\u00e7\u00e3o no Congresso.<\/p>\n<p>Enquanto o presidente da C\u00e2mara dos Deputados, Rodrigo Maia (DEM-RJ), qualificou as manifesta\u00e7\u00f5es de Eduardo como \u201crepugnantes\u201d, o presidente do Senado, Davi Alcolumbre (DEM-AP), disse que o epis\u00f3dio \u00e9 uma \u201cinadmiss\u00edvel afronta \u00e0 Constitui\u00e7\u00e3o\u201d.<\/p>\n<p>Na mesma hora em que essas lideran\u00e7as reagiam, no entanto, Eduardo voltou \u00e0 carga e insistiu na exalta\u00e7\u00e3o \u00e0 ditadura militar publicando um v\u00eddeo em rede social em que seu pai elogia o coronel Carlos Alberto Brilhante Ustra, um dos s\u00edmbolos da repress\u00e3o.<\/p>\n<p>Eduardo Bolsonaro n\u00e3o \u00e9 s\u00f3 filho do presidente da Rep\u00fablica. Ele \u00e9 deputado federal, l\u00edder do governo na C\u00e2mara e presidente da Comiss\u00e3o de Rela\u00e7\u00f5es Exteriores e de Defesa Nacional \u2014e at\u00e9 uma semana atr\u00e1s almejava ser embaixador do Brasil nos EUA.<\/p>\n<p>Como defendeu ontem Rodrigo Maia, \u00e9 imperioso que o deputado Eduardo seja agora alvo de puni\u00e7\u00e3o por sua \u201capologia reiterada a instrumentos da ditadura\u201d \u2014nas palavras do pr\u00f3prio presidente da C\u00e2mara dos Deputados.<\/p>\n<p>Nesse sentido, foi in\u00fatil tanto a rea\u00e7\u00e3o subsequente do presidente ao dizer que n\u00e3o apoia a fala do filho como o pr\u00f3prio recuo de Eduardo. O deputado deveria ser, mesmo assim, levado ao Conselho de \u00c9tica da C\u00e2mara para responder pelas suas declara\u00e7\u00f5es.<\/p>\n<p>O outro aspecto extraordin\u00e1rio desse lament\u00e1vel epis\u00f3dio \u00e9 como j\u00e1 virou padr\u00e3o no cl\u00e3 Bolsonaro produzir fatos ruidosos como esse a cada vez que investiga\u00e7\u00f5es envolvendo a fam\u00edlia ganham relevo na pol\u00edcia e no notici\u00e1rio. Repetido \u00e0 exaust\u00e3o, o truque barato s\u00f3 chama cada vez mais a aten\u00e7\u00e3o.<\/p>\n","protected":false},"excerpt":{"rendered":"<p>Eduardo Bolsonaro deve responder por declara\u00e7\u00f5es antidemocr\u00e1ticas.<\/p>\n","protected":false},"author":1,"featured_media":0,"comment_status":"closed","ping_status":"open","sticky":false,"template":"","format":"standard","meta":{"_exactmetrics_skip_tracking":false,"_exactmetrics_sitenote_active":false,"_exactmetrics_sitenote_note":"","_exactmetrics_sitenote_category":0,"jetpack_post_was_ever_published":false,"_jetpack_newsletter_access":"","_jetpack_dont_email_post_to_subs":false,"_jetpack_newsletter_tier_id":0,"_jetpack_memberships_contains_paywalled_content":false,"_jetpack_memberships_contains_paid_content":false,"footnotes":"","jetpack_publicize_message":"","jetpack_publicize_feature_enabled":true,"jetpack_social_post_already_shared":true,"jetpack_social_options":{"image_generator_settings":{"template":"highway","enabled":false},"version":2}},"categories":[1],"tags":[],"class_list":["post-24633","post","type-post","status-publish","format-standard","hentry","category-notas"],"jetpack_publicize_connections":[],"jetpack_sharing_enabled":true,"jetpack_featured_media_url":"","jetpack_shortlink":"https:\/\/wp.me\/p7wKYW-6pj","jetpack-related-posts":[],"_links":{"self":[{"href":"http:\/\/blogdalucianaoliveira.com.br\/blog\/wp-json\/wp\/v2\/posts\/24633","targetHints":{"allow":["GET"]}}],"collection":[{"href":"http:\/\/blogdalucianaoliveira.com.br\/blog\/wp-json\/wp\/v2\/posts"}],"about":[{"href":"http:\/\/blogdalucianaoliveira.com.br\/blog\/wp-json\/wp\/v2\/types\/post"}],"author":[{"embeddable":true,"href":"http:\/\/blogdalucianaoliveira.com.br\/blog\/wp-json\/wp\/v2\/users\/1"}],"replies":[{"embeddable":true,"href":"http:\/\/blogdalucianaoliveira.com.br\/blog\/wp-json\/wp\/v2\/comments?post=24633"}],"version-history":[{"count":1,"href":"http:\/\/blogdalucianaoliveira.com.br\/blog\/wp-json\/wp\/v2\/posts\/24633\/revisions"}],"predecessor-version":[{"id":24635,"href":"http:\/\/blogdalucianaoliveira.com.br\/blog\/wp-json\/wp\/v2\/posts\/24633\/revisions\/24635"}],"wp:attachment":[{"href":"http:\/\/blogdalucianaoliveira.com.br\/blog\/wp-json\/wp\/v2\/media?parent=24633"}],"wp:term":[{"taxonomy":"category","embeddable":true,"href":"http:\/\/blogdalucianaoliveira.com.br\/blog\/wp-json\/wp\/v2\/categories?post=24633"},{"taxonomy":"post_tag","embeddable":true,"href":"http:\/\/blogdalucianaoliveira.com.br\/blog\/wp-json\/wp\/v2\/tags?post=24633"}],"curies":[{"name":"wp","href":"https:\/\/api.w.org\/{rel}","templated":true}]}}