{"id":24641,"date":"2019-11-01T10:38:43","date_gmt":"2019-11-01T14:38:43","guid":{"rendered":"http:\/\/blogdalucianaoliveira.com.br\/blog\/?p=24641"},"modified":"2019-11-01T10:38:43","modified_gmt":"2019-11-01T14:38:43","slug":"uma-chance-para-parar-o-monstro","status":"publish","type":"post","link":"http:\/\/blogdalucianaoliveira.com.br\/blog\/2019\/11\/01\/uma-chance-para-parar-o-monstro\/","title":{"rendered":"Uma chance para parar o monstro"},"content":{"rendered":"<p><img data-recalc-dims=\"1\" decoding=\"async\" src=\"https:\/\/i0.wp.com\/www.tijolaco.net\/blog\/wp-content\/uploads\/2019\/11\/rir.jpg?w=600\" \/><\/p>\n<div class=\"post-inner group\">\n<div class=\"entry\">\n<div class=\"entry-inner\">\n<p>Ningu\u00e9m pode achar, a esta altura, que assistimos apenas \u00e0 um espet\u00e1culo dantesco de descontrole pol\u00edtico e emocional do cl\u00e3 Bolsonaro.<\/p>\n<p>Sim, \u00e9, mas est\u00e1 longe de ser somente isso.<!--more--><\/p>\n<p>No Tijola\u00e7o, por Fernando Brito<\/p>\n<p>Bolsonaro est\u00e1 evidentemente provocando um confronto e n\u00e3o se sabe que cartas tem na m\u00e3o para sustentar este jogo.<\/p>\n<p>Conta com a imobilidade dos dois outros poderes da Rep\u00fablica, de um lado pelo sil\u00eancio de Dias Toffoli, de outro pela ambi\u00e7\u00e3o de Rodrigo Maia em se cacifar como aquele que, em meio \u00e0 barafunda, est\u00e1 \u201ctocando\u201d as quest\u00f5es econ\u00f4micas de interesse do empresariado?<\/p>\n<p>Espera que a desmobiliza\u00e7\u00e3o dos movimentos sociais e dos partidos de oposi\u00e7\u00e3o, ausentes das ruas, evitar\u00e1 rea\u00e7\u00f5es?<\/p>\n<p>Avalia que, embora n\u00e3o se disponham a moverem-se como vanguarda a seu favor, as For\u00e7as Armadas n\u00e3o tenham como agir, por falta de uma lideran\u00e7a legalista, contra uma ofensiva de seus alucinados \u201cminions\u201d?<\/p>\n<p>Tudo parece fora de sua era, mas os tempos que vivemos t\u00eam muito mais sinais de que estamos em era diferente daquela em que democracia e humanismo teriam se afirmado como senso comum.<\/p>\n<p>N\u00e3o \u00e9 preciso fechar o Congresso e o Judici\u00e1rio para implantar uma ditadura de fato, basta que se complete o processo, j\u00e1 bem adiantado, de sua submiss\u00e3o \u00e0 barulhenta \u201copini\u00e3o p\u00fablica\u201d de seu ex\u00e9rcito virtual e dos pequenos \u201ccomandos\u201d reais que aparecem por grupos enfurecidos ou nos arroubos filiais.<\/p>\n<p>\u00c9 o famoso \u201cganhar no grito\u201d, com o rugido do velho le\u00e3o. Ou algu\u00e9m pensava que a Rede Globo recuaria com a amea\u00e7a, na \u201c<em>live<\/em>\u00a0furiosa\u201d de cassarem-lhe a concess\u00e3o?<\/p>\n<p>Afinal, o pr\u00f3prio Bolsonaro figurou a situa\u00e7\u00e3o em seu tosco v\u00eddeo: ele vai enfrentar todos e conta com a chegada providencial do refor\u00e7o do \u201cle\u00e3o conservador patriota\u201d. Os militares?<\/p>\n<p>De nada nos valer\u00e1 esperar que o desastre inevit\u00e1vel no campo econ\u00f4mico-social encarregue-se de enfraquecer e imobilizar o governo em sua escalada autorit\u00e1rio. Em sociedades politicamente desorganizadas, com institui\u00e7\u00f5es e imprensa que tudo toleram ou fazem contra o campo popular \u2013 pois n\u00e3o quiseram e fizeram de um tosco primevo o Presidente? \u2013 a crise \u00e9 combust\u00edvel da direita.<\/p>\n<p>Mas n\u00e3o \u00e9 Bolsonaro quem, \u00e0 toda evid\u00eancia, quer o confronto?<\/p>\n<p>Sim, \u00e9, mas se fugirmos dele, conseguir\u00e1 reagrupar e restabelecer seu comando sobre as for\u00e7as auxiliares que est\u00e3o dispersas, confusas e conflitadas.<\/p>\n<p>Dificilmente haver\u00e1 outro momento, como agora, em que as for\u00e7as pol\u00edticas conservadoras estejam t\u00e3o confusas e apatetadas diante do monstro que criaram e achavam que iam transformar em seu d\u00f3cil agente.<\/p>\n<p>Era para ser o bobo da corte, mas virou rei e quer ser o monarca absoluto, para espanto dos bar\u00f5es.<\/p>\n<p>Bolsonaro deixou de ser apenas um arranjo tosco e talvez n\u00e3o haja outra chance de par\u00e1-lo.<\/p>\n<\/div>\n<div class=\"clear\"><\/div>\n<\/div>\n<\/div>\n<p>&nbsp;<\/p>\n","protected":false},"excerpt":{"rendered":"<p>Ningu\u00e9m pode achar, a esta altura, que assistimos apenas \u00e0 um espet\u00e1culo dantesco de descontrole pol\u00edtico e emocional do cl\u00e3 Bolsonaro. Sim, \u00e9, mas est\u00e1 longe de ser somente isso.<\/p>\n","protected":false},"author":1,"featured_media":0,"comment_status":"closed","ping_status":"open","sticky":false,"template":"","format":"standard","meta":{"_exactmetrics_skip_tracking":false,"_exactmetrics_sitenote_active":false,"_exactmetrics_sitenote_note":"","_exactmetrics_sitenote_category":0,"jetpack_post_was_ever_published":false,"_jetpack_newsletter_access":"","_jetpack_dont_email_post_to_subs":false,"_jetpack_newsletter_tier_id":0,"_jetpack_memberships_contains_paywalled_content":false,"_jetpack_memberships_contains_paid_content":false,"footnotes":"","jetpack_publicize_message":"","jetpack_publicize_feature_enabled":true,"jetpack_social_post_already_shared":true,"jetpack_social_options":{"image_generator_settings":{"template":"highway","enabled":false},"version":2}},"categories":[1],"tags":[],"class_list":["post-24641","post","type-post","status-publish","format-standard","hentry","category-notas"],"jetpack_publicize_connections":[],"jetpack_sharing_enabled":true,"jetpack_featured_media_url":"","jetpack_shortlink":"https:\/\/wp.me\/p7wKYW-6pr","jetpack-related-posts":[],"_links":{"self":[{"href":"http:\/\/blogdalucianaoliveira.com.br\/blog\/wp-json\/wp\/v2\/posts\/24641","targetHints":{"allow":["GET"]}}],"collection":[{"href":"http:\/\/blogdalucianaoliveira.com.br\/blog\/wp-json\/wp\/v2\/posts"}],"about":[{"href":"http:\/\/blogdalucianaoliveira.com.br\/blog\/wp-json\/wp\/v2\/types\/post"}],"author":[{"embeddable":true,"href":"http:\/\/blogdalucianaoliveira.com.br\/blog\/wp-json\/wp\/v2\/users\/1"}],"replies":[{"embeddable":true,"href":"http:\/\/blogdalucianaoliveira.com.br\/blog\/wp-json\/wp\/v2\/comments?post=24641"}],"version-history":[{"count":1,"href":"http:\/\/blogdalucianaoliveira.com.br\/blog\/wp-json\/wp\/v2\/posts\/24641\/revisions"}],"predecessor-version":[{"id":24642,"href":"http:\/\/blogdalucianaoliveira.com.br\/blog\/wp-json\/wp\/v2\/posts\/24641\/revisions\/24642"}],"wp:attachment":[{"href":"http:\/\/blogdalucianaoliveira.com.br\/blog\/wp-json\/wp\/v2\/media?parent=24641"}],"wp:term":[{"taxonomy":"category","embeddable":true,"href":"http:\/\/blogdalucianaoliveira.com.br\/blog\/wp-json\/wp\/v2\/categories?post=24641"},{"taxonomy":"post_tag","embeddable":true,"href":"http:\/\/blogdalucianaoliveira.com.br\/blog\/wp-json\/wp\/v2\/tags?post=24641"}],"curies":[{"name":"wp","href":"https:\/\/api.w.org\/{rel}","templated":true}]}}